{"id":995,"date":"2017-08-11T08:44:29","date_gmt":"2017-08-11T06:44:29","guid":{"rendered":"https:\/\/www.fundacionveron.org\/?p=995"},"modified":"2022-04-01T10:28:41","modified_gmt":"2022-04-01T08:28:41","slug":"seguridadyprivacidadredessociales","status":"publish","type":"post","link":"https:\/\/www.fundacionveron.org\/en\/seguridadyprivacidadredessociales\/","title":{"rendered":"\u00abLos amigos de mis amigos son mis amigos\u00bb \u2026 \u00bfDE VERDAD?  Redes Sociales: Seguridad y Privacidad"},"content":{"rendered":"<p style=\"text-align: justify;\"><span style=\"font-weight: 400;\">No cabe duda, el verano es una \u00e9poca propicia para relajarse y de forma natural bajamos la guardia. Mucho se ha escrito sobre la Seguridad y la Responsabilidad de todos los que participamos en Redes Sociales y, a\u00fan plenamente conscientes de que el precio a pagar est\u00e1 directamente relacionado con la privacidad, queda mucho para que realmente tengamos el control de lo que se publica por y sobre nosotros. <\/span><\/p>\n<p style=\"text-align: justify;\"><span style=\"font-weight: 400;\">Estos son los impresionantes n\u00fameros del uso que hacemos de Internet y de las Redes sociales hoy: <\/span><\/p>\n<p style=\"text-align: justify;\"><a href=\"https:\/\/www.fundacionveron.org\/wp-content\/uploads\/2017\/08\/b947cc603be8c244b454c4a2fe45185a.jpg\"><img loading=\"lazy\" decoding=\"async\" class=\"aligncenter size-full wp-image-997\" src=\"https:\/\/www.fundacionveron.org\/wp-content\/uploads\/2017\/08\/b947cc603be8c244b454c4a2fe45185a.jpg\" alt=\"b947cc603be8c244b454c4a2fe45185a\" width=\"564\" height=\"478\" \/><\/a>\n<\/p>\n<p style=\"text-align: justify;\"><span style=\"font-weight: 400;\">Nadie est\u00e1 exclu\u00eddo, incluso aquellos que no est\u00e1n o no son activos en Facebook o Instagram o Linkedin o Pinterest o WhatsApp o en la red que os parezca \u2026 (por cierto, \u00bfconoc\u00e9is a alguien entre 15 y 60 a\u00f1os que no use alguna de ellas?) si se \u201cgooglearan\u201d podr\u00edan llevarse una sorpresa. \u00a0Es verdad que hay muchos, sobre todo entre los nativos digitales, que son conscientes de los peligros, pero que tire la primera piedra el que no haya sido imprudente alguna vez y haya contestado sin pensar \u201cOk, etiqu\u00e9tame, no pasa nada\u201d o \u201cvale, m\u00e9teme en el grupo\u201d, sin saber realmente d\u00f3nde, c\u00f3mo, para qu\u00e9, qui\u00e9n va a usar la informaci\u00f3n y, sobre todo, si la va a rebotar, en qu\u00e9 contexto lo har\u00e1.<\/span><\/p>\n<p style=\"text-align: justify;\"><span style=\"font-weight: 400;\">En condiciones normales ellos nunca subir\u00edan informaci\u00f3n que les comprometiera, una fotograf\u00eda \u201ccorrosiva\u201d, o publicar\u00edan datos que puedan da\u00f1ar su marca personal, pero\u2026 \u00bfy su c\u00edrculo m\u00e1s cercano? \u00bfy el c\u00edrculo de su c\u00edrculo? Todos estamos conectados. Una\u00a0<\/span>fotograf\u00eda inocente, sacada de contexto, con un comentario malicioso, puede crearte un l\u00edo.<\/p>\n<p style=\"text-align: justify;\"><span style=\"font-weight: 400;\">No hablamos de la las compras por Internet, que hubo un tiempo en que la gente pensaba que los hackers se iban a comprar una mansi\u00f3n con el dinero que no ten\u00edamos, sino del bombardeo de viajes o conciertos alternativos despu\u00e9s de que hayas hecho una inocente b\u00fasqueda para hacer un regalo o darte un capricho o pura curiosidad, al final llegas a sentirte realmente espiado. Y, en realidad, lo estamos, por eso, la prudencia sigue siendo una m\u00e1xima para la vida \u201ccallejera\u201d o la de \u201cla nube\u201d <\/span><\/p>\n<p style=\"text-align: justify;\"><a href=\"https:\/\/www.fundacionveron.org\/wp-content\/uploads\/2017\/08\/Consejos-de-seguridad-internet3mini.png\"><img loading=\"lazy\" decoding=\"async\" class=\"aligncenter size-full wp-image-998\" src=\"https:\/\/www.fundacionveron.org\/wp-content\/uploads\/2017\/08\/Consejos-de-seguridad-internet3mini.png\" alt=\"Consejos-de-seguridad-internet3mini\" width=\"350\" height=\"261\" \/><\/a>\n<\/p>\n<p style=\"text-align: justify;\"><span style=\"font-weight: 400;\">As\u00ed que, no te descubrimos la rueda, pero recuerda:<\/span><\/p>\n<ul style=\"text-align: justify;\">\n<li style=\"font-weight: 400;\"><span style=\"font-weight: 400;\">No aceptes solicitudes de amistad de desconocidos.<\/span><\/li>\n<\/ul>\n<p style=\"text-align: justify;\"><span style=\"font-weight: 400;\">\u00a0 \u00a0 \u00a0 \u00a0 \u00a0 \u00a1Ojo! Comparte informaci\u00f3n s\u00f3lo con aquellas personas que conoces lo suficiente.<\/span><\/p>\n<p style=\"text-align: justify;\"><span style=\"font-weight: 400;\">\u00a0 \u00a0 \u00a0 \u00a0 \u00a0 Se tiende a seguir a quien te sigue y a aceptar solicitudes de contactos de amigos de los que no se sabe nada.<\/span><\/p>\n<ul style=\"text-align: justify;\">\n<li style=\"font-weight: 400;\"><span style=\"font-weight: 400;\">Se precavido cuando utilices un ordenador compartido, en bibliotecas, academias, hoteles\u2026 <\/span>\n<ul>\n<li style=\"font-weight: 400;\"><span style=\"font-weight: 400;\">Cierra la sesi\u00f3n cuando termines de usarlo <\/span><\/li>\n<li style=\"font-weight: 400;\"><span style=\"font-weight: 400;\">No permitas que el navegador recuerde las contrase\u00f1as<\/span><\/li>\n<li style=\"font-weight: 400;\"><span style=\"font-weight: 400;\">Limita la informaci\u00f3n<\/span><\/li>\n<\/ul>\n<\/li>\n<li style=\"font-weight: 400;\"><span style=\"font-weight: 400;\">Configura correctamente tu privacidad <\/span><\/li>\n<li style=\"font-weight: 400;\"><span style=\"font-weight: 400;\">Si el contenido es privado, pi\u00e9nsatelo antes de publicarlo. <\/span><\/li>\n<\/ul>\n<p style=\"text-align: justify;\"><span style=\"font-weight: 400;\">Por mucho que lo publiques en grupos cerrados, que se lo env\u00edes a amigos de confianza, etc. acabas de perder el control del contenido. La \u00fanica manera de asegurarte de no perjudicarte a ti mismo o a terceras personas, es no publicarlo.<\/span><\/p>\n<ul>\n<li style=\"font-weight: 400; text-align: justify;\"><span style=\"font-weight: 400;\">Por supuesto, no expongas informaci\u00f3n (datos, fotos, etc\u2026) de otros sin su autorizaci\u00f3n<\/span><\/li>\n<li style=\"font-weight: 400; text-align: justify;\"><span style=\"font-weight: 400;\">Cuidado con la localizaci\u00f3n. No siempre eres t\u00fa quien revela esta informaci\u00f3n. Muchas p\u00e1ginas web incluyen autom\u00e1ticamente tu ubicaci\u00f3n en las fotos que subes o en los mensajes que publicas.<\/span><\/li>\n<\/ul>\n<p>&nbsp;\t\t<\/p>","protected":false},"excerpt":{"rendered":"<p>No cabe duda, el verano es una \u00e9poca propicia para relajarse y de forma natural&#8230;<\/p>","protected":false},"author":7,"featured_media":996,"comment_status":"closed","ping_status":"open","sticky":false,"template":"","format":"standard","meta":{"_monsterinsights_skip_tracking":false,"_monsterinsights_sitenote_active":false,"_monsterinsights_sitenote_note":"","_monsterinsights_sitenote_category":0,"_price":"","_stock":"","_tribe_ticket_header":"","_tribe_default_ticket_provider":"","_ticket_start_date":"","_ticket_end_date":"","_tribe_ticket_show_description":"","_tribe_ticket_show_not_going":false,"_tribe_ticket_use_global_stock":"","_tribe_ticket_global_stock_level":"","_global_stock_mode":"","_global_stock_cap":"","_tribe_rsvp_for_event":"","_tribe_ticket_going_count":"","_tribe_ticket_not_going_count":"","_tribe_tickets_list":"[]","_tribe_ticket_has_attendee_info_fields":false,"footnotes":""},"categories":[6],"tags":[47,35,44,45,43,20,46],"class_list":["post-995","post","type-post","status-publish","format-standard","has-post-thumbnail","hentry","category-educacion-juventud-e-innovacion","tag-amigos","tag-innovacion-educativa","tag-privacidad","tag-redes-sociales","tag-seguridad","tag-tecnologia","tag-verano"],"wpcf_dashboard":"<div class=\"woocommerce\"><div class=\"woocommerce-info\">Please log in first? <a class=\"wpneoShowLogin\" href=\"#\">Click here to login<\/a><\/div><div class=\"wpneo_login_form_div\" style=\"display: none;\"><form name=\"loginform\" id=\"loginform\" action=\"https:\/\/www.fundacionveron.org\/en\/gestion\/\" method=\"post\"><p class=\"login-username\">\n\t\t\t\t<label for=\"user_login\">Username or Email Address<\/label>\n\t\t\t\t<input type=\"text\" name=\"log\" id=\"user_login\" autocomplete=\"username\" class=\"input\" value=\"\" size=\"20\" \/>\n\t\t\t<\/p><p class=\"login-password\">\n\t\t\t\t<label for=\"user_pass\">Password<\/label>\n\t\t\t\t<input type=\"password\" name=\"pwd\" id=\"user_pass\" autocomplete=\"current-password\" spellcheck=\"false\" class=\"input\" value=\"\" size=\"20\" \/>\n\t\t\t<\/p><p class=\"login-remember\"><label><input name=\"rememberme\" type=\"checkbox\" id=\"rememberme\" value=\"forever\" \/> Remember Me<\/label><\/p><p class=\"login-submit\">\n\t\t\t\t<input type=\"submit\" name=\"wp-submit\" id=\"wp-submit\" class=\"button button-primary\" value=\"Log In\" \/>\n\t\t\t\t<input type=\"hidden\" name=\"redirect_to\" value=\"https:\/\/www.fundacionveron.org\/en\/wp-json\/wp\/v2\/posts\/995\" \/>\n\t\t\t<\/p><\/form><\/div><\/div>","_links":{"self":[{"href":"https:\/\/www.fundacionveron.org\/en\/wp-json\/wp\/v2\/posts\/995","targetHints":{"allow":["GET"]}}],"collection":[{"href":"https:\/\/www.fundacionveron.org\/en\/wp-json\/wp\/v2\/posts"}],"about":[{"href":"https:\/\/www.fundacionveron.org\/en\/wp-json\/wp\/v2\/types\/post"}],"author":[{"embeddable":true,"href":"https:\/\/www.fundacionveron.org\/en\/wp-json\/wp\/v2\/users\/7"}],"replies":[{"embeddable":true,"href":"https:\/\/www.fundacionveron.org\/en\/wp-json\/wp\/v2\/comments?post=995"}],"version-history":[{"count":0,"href":"https:\/\/www.fundacionveron.org\/en\/wp-json\/wp\/v2\/posts\/995\/revisions"}],"wp:featuredmedia":[{"embeddable":true,"href":"https:\/\/www.fundacionveron.org\/en\/wp-json\/"}],"wp:attachment":[{"href":"https:\/\/www.fundacionveron.org\/en\/wp-json\/wp\/v2\/media?parent=995"}],"wp:term":[{"taxonomy":"category","embeddable":true,"href":"https:\/\/www.fundacionveron.org\/en\/wp-json\/wp\/v2\/categories?post=995"},{"taxonomy":"post_tag","embeddable":true,"href":"https:\/\/www.fundacionveron.org\/en\/wp-json\/wp\/v2\/tags?post=995"}],"curies":[{"name":"wp","href":"https:\/\/api.w.org\/{rel}","templated":true}]}}