{"id":989,"date":"2015-11-16T08:49:42","date_gmt":"2015-11-16T06:49:42","guid":{"rendered":"http:\/\/www.escueladelvidrio.org\/?p=989"},"modified":"2023-01-20T11:44:38","modified_gmt":"2023-01-20T09:44:38","slug":"vamos-a-necesitar-que-vayas-a-honduras-concha-juarez-nos-cuenta-su-experiencia-con-escuela-del-vidrio","status":"publish","type":"post","link":"https:\/\/www.fundacionveron.org\/en\/vamos-a-necesitar-que-vayas-a-honduras-concha-juarez-nos-cuenta-su-experiencia-con-escuela-del-vidrio\/","title":{"rendered":"VAMOS A NECESITAR QUE VAYAS A HONDURAS &#8211; Concha Ju\u00e1rez nos cuenta su experiencia en Escuela del Vidrio"},"content":{"rendered":"<p style=\"text-align: justify;\">\u201cVamos a necesitar que vayas a Honduras\u201d me indic\u00f3 la directora de la Fundaci\u00f3n Centro Nacional del Vidrio en octubre del 2009, \u201c\u00bfy eso?\u201d, respond\u00ed yo sorprendida mientras mentalmente<a href=\"http:\/\/www.escueladelvidrio.org\/wp-content\/uploads\/2015\/03\/10353578_1607281386157722_3154002342322171849_n.jpg\"><img loading=\"lazy\" decoding=\"async\" class=\"size-medium wp-image-459 alignright\" src=\"http:\/\/www.escueladelvidrio.org\/wp-content\/uploads\/2015\/03\/10353578_1607281386157722_3154002342322171849_n-300x200.jpg\" alt=\"10353578_1607281386157722_3154002342322171849_n\" width=\"300\" height=\"200\" \/><\/a> empezaba a intentar resolver el puzzle geogr\u00e1fico de Belize, Guatemala, Honduras, El Salvador y Nicaragua\u2026 \u201cPara colaborar en un proyecto de Escuela del Vidrio en el que se nos ha solicitado apoyo\u201d indic\u00f3 la directora, \u201c\u00bfY en qu\u00e9 zona est\u00e1?\u201d pregunt\u00e9 toda intrigada pues no conoc\u00eda absolutamente nada del pa\u00eds, \u201cEn El Progreso, cerca de San Pedro Sula\u201d me indic\u00f3.<\/p>\n<p style=\"text-align: justify;\">Mi nombre es M\u00aa Concepci\u00f3n Ju\u00e1rez Valero, Concha como me llaman los alumnos, y as\u00ed comenz\u00f3 mi colaboraci\u00f3n con La Escuela del Vidrio de Honduras, Proyecto Social por la Educaci\u00f3n de\u00a0J\u00f3venes de Escasos Recursos ubicado en El Porvenir del Norte, m\u00e1s conocido por Camalote, en El Progreso en el departamento de Yoro en Honduras.<\/p>\n<p style=\"text-align: justify;\">El primer viaje a Honduras, como todos, lo realic\u00e9 en la red. Mis ojos inexpertos sumaban datos, a toda velocidad, de las noticias destacadas que iba encontrando\u2026 problemas pol\u00edticos, delincuencia, narcotr\u00e1fico, cr\u00edmenes, m\u00e1s cr\u00edmenes, maras, falta de recursos, desigualdad social, \u00edndices de pobreza, abandono escolar\u2026 cultura maya y Cop\u00e1n Ruinas. Vaya mezcla, incre\u00edble pens\u00e9, qui\u00e9n en su sano juicio puede decidir ir a Honduras seg\u00fan est\u00e1 en estos d\u00edas, pero claro, si no tuviera esta situaci\u00f3n no necesitar\u00eda apoyo.<\/p>\n<p style=\"text-align: justify;\">En noviembre de 2009, despu\u00e9s de las pertinentes reuniones con la fundaci\u00f3n promotora del proyecto, la Fundaci\u00f3n <em>Nacar<\/em>, en la Fundaci\u00f3n Centro Nacional del Vidrio de La Granja, me aventur\u00e9 como docente a viajar a Honduras. Despu\u00e9s de innumerables horas de viaje, con escala en Miami, sent\u00ed ese inconfundible olor a ca\u00f1a de az\u00facar quemada y humedad que te da la bienvenida, junto al golpe de calor, nada m\u00e1s poner un pie en el aeropuerto internacional de San Pedro Sula. Bueno, en realidad, ahora en el a\u00f1o 2015 puedo distinguir los olores y pensar, sin que nadie se ofenda, que ya estoy en mi segunda casa, porque al principio ese olor te sorprende y el calor te tumba pero no distingues nada de nada.<\/p>\n<p style=\"text-align: justify;\"><a href=\"http:\/\/www.escueladelvidrio.org\/wp-content\/uploads\/2015\/11\/verde-honduras.jpg\"><img loading=\"lazy\" decoding=\"async\" class=\"size-medium wp-image-990 alignleft\" src=\"http:\/\/www.escueladelvidrio.org\/wp-content\/uploads\/2015\/11\/verde-honduras-300x300.jpg\" alt=\"verde honduras\" width=\"300\" height=\"300\" \/><\/a>En el primer viaje comenz\u00f3 mi aprendizaje de la cultura hondure\u00f1a conociendo a los protagonistas de todo el alumnado de la Escuela del Vidrio y sus comunidades, Arena Blanca y Buenos Aires, en donde inicialmente arranc\u00f3 el proyecto. Mencionar que seg\u00fan me desplazaba de una aldea a otra s\u00f3lo ve\u00eda una exuberante naturaleza, todo verde, pero verde, verde\u2026 hasta el punto de que los ojos desenfocan, paran y vuelven a enfocar para poder distinguir. Pero qu\u00e9 parajes m\u00e1s incre\u00edbles encontr\u00e9 y qu\u00e9 buena gente, y qu\u00e9 alumnos tan j\u00f3venes con qu\u00e9 experiencias tan duras de vida pero con cu\u00e1ntas ganas de aprender y aprovechar la oportunidad brindada. Simplemente ocurri\u00f3, en cuanto se sum\u00f3 educaci\u00f3n y alumnado dispuesto a aprender con una fundaci\u00f3n que apoya incondicionalmente a la Escuela-desde el primer d\u00eda en el que Rafael Fern\u00e1ndez- Maquieira so\u00f1\u00f3 con la posibilidad de esta y tuvo la certeza de ir uniendo a su idea inicial el gran equipo de organizaciones y fundaciones que, a\u00f1o tras a\u00f1o, se han ido involucrando en el proyecto- ocurri\u00f3 que la Escuela del Vidrio pas\u00f3 de ser un sue\u00f1o a una realidad ubicada en Camalote.<\/p>\n<p style=\"text-align: justify;\">En cuanto a mi experiencia laboral y personal en Honduras me gustar\u00eda mencionar que en el plano laboral comenc\u00e9 colaborando como docente y con el paso del tiempo se me confi\u00f3 la labor de ser el responsable Acad\u00e9mico de la Fundaci\u00f3n Centro Nacional del Vidrio en la Escuela del Vidrio de Honduras, labor que me facilit\u00f3 y me facilita un continuo aprendizaje con especialistas en educaci\u00f3n y en diferentes disciplinas que me ha llevado a dirigir mi doctorado a trav\u00e9s de un Master Euro-Latinoamericano en Educaci\u00f3n Intercultural. En cuanto al plano personal, en el transcurso de todos estos a\u00f1os durante el desempe\u00f1o de mi trabajo en terreno, apoyada por las diferentes direcciones de la FCNV, destacar que mi concepci\u00f3n del mundo se ha ampliado, he logrado librarme de esa visi\u00f3n euroc\u00e9ntrica con la que venimos de f\u00e1brica y he aprendido a observar para comprender sin juzgar. Cierto es que he tenido momentos duros en los que me he enfrentado a la tan nombrada deshumanizaci\u00f3n que afecta al mundo actual, pero sin caer en dramatismos. Tambi\u00e9n he aprendido a que s\u00f3lo se puede luchar contra ella con doble dosis de humanidad y sumando tu esfuerzo personal al de muchos otros, para educar con el fin de abrir mentes para que todo el alumnado que se beneficia de los proyectos educativos tomen el relevo, con libertad, revirtiendo el conocimiento adquirido en las comunidades que habitan.<\/p>\n<p style=\"text-align: justify;\">Dif\u00edcil transcribir, como pod\u00e9is intuir, todo el cruce de emociones que supuso en junio de 2015 asistir a la inauguraci\u00f3n de las nuevas instalaciones de la Escuela del Vidrio en Camalote y hacer entrega de los primeros certificados, avalados por la Fundaci\u00f3n Centro Nacional del Vidrio, a los alumnos egresados de la primera promoci\u00f3n de los Estudios T\u00e9cnicos del Vidrio. Todos los colaboradores corr\u00edamos de un lugar a otro para atender visitas, familiares y eventos programados\u2026 con esa grata sensaci\u00f3n de estar aportando y apoyando a una gran labor. Dicho esto, os invito a que dej\u00e9is de intuir y que os aventur\u00e9is a colaborar, de las mil formas que se os puede ofrecer, porque este gran proyecto necesita alcanzar la viabilidad de hacerse sostenible, dirigido por los grandes especialistas locales con los que colaboramos en Honduras. Me ten\u00e9is a vuestra disposici\u00f3n para hablaros de mi experiencia en terreno y ver\u00e9is que siempre empiezo del mismo modo a hablar de Honduras, es verde, exuberantemente verde.<\/p>\n<p>&nbsp;<\/p>\n<p style=\"text-align: right;\">Concha Ju\u00e1rez<\/p>\n<p style=\"text-align: right;\">Fundaci\u00f3n Centro Nacional del Vidrio<\/p>","protected":false},"excerpt":{"rendered":"<p>\u201cVamos a necesitar que vayas a Honduras\u201d me indic\u00f3 la directora de la Fundaci\u00f3n Centro&#8230;<\/p>","protected":false},"author":8,"featured_media":990,"comment_status":"open","ping_status":"open","sticky":false,"template":"","format":"standard","meta":{"_monsterinsights_skip_tracking":false,"_monsterinsights_sitenote_active":false,"_monsterinsights_sitenote_note":"","_monsterinsights_sitenote_category":0,"_price":"","_stock":"","_tribe_ticket_header":"","_tribe_default_ticket_provider":"","_ticket_start_date":"","_ticket_end_date":"","_tribe_ticket_show_description":"","_tribe_ticket_show_not_going":false,"_tribe_ticket_use_global_stock":"","_tribe_ticket_global_stock_level":"","_global_stock_mode":"","_global_stock_cap":"","_tribe_rsvp_for_event":"","_tribe_ticket_going_count":"","_tribe_ticket_not_going_count":"","_tribe_tickets_list":"[]","_tribe_ticket_has_attendee_info_fields":false,"footnotes":""},"categories":[421],"tags":[],"class_list":["post-989","post","type-post","status-publish","format-standard","has-post-thumbnail","hentry","category-escuela-de-vidrio"],"wpcf_dashboard":"<div class=\"woocommerce\"><div class=\"woocommerce-info\">Please log in first? <a class=\"wpneoShowLogin\" href=\"#\">Click here to login<\/a><\/div><div class=\"wpneo_login_form_div\" style=\"display: none;\"><form name=\"loginform\" id=\"loginform\" action=\"https:\/\/www.fundacionveron.org\/en\/gestion\/\" method=\"post\"><p class=\"login-username\">\n\t\t\t\t<label for=\"user_login\">Username or Email Address<\/label>\n\t\t\t\t<input type=\"text\" name=\"log\" id=\"user_login\" autocomplete=\"username\" class=\"input\" value=\"\" size=\"20\" \/>\n\t\t\t<\/p><p class=\"login-password\">\n\t\t\t\t<label for=\"user_pass\">Password<\/label>\n\t\t\t\t<input type=\"password\" name=\"pwd\" id=\"user_pass\" autocomplete=\"current-password\" spellcheck=\"false\" class=\"input\" value=\"\" size=\"20\" \/>\n\t\t\t<\/p><p class=\"login-remember\"><label><input name=\"rememberme\" type=\"checkbox\" id=\"rememberme\" value=\"forever\" \/> Remember Me<\/label><\/p><p class=\"login-submit\">\n\t\t\t\t<input type=\"submit\" name=\"wp-submit\" id=\"wp-submit\" class=\"button button-primary\" value=\"Log In\" \/>\n\t\t\t\t<input type=\"hidden\" name=\"redirect_to\" value=\"https:\/\/www.fundacionveron.org\/en\/wp-json\/wp\/v2\/posts\/989\" \/>\n\t\t\t<\/p><\/form><\/div><\/div>","_links":{"self":[{"href":"https:\/\/www.fundacionveron.org\/en\/wp-json\/wp\/v2\/posts\/989","targetHints":{"allow":["GET"]}}],"collection":[{"href":"https:\/\/www.fundacionveron.org\/en\/wp-json\/wp\/v2\/posts"}],"about":[{"href":"https:\/\/www.fundacionveron.org\/en\/wp-json\/wp\/v2\/types\/post"}],"author":[{"embeddable":true,"href":"https:\/\/www.fundacionveron.org\/en\/wp-json\/wp\/v2\/users\/8"}],"replies":[{"embeddable":true,"href":"https:\/\/www.fundacionveron.org\/en\/wp-json\/wp\/v2\/comments?post=989"}],"version-history":[{"count":0,"href":"https:\/\/www.fundacionveron.org\/en\/wp-json\/wp\/v2\/posts\/989\/revisions"}],"wp:featuredmedia":[{"embeddable":true,"href":"https:\/\/www.fundacionveron.org\/en\/wp-json\/"}],"wp:attachment":[{"href":"https:\/\/www.fundacionveron.org\/en\/wp-json\/wp\/v2\/media?parent=989"}],"wp:term":[{"taxonomy":"category","embeddable":true,"href":"https:\/\/www.fundacionveron.org\/en\/wp-json\/wp\/v2\/categories?post=989"},{"taxonomy":"post_tag","embeddable":true,"href":"https:\/\/www.fundacionveron.org\/en\/wp-json\/wp\/v2\/tags?post=989"}],"curies":[{"name":"wp","href":"https:\/\/api.w.org\/{rel}","templated":true}]}}