{"id":976,"date":"2017-06-26T07:53:42","date_gmt":"2017-06-26T05:53:42","guid":{"rendered":"https:\/\/www.fundacionveron.org\/?p=976"},"modified":"2022-04-01T10:40:49","modified_gmt":"2022-04-01T08:40:49","slug":"haciendolasmaletas2017","status":"publish","type":"post","link":"https:\/\/www.fundacionveron.org\/en\/haciendolasmaletas2017\/","title":{"rendered":"La Fundaci\u00f3n Ver\u00f3n est\u00e1 haciendo las maletas"},"content":{"rendered":"<p style=\"text-align: justify;\"><span style=\"font-weight: 400;\">La Fundaci\u00f3n Ver\u00f3n ha preparado un intenso programa de actividades para el mes que viene en Honduras. All\u00ed estar\u00e1 Marta Ruiz, que gestiona Ver\u00f3n desde su creaci\u00f3n, para dar un curso sobre <\/span><b>Redes Sociales<\/b><span style=\"font-weight: 400;\">, entre otras cosas. Para que todos tengan acceso a una formaci\u00f3n de vanguardia, conozcan c\u00f3mo nos comunicamos hoy y sepan identificar cada red, cada elemento. El Marketing on-line es, adem\u00e1s, fundamental para darse a conocer, pero no vale de cualquier manera, no, hay que saber hacerlo, hay que saber gestionarlo y hay que determinar qu\u00e9 mensaje se quiere transmitir, a qui\u00e9n, c\u00f3mo, qu\u00e9 objetivos se quieren alcanzar. Por supuesto, no se puede empezar la casa por el tejado, as\u00ed que, Marta les ayudar\u00e1 a identificar la terminolog\u00eda, para que nadie se sienta perdido y, tambi\u00e9n, la responsabilidad que conlleva ser p\u00fablico, porque muchas veces no se tiene consciencia de ello, as\u00ed provocar\u00e1 una reflexi\u00f3n entre ellos. La inmediatez y la universalidad de lo que se publica ya sea entre amigos o empresarialmente, tiene sus consecuencias. Interesante, \u00bfverdad?<\/span><\/p>\n<p style=\"text-align: justify;\"><a href=\"https:\/\/www.fundacionveron.org\/wp-content\/uploads\/2017\/06\/Redes-sociales.jpg\"><img loading=\"lazy\" decoding=\"async\" class=\"aligncenter size-full wp-image-969\" src=\"https:\/\/www.fundacionveron.org\/wp-content\/uploads\/2017\/06\/Redes-sociales.jpg\" alt=\"Redes sociales\" width=\"763\" height=\"340\" \/><\/a><\/p>\n<p style=\"text-align: justify;\"><span style=\"font-weight: 400;\">Adem\u00e1s, Marta estar\u00e1 presente en el Congreso \u201cEducar en Contexto de Violencia\u201d que tendr\u00e1 lugar en Tegucigalpa los pr\u00f3ximos 12 y 13 de julio, para buscar soluciones entre todos que reduzcan el alto \u00edndice de violencia que vive el pa\u00eds. <\/span><\/p>\n<p style=\"text-align: justify;\"><span style=\"font-weight: 400;\">Pero eso no es todo, a su formaci\u00f3n se unir\u00e1 la de <\/span><b>Julio y Germ\u00e1n<\/b><span style=\"font-weight: 400;\">, dos magos profesionales que ya conocen algunos de los alumnos de la escuela, y que con un m\u00e9todo peculiar les ayudar\u00e1n a ganar confianza en s\u00ed mismos, a presentarse, a sacar a la luz toda su potencialidad, que es mucha y, ya que estamos, a brindarles alg\u00fan que otro rato sorprendente y divertido. Han organizado un Show de Magia Solidario, en el Teatro La Fragua de El Progreso, para el pr\u00f3ximo 25 de julio, el horario ser\u00e1 de 19:00 a 20:00 y los alumnos tambi\u00e9n participar\u00e1n. Se lo van a pasar genial.<\/span><\/p>\n<p style=\"text-align: justify;\"><a href=\"https:\/\/www.fundacionveron.org\/wp-content\/uploads\/2017\/06\/Magos-Honduras.png\"><img loading=\"lazy\" decoding=\"async\" class=\"aligncenter size-full wp-image-980\" src=\"https:\/\/www.fundacionveron.org\/wp-content\/uploads\/2017\/06\/Magos-Honduras.png\" alt=\"Magos Honduras\" width=\"960\" height=\"638\" \/><\/a><\/p>\n<p style=\"text-align: justify;\"><span style=\"font-weight: 400;\">Al mismo tiempo que todo esto se desarrolla, se sentar\u00e1n las bases para ganar competitividad en lo que a La Escuela del Vidrio en Honduras se refiere, tanto en la parte t\u00e9cnica de esta especialidad como en lo que se refiere a hosteler\u00eda y turismo, trabajando, por ejemplo, en un nuevo dise\u00f1o curricular que separe las dos competencias y que tiene como principal objetivo la empleabilidad casi inmediata de los alumnos de estas disciplinas. Mejor, si logramos que sean reclamados incluso antes de acabar sus estudios. Un futuro en el que puedan confiar, que les motive, es el mejor reto que se puede plantear y, darles las herramientas para ello, es nuestro objetivo. Durante el invierno hemos mejorado instalaciones, profesionaliz\u00e1ndolas, hemos aumentado sus medios con nuevo menaje, pero lo m\u00e1s necesario, son ellos, su ilusi\u00f3n, sus ganas, y lo m\u00e1s importante, la posibilidad de reescribir su destino.<\/span><\/p>\n<p style=\"text-align: justify;\"><a href=\"https:\/\/www.fundacionveron.org\/wp-content\/uploads\/2017\/06\/Escuela-del-Vidrio-cocina.jpg\"><img loading=\"lazy\" decoding=\"async\" class=\"aligncenter size-full wp-image-967\" src=\"https:\/\/www.fundacionveron.org\/wp-content\/uploads\/2017\/06\/Escuela-del-Vidrio-cocina.jpg\" alt=\"Escuela del Vidrio cocina\" width=\"960\" height=\"720\" \/><\/a><\/p>\n<p style=\"text-align: justify;\"><span style=\"font-weight: 400;\">Hay mucho trabajo que hacer, hay mucho en juego, y muchos: alumnos, profesores, voluntarios, amigos, colaboradores\u2026 dando lo mejor de s\u00ed mismos para que se cumplan los objetivos.<\/span><\/p>\n<p style=\"text-align: justify;\"><span style=\"font-weight: 400;\">De todo os mantendremos al corriente porque sabemos que cu\u00e1nto m\u00e1s sep\u00e1is de ellos, m\u00e1s os enamorar\u00e9is de este proyecto. <\/span><\/p>\n<p style=\"text-align: justify;\"><span style=\"font-weight: 400;\">Saludos casi DESDE HONDURAS!!<\/span><\/p>","protected":false},"excerpt":{"rendered":"<p>La Fundaci\u00f3n Ver\u00f3n ha preparado un intenso programa de actividades para el mes que viene&#8230;<\/p>","protected":false},"author":7,"featured_media":977,"comment_status":"closed","ping_status":"open","sticky":false,"template":"","format":"standard","meta":{"_monsterinsights_skip_tracking":false,"_monsterinsights_sitenote_active":false,"_monsterinsights_sitenote_note":"","_monsterinsights_sitenote_category":0,"_price":"","_stock":"","_tribe_ticket_header":"","_tribe_default_ticket_provider":"","_ticket_start_date":"","_ticket_end_date":"","_tribe_ticket_show_description":"","_tribe_ticket_show_not_going":false,"_tribe_ticket_use_global_stock":"","_tribe_ticket_global_stock_level":"","_global_stock_mode":"","_global_stock_cap":"","_tribe_rsvp_for_event":"","_tribe_ticket_going_count":"","_tribe_ticket_not_going_count":"","_tribe_tickets_list":"[]","_tribe_ticket_has_attendee_info_fields":false,"footnotes":""},"categories":[5],"tags":[31,25,117],"class_list":["post-976","post","type-post","status-publish","format-standard","has-post-thumbnail","hentry","category-fundacion-veron-en-honduras","tag-cooperacion-internacional","tag-honduras","tag-trabajo-en-terreno"],"wpcf_dashboard":"<div class=\"woocommerce\"><div class=\"woocommerce-info\">Please log in first? <a class=\"wpneoShowLogin\" href=\"#\">Click here to login<\/a><\/div><div class=\"wpneo_login_form_div\" style=\"display: none;\"><form name=\"loginform\" id=\"loginform\" action=\"https:\/\/www.fundacionveron.org\/en\/gestion\/\" method=\"post\"><p class=\"login-username\">\n\t\t\t\t<label for=\"user_login\">Username or Email Address<\/label>\n\t\t\t\t<input type=\"text\" name=\"log\" id=\"user_login\" autocomplete=\"username\" class=\"input\" value=\"\" size=\"20\" \/>\n\t\t\t<\/p><p class=\"login-password\">\n\t\t\t\t<label for=\"user_pass\">Password<\/label>\n\t\t\t\t<input type=\"password\" name=\"pwd\" id=\"user_pass\" autocomplete=\"current-password\" spellcheck=\"false\" class=\"input\" value=\"\" size=\"20\" \/>\n\t\t\t<\/p><p class=\"login-remember\"><label><input name=\"rememberme\" type=\"checkbox\" id=\"rememberme\" value=\"forever\" \/> Remember Me<\/label><\/p><p class=\"login-submit\">\n\t\t\t\t<input type=\"submit\" name=\"wp-submit\" id=\"wp-submit\" class=\"button button-primary\" value=\"Log In\" \/>\n\t\t\t\t<input type=\"hidden\" name=\"redirect_to\" value=\"https:\/\/www.fundacionveron.org\/en\/wp-json\/wp\/v2\/posts\/976\" \/>\n\t\t\t<\/p><\/form><\/div><\/div>","_links":{"self":[{"href":"https:\/\/www.fundacionveron.org\/en\/wp-json\/wp\/v2\/posts\/976","targetHints":{"allow":["GET"]}}],"collection":[{"href":"https:\/\/www.fundacionveron.org\/en\/wp-json\/wp\/v2\/posts"}],"about":[{"href":"https:\/\/www.fundacionveron.org\/en\/wp-json\/wp\/v2\/types\/post"}],"author":[{"embeddable":true,"href":"https:\/\/www.fundacionveron.org\/en\/wp-json\/wp\/v2\/users\/7"}],"replies":[{"embeddable":true,"href":"https:\/\/www.fundacionveron.org\/en\/wp-json\/wp\/v2\/comments?post=976"}],"version-history":[{"count":0,"href":"https:\/\/www.fundacionveron.org\/en\/wp-json\/wp\/v2\/posts\/976\/revisions"}],"wp:featuredmedia":[{"embeddable":true,"href":"https:\/\/www.fundacionveron.org\/en\/wp-json\/"}],"wp:attachment":[{"href":"https:\/\/www.fundacionveron.org\/en\/wp-json\/wp\/v2\/media?parent=976"}],"wp:term":[{"taxonomy":"category","embeddable":true,"href":"https:\/\/www.fundacionveron.org\/en\/wp-json\/wp\/v2\/categories?post=976"},{"taxonomy":"post_tag","embeddable":true,"href":"https:\/\/www.fundacionveron.org\/en\/wp-json\/wp\/v2\/tags?post=976"}],"curies":[{"name":"wp","href":"https:\/\/api.w.org\/{rel}","templated":true}]}}