{"id":938,"date":"2015-10-15T08:33:42","date_gmt":"2015-10-15T08:33:42","guid":{"rendered":"http:\/\/www.escueladelvidrio.org\/?p=938"},"modified":"2023-01-20T11:44:39","modified_gmt":"2023-01-20T09:44:39","slug":"escuela-del-vidrio-somos-muchos-y-somos-uno","status":"publish","type":"post","link":"https:\/\/www.fundacionveron.org\/en\/escuela-del-vidrio-somos-muchos-y-somos-uno\/","title":{"rendered":"Escuela del Vidrio: somos muchos y somos uno"},"content":{"rendered":"<p><span style=\"font-family: tahoma, arial, helvetica, sans-serif; font-size: 12pt;\"><a href=\"http:\/\/www.escueladelvidrio.org\/wp-content\/uploads\/2015\/03\/6.41.jpg\"><img loading=\"lazy\" decoding=\"async\" class=\"size-medium wp-image-914 alignleft\" src=\"http:\/\/www.escueladelvidrio.org\/wp-content\/uploads\/2015\/03\/6.41-300x169.jpg\" alt=\"6.4\" width=\"300\" height=\"169\" \/><\/a>\u00a0<a href=\"http:\/\/www.escueladelvidrio.org\/wp-content\/uploads\/2015\/03\/10830627_1611218885763972_7456360854566286375_o.jpg\"><img loading=\"lazy\" decoding=\"async\" class=\"size-medium wp-image-437 alignright\" src=\"http:\/\/www.escueladelvidrio.org\/wp-content\/uploads\/2015\/03\/10830627_1611218885763972_7456360854566286375_o-225x300.jpg\" alt=\"Construcci\u00f3n de Camalote\" width=\"225\" height=\"300\" \/><\/a>Personas, individuos,\u2026 no somos m\u00e1s que parte de una gran familia. Estamos unidos por una causa que se ha convertido en nuestra lucha diaria y dedicaci\u00f3n laboral: La Educaci\u00f3n de los j\u00f3venes de escasos recursos de Honduras, para que puedan acceder a un futuro mejor y de calidad.<\/span><\/p>\n<p><span style=\"font-family: tahoma, arial, helvetica, sans-serif; font-size: 12pt;\">Pero, por el camino, hay muchas m\u00e1s cosas que nos est\u00e1n ocurriendo gracias a que el equipo de la Escuela del Vidrio, desde profesores o servicio de limpieza y equipo directivo, as\u00ed como las personas que desde otros lugares del mundo nos ayudan a seguir, nos transmiten fuerza y ganas de continuar con nuestra labor diaria.<\/span><\/p>\n<p><span style=\"font-family: tahoma, arial, helvetica, sans-serif; font-size: 12pt;\">Ocurre, en la Escuela del Vidrio, un sentido de pertenencia a un grupo, sentido de equipo y unidad. Ocurre que nuestros alumnos se sienten, y son, parte del equipo. Ocurre un aprendizaje, para todos, m\u00e1s all\u00e1 de lo que imparten los profesores. Ocurre seguridad, amistad, trabajo en equipo, respeto, comprensi\u00f3n, evoluci\u00f3n y, sobre todo, mucha motivaci\u00f3n para seguir y siempre mejorar.<\/span><\/p>\n<p><span style=\"font-family: tahoma, arial, helvetica, sans-serif; font-size: 12pt;\">Ocurre la Educaci\u00f3n que promueve a nuestros j\u00f3venes a pensar, descubrir, crear, innovar; la Educaci\u00f3n que les hace ver lo que son capaces de hacer; La Educaci\u00f3n que mejora su autoestima; la Educaci\u00f3n que les integra activamente en su comunidad; esa es la Educaci\u00f3n por la que Escuela del Vidrio\u00a0trabaja d\u00eda a d\u00eda, desde que pusimos la primera piedra.<\/span><\/p>\n<p style=\"text-align: justify;\"><span style=\"font-family: tahoma, arial, helvetica, sans-serif; font-size: 12pt;\">Gracias a todos<\/span><\/p>","protected":false},"excerpt":{"rendered":"<p>\u00a0Personas, individuos,\u2026 no somos m\u00e1s que parte de una gran familia. Estamos unidos por una&#8230;<\/p>","protected":false},"author":8,"featured_media":854,"comment_status":"open","ping_status":"open","sticky":false,"template":"","format":"standard","meta":{"_monsterinsights_skip_tracking":false,"_monsterinsights_sitenote_active":false,"_monsterinsights_sitenote_note":"","_monsterinsights_sitenote_category":0,"_price":"","_stock":"","_tribe_ticket_header":"","_tribe_default_ticket_provider":"","_ticket_start_date":"","_ticket_end_date":"","_tribe_ticket_show_description":"","_tribe_ticket_show_not_going":false,"_tribe_ticket_use_global_stock":"","_tribe_ticket_global_stock_level":"","_global_stock_mode":"","_global_stock_cap":"","_tribe_rsvp_for_event":"","_tribe_ticket_going_count":"","_tribe_ticket_not_going_count":"","_tribe_tickets_list":"[]","_tribe_ticket_has_attendee_info_fields":false,"footnotes":""},"categories":[374,421],"tags":[],"class_list":["post-938","post","type-post","status-publish","format-standard","has-post-thumbnail","hentry","category-blog","category-escuela-de-vidrio"],"wpcf_dashboard":"<div class=\"woocommerce\"><div class=\"woocommerce-info\">Please log in first? <a class=\"wpneoShowLogin\" href=\"#\">Click here to login<\/a><\/div><div class=\"wpneo_login_form_div\" style=\"display: none;\"><form name=\"loginform\" id=\"loginform\" action=\"https:\/\/www.fundacionveron.org\/en\/gestion\/\" method=\"post\"><p class=\"login-username\">\n\t\t\t\t<label for=\"user_login\">Username or Email Address<\/label>\n\t\t\t\t<input type=\"text\" name=\"log\" id=\"user_login\" autocomplete=\"username\" class=\"input\" value=\"\" size=\"20\" \/>\n\t\t\t<\/p><p class=\"login-password\">\n\t\t\t\t<label for=\"user_pass\">Password<\/label>\n\t\t\t\t<input type=\"password\" name=\"pwd\" id=\"user_pass\" autocomplete=\"current-password\" spellcheck=\"false\" class=\"input\" value=\"\" size=\"20\" \/>\n\t\t\t<\/p><p class=\"login-remember\"><label><input name=\"rememberme\" type=\"checkbox\" id=\"rememberme\" value=\"forever\" \/> Remember Me<\/label><\/p><p class=\"login-submit\">\n\t\t\t\t<input type=\"submit\" name=\"wp-submit\" id=\"wp-submit\" class=\"button button-primary\" value=\"Log In\" \/>\n\t\t\t\t<input type=\"hidden\" name=\"redirect_to\" value=\"https:\/\/www.fundacionveron.org\/en\/wp-json\/wp\/v2\/posts\/938\" \/>\n\t\t\t<\/p><\/form><\/div><\/div>","_links":{"self":[{"href":"https:\/\/www.fundacionveron.org\/en\/wp-json\/wp\/v2\/posts\/938","targetHints":{"allow":["GET"]}}],"collection":[{"href":"https:\/\/www.fundacionveron.org\/en\/wp-json\/wp\/v2\/posts"}],"about":[{"href":"https:\/\/www.fundacionveron.org\/en\/wp-json\/wp\/v2\/types\/post"}],"author":[{"embeddable":true,"href":"https:\/\/www.fundacionveron.org\/en\/wp-json\/wp\/v2\/users\/8"}],"replies":[{"embeddable":true,"href":"https:\/\/www.fundacionveron.org\/en\/wp-json\/wp\/v2\/comments?post=938"}],"version-history":[{"count":0,"href":"https:\/\/www.fundacionveron.org\/en\/wp-json\/wp\/v2\/posts\/938\/revisions"}],"wp:featuredmedia":[{"embeddable":true,"href":"https:\/\/www.fundacionveron.org\/en\/wp-json\/"}],"wp:attachment":[{"href":"https:\/\/www.fundacionveron.org\/en\/wp-json\/wp\/v2\/media?parent=938"}],"wp:term":[{"taxonomy":"category","embeddable":true,"href":"https:\/\/www.fundacionveron.org\/en\/wp-json\/wp\/v2\/categories?post=938"},{"taxonomy":"post_tag","embeddable":true,"href":"https:\/\/www.fundacionveron.org\/en\/wp-json\/wp\/v2\/tags?post=938"}],"curies":[{"name":"wp","href":"https:\/\/api.w.org\/{rel}","templated":true}]}}