{"id":936,"date":"2017-05-19T11:51:33","date_gmt":"2017-05-19T09:51:33","guid":{"rendered":"https:\/\/www.fundacionveron.org\/?p=936"},"modified":"2019-10-09T19:10:33","modified_gmt":"2019-10-09T17:10:33","slug":"tipsparaestudiarmejor","status":"publish","type":"post","link":"https:\/\/www.fundacionveron.org\/en\/tipsparaestudiarmejor\/","title":{"rendered":"Tips para estudiar mejor"},"content":{"rendered":"<p style=\"text-align: justify;\">\u00a1Llegan los ex\u00e1menes finales! &#8230; Y con ellos: el estr\u00e9s, la ansiedad, los nervios &#8230;.<\/p>\n<p style=\"text-align: justify;\"><span style=\"font-weight: 400;\">En estas fechas es imposible resistirse en un blog sobre educaci\u00f3n a comentar el impacto de los ex\u00e1menes finales. Esos que ponen a prueba algo m\u00e1s que nuestros conocimientos. No lo admitimos, pero somos capaces hasta de creer en las meigas (dicen los gallegos que \u00abhaberlas, haylas\u00bb) \u00a0y por si acaso, nos encomendamos al santo que nos digan y hasta creemos que ciertos alimentos con s\u00f3lo probarlos nos convertir\u00e1n en superdotados, o no, pero para qu\u00e9 arriesgarse. \u00a0Por supuesto, vestirnos con la camiseta que una vez nos pareci\u00f3 ser fuente de inspiraci\u00f3n o utilizar el bol\u00edgrafo \u201cm\u00e1gico\u201d. Un mont\u00f3n de actitudes irracionales que, si disminuyen el estr\u00e9s, bienvenidas ser\u00e1n, pero bromas aparte, la presi\u00f3n que sufren los estudiantes y c\u00f3mo lo interiorizan, merece toda nuestra atenci\u00f3n.<\/span><\/p>\n<p style=\"text-align: justify;\"><a href=\"https:\/\/www.fundacionveron.org\/wp-content\/uploads\/2017\/05\/imagen-stress.jpg\"><img loading=\"lazy\" decoding=\"async\" class=\"aligncenter size-full wp-image-940\" src=\"https:\/\/www.fundacionveron.org\/wp-content\/uploads\/2017\/05\/imagen-stress.jpg\" alt=\"imagen stress\" width=\"480\" height=\"340\" \/><\/a><\/p>\n<p style=\"text-align: justify;\"><span style=\"font-weight: 400;\">Y es que los ex\u00e1menes nos reportan un sentimiento de v\u00e9rtigo, casi de injusticia, una subjetiva interpretaci\u00f3n de \u00e9xito y fracaso\u2026. \u00bfPor qu\u00e9 me la juego a una carta? \u00bfPor qu\u00e9 mi futuro depende de \u201cmi inspiraci\u00f3n de hoy\u201d? Y tienen raz\u00f3n, una d\u00e9cima arriba o abajo supone que no puedas acceder a la carrera universitaria que quer\u00edas, que tus notas sean un filtro de candidatos en un trabajo, que consigas o no una beca, es decir, que las implicaciones de fallar un examen acad\u00e9mico no son ninguna tonter\u00eda. \u00a0<\/span><\/p>\n<p style=\"text-align: justify;\"><span style=\"font-weight: 400;\">Da igual la edad, da igual el objetivo, la vida est\u00e1 llena de ex\u00e1menes y prepararse para ellos y entrenarse, puede ser una disciplina no s\u00f3lo interesante, sino fundamental. Aprender a fallar y volver a empezar, ense\u00f1a; gestionar los \u00e9xitos, tambi\u00e9n ense\u00f1a. Los consejos de siempre como:<\/span><\/p>\n<p style=\"text-align: justify;\"><em><span style=\"font-weight: 400;\">No lo dejes todo para el final<\/span><\/em><\/p>\n<p style=\"text-align: justify;\"><em><span style=\"font-weight: 400;\">Haz deporte, activa el cerebro<\/span><\/em><\/p>\n<p style=\"text-align: justify;\"><em><span style=\"font-weight: 400;\">No debieras ni repasar pero, desde luego, no intentes preparar nada nuevo la noche anterior al examen<\/span><\/em><\/p>\n<p style=\"text-align: justify;\"><em><span style=\"font-weight: 400;\">Duerme 7\/8 horas<\/span><\/em><\/p>\n<p style=\"text-align: justify;\"><em><span style=\"font-weight: 400;\">No cometas excesos en las horas previas (en cuanto a comidas, bebidas, estimulantes\u2026) <\/span><\/em><\/p>\n<p style=\"text-align: justify;\"><span style=\"font-weight: 400;\">\u2026 \u00e9sos que son obvios, la verdad es que no ayudan demasiado porque creo que salvo excepciones todos hemos hecho justo lo contrario. \u00a0Desde hace un tiempo se han sumado los v\u00eddeos motivacionales tipo \u201c\u00e1nimo, a por ello, t\u00fa puedes\u201d como las antiguas arengas de los ej\u00e9rcitos para darles un plus de coraje y confianza, personalmente, creo que depende de qui\u00e9n te lo diga, el mensaje tendr\u00e1 efecto o no. Eso s\u00ed, el apoyo siempre se agradece. Os dejo un cl\u00e1sico, porque <strong>el discurso de Steve Jobs en la ceremonia de graduaci\u00f3n de la Universidad de Stanford<\/strong>, tiene un valor innegable y merece ser recordado de tanto en tanto.<\/span><\/p>\n<p><iframe loading=\"lazy\" title=\"Steve Jobs Discurso en Stanford  Sub.Espa\u00f1ol HD\" width=\"1060\" height=\"795\" src=\"https:\/\/www.youtube.com\/embed\/HHkJEz_HdTg?feature=oembed\" frameborder=\"0\" allow=\"accelerometer; autoplay; encrypted-media; gyroscope; picture-in-picture\" allowfullscreen><\/iframe><\/p>\n<p style=\"text-align: justify;\"><span style=\"font-weight: 400;\">Por otro lado, un poco de desasosiego antes del examen es productivo. El estr\u00e9s es la respuesta normal a cualquier circunstancia externa que provoca un estado de \u201cdesequilibrio\u201d personal, no es otra cosa que el esfuerzo psicof\u00edsico de adaptaci\u00f3n a las circunstancias y no es necesariamente negativo, porque provoca un nivel \u00f3ptimo de activaci\u00f3n neurofisiol\u00f3gica que permite dar el m\u00e1ximo de uno mismo. <\/span><\/p>\n<p style=\"text-align: justify;\"><span style=\"font-weight: 400;\">Sin embargo, cuando el ansia supera un cierto umbral, se convierte en un gran obst\u00e1culo. Puede reducir la concentraci\u00f3n, dejarnos en blanco, disminuir el rendimiento e incluso provocar s\u00edntomas psicosom\u00e1ticos como dolor de est\u00f3mago, de cabeza, n\u00e1useas, asma\u2026 que comprometer\u00e1n el resultado de la prueba y su preparaci\u00f3n. De hecho, en esta fase, muchos estudiantes declaran que sufren de insomnio, crisis de p\u00e1nico, estados euf\u00f3ricos o periodos de depresi\u00f3n, y reaccionan consumiendo demasiado caf\u00e9, cambiando el r\u00e9gimen alimentario, abusando del alcohol o de los f\u00e1rmacos. \u00a0<\/span><\/p>\n<p style=\"text-align: justify;\"><span style=\"font-weight: 400;\">\u00bfPor qu\u00e9 adem\u00e1s algunos estudiantes sufren con especial intensidad ansia durante la \u00e9poca de ex\u00e1menes? Probablemente porque sienten que est\u00e1n evaluando su inteligencia y sus capacidades personales en lugar de su preparaci\u00f3n. Tienden a que su autoestima y personalidad dependan excesivamente de aquellos que expresan un juicio, y a veces pierden el control de la situaci\u00f3n. <\/span><\/p>\n<p style=\"text-align: justify;\"><span style=\"font-weight: 400;\">Por supuesto existen sistemas para reducir la ansiedad\u00a0que producen los ex\u00e1menes. Por ejemplo:<\/span><\/p>\n<p style=\"text-align: justify;\"><span style=\"font-weight: 400;\">En el plano f\u00edsico:<\/span><\/p>\n<ul style=\"text-align: justify;\">\n<li style=\"font-weight: 400;\"><span style=\"font-weight: 400;\">Emplear m\u00e9todos de relajaci\u00f3n como la meditaci\u00f3n o el yoga.<\/span><\/li>\n<li style=\"font-weight: 400;\"><span style=\"font-weight: 400;\">Hacer ejercicio<\/span><\/li>\n<li style=\"font-weight: 400;\"><span style=\"font-weight: 400;\">Alternar el estudio con tiempos de relax<\/span><\/li>\n<li style=\"font-weight: 400;\"><span style=\"font-weight: 400;\">Cuando sea posible, estudiar en grupo. <\/span><\/li>\n<li style=\"font-weight: 400;\"><span style=\"font-weight: 400;\">Descargar la tensi\u00f3n al final de cada d\u00eda para evitar sensaciones negativas antes de dormir y as\u00ed ayudar a que el reposto sea real y regenerativo. <\/span><\/li>\n<\/ul>\n<p style=\"text-align: justify;\"><span style=\"font-weight: 400;\">En el plano psicol\u00f3gico:<\/span><\/p>\n<ul style=\"text-align: justify;\">\n<li style=\"font-weight: 400;\"><span style=\"font-weight: 400;\">Recordar siempre que el examen eval\u00faa exclusivamente la preparaci\u00f3n acad\u00e9mica y no a la persona<\/span><\/li>\n<li style=\"font-weight: 400;\"><span style=\"font-weight: 400;\">Recordar que un examen no superado es una experiencia com\u00fan a todos los estudiantes y que algunas pruebas pueden ser objetivamente dif\u00edciles<\/span><\/li>\n<li style=\"font-weight: 400;\"><span style=\"font-weight: 400;\">Adquirir cuanta m\u00e1s informaci\u00f3n sobre los argumentos y la modalidad del examen. Su conocimiento permitir\u00e1 anticipar situaciones posibles y el sentimiento de estar preparado para afrontarlas. <\/span><\/li>\n<li style=\"font-weight: 400;\"><span style=\"font-weight: 400;\">Programar adecuadamente el estudio y utilizar una estrategia de memoria y de repaso. \u00a0<\/span><\/li>\n<\/ul>\n<p style=\"text-align: justify;\"><span style=\"font-weight: 400;\">En cualquier caso, si eres estudiante o tienes a tu alrededor un estudiante, \u00a1\u00a1\u00a1MUCHA SUERTE!!! <\/span><\/p>\n<p style=\"text-align: justify;\"><span style=\"font-weight: 400;\">Como regalo final te incluimos una infograf\u00eda:<\/span><\/p>\n<p><a href=\"https:\/\/www.fundacionveron.org\/wp-content\/uploads\/2017\/05\/INFOGRAF\u00c1I-EXAMENES.jpg\"><img loading=\"lazy\" decoding=\"async\" class=\"aligncenter size-full wp-image-944\" src=\"https:\/\/www.fundacionveron.org\/wp-content\/uploads\/2017\/05\/INFOGRAF\u00c1I-EXAMENES.jpg\" alt=\"INFOGRAF\u00c1I EXAMENES\" width=\"564\" height=\"2762\" \/><\/a>\t\t<\/p>","protected":false},"excerpt":{"rendered":"<p>\u00a1Llegan los ex\u00e1menes finales! &#8230; Y con ellos: el estr\u00e9s, la ansiedad, los nervios &#8230;&#8230;.<\/p>","protected":false},"author":7,"featured_media":938,"comment_status":"closed","ping_status":"open","sticky":false,"template":"","format":"standard","meta":{"_monsterinsights_skip_tracking":false,"_monsterinsights_sitenote_active":false,"_monsterinsights_sitenote_note":"","_monsterinsights_sitenote_category":0,"_price":"","_stock":"","_tribe_ticket_header":"","_tribe_default_ticket_provider":"","_ticket_start_date":"","_ticket_end_date":"","_tribe_ticket_show_description":"","_tribe_ticket_show_not_going":false,"_tribe_ticket_use_global_stock":"","_tribe_ticket_global_stock_level":"","_global_stock_mode":"","_global_stock_cap":"","_tribe_rsvp_for_event":"","_tribe_ticket_going_count":"","_tribe_ticket_not_going_count":"","_tribe_tickets_list":"[]","_tribe_ticket_has_attendee_info_fields":false,"footnotes":""},"categories":[6],"tags":[],"class_list":["post-936","post","type-post","status-publish","format-standard","has-post-thumbnail","hentry","category-educacion-juventud-e-innovacion"],"wpcf_dashboard":"<div class=\"woocommerce\"><div class=\"woocommerce-info\">Please log in first? <a class=\"wpneoShowLogin\" href=\"#\">Click here to login<\/a><\/div><div class=\"wpneo_login_form_div\" style=\"display: none;\"><form name=\"loginform\" id=\"loginform\" action=\"https:\/\/www.fundacionveron.org\/en\/gestion\/\" method=\"post\"><p class=\"login-username\">\n\t\t\t\t<label for=\"user_login\">Username or Email Address<\/label>\n\t\t\t\t<input type=\"text\" name=\"log\" id=\"user_login\" autocomplete=\"username\" class=\"input\" value=\"\" size=\"20\" \/>\n\t\t\t<\/p><p class=\"login-password\">\n\t\t\t\t<label for=\"user_pass\">Password<\/label>\n\t\t\t\t<input type=\"password\" name=\"pwd\" id=\"user_pass\" autocomplete=\"current-password\" spellcheck=\"false\" class=\"input\" value=\"\" size=\"20\" \/>\n\t\t\t<\/p><p class=\"login-remember\"><label><input name=\"rememberme\" type=\"checkbox\" id=\"rememberme\" value=\"forever\" \/> Remember Me<\/label><\/p><p class=\"login-submit\">\n\t\t\t\t<input type=\"submit\" name=\"wp-submit\" id=\"wp-submit\" class=\"button button-primary\" value=\"Log In\" \/>\n\t\t\t\t<input type=\"hidden\" name=\"redirect_to\" value=\"https:\/\/www.fundacionveron.org\/en\/wp-json\/wp\/v2\/posts\/936\" \/>\n\t\t\t<\/p><\/form><\/div><\/div>","_links":{"self":[{"href":"https:\/\/www.fundacionveron.org\/en\/wp-json\/wp\/v2\/posts\/936","targetHints":{"allow":["GET"]}}],"collection":[{"href":"https:\/\/www.fundacionveron.org\/en\/wp-json\/wp\/v2\/posts"}],"about":[{"href":"https:\/\/www.fundacionveron.org\/en\/wp-json\/wp\/v2\/types\/post"}],"author":[{"embeddable":true,"href":"https:\/\/www.fundacionveron.org\/en\/wp-json\/wp\/v2\/users\/7"}],"replies":[{"embeddable":true,"href":"https:\/\/www.fundacionveron.org\/en\/wp-json\/wp\/v2\/comments?post=936"}],"version-history":[{"count":0,"href":"https:\/\/www.fundacionveron.org\/en\/wp-json\/wp\/v2\/posts\/936\/revisions"}],"wp:featuredmedia":[{"embeddable":true,"href":"https:\/\/www.fundacionveron.org\/en\/wp-json\/wp\/v2\/posts\/938"}],"wp:attachment":[{"href":"https:\/\/www.fundacionveron.org\/en\/wp-json\/wp\/v2\/media?parent=936"}],"wp:term":[{"taxonomy":"category","embeddable":true,"href":"https:\/\/www.fundacionveron.org\/en\/wp-json\/wp\/v2\/categories?post=936"},{"taxonomy":"post_tag","embeddable":true,"href":"https:\/\/www.fundacionveron.org\/en\/wp-json\/wp\/v2\/tags?post=936"}],"curies":[{"name":"wp","href":"https:\/\/api.w.org\/{rel}","templated":true}]}}