{"id":896,"date":"2017-04-26T08:13:39","date_gmt":"2017-04-26T06:13:39","guid":{"rendered":"https:\/\/www.fundacionveron.org\/?p=896"},"modified":"2022-04-01T10:40:59","modified_gmt":"2022-04-01T08:40:59","slug":"nuevacocinaev","status":"publish","type":"post","link":"https:\/\/www.fundacionveron.org\/en\/nuevacocinaev\/","title":{"rendered":"Una cocina con mucho futuro"},"content":{"rendered":"<p style=\"text-align: justify;\"><span style=\"font-weight: 400;\"><a href=\"https:\/\/www.fundacionveron.org\/wp-content\/uploads\/2017\/04\/IMG-20170418-WA0001.jpg\"><img loading=\"lazy\" decoding=\"async\" class=\"wp-image-897 alignright\" src=\"https:\/\/www.fundacionveron.org\/wp-content\/uploads\/2017\/04\/IMG-20170418-WA0001.jpg\" alt=\"IMG-20170418-WA0001\" width=\"249\" height=\"332\" \/><\/a><\/span><\/p>\n<p style=\"text-align: justify;\"><span style=\"font-weight: 400;\">La Escuela del Vidrio sigue abriendo caminos a los j\u00f3venes de El Progreso. En esta ocasi\u00f3n dot\u00e1ndoles de un espacio verdaderamente profesional para formarlos en Gastronom\u00eda, Hosteler\u00eda y Turismo. Ahora no s\u00f3lo realizan un programa acad\u00e9micamente completo, equiparable a un grado, sino que cuentan con todo lo que implica su pr\u00e1ctica, desde despensa, c\u00e1mara frigor\u00edfica, cocina, menaje, espacios adecuados y adaptados, ventilaci\u00f3n\u2026 ya os pod\u00e9is imaginar todo lo que la cocina profesional supone no s\u00f3lo para los estudios t\u00e9cnicos sino para desarrollar la Beca de Alimentaci\u00f3n, un reto a\u00f1adido de ofrecer un gran n\u00famero de men\u00fas diarios. <\/span><\/p>\n<p style=\"text-align: justify;\"><span style=\"font-weight: 400;\">La historia empez\u00f3 con un Taller de Cocina que se construy\u00f3 en el Centro T\u00e9cnico Loyola de El Progreso, gracias al apoyo de una donaci\u00f3n y de la gesti\u00f3n por parte de nuestra organizaci\u00f3n. Y el resultado fue espectacular. El 100% del alumnado consigui\u00f3 trabajo en el sector. As\u00ed que Fundaci\u00f3n Ver\u00f3n decidi\u00f3 ampliar el portfolio de Formaci\u00f3n T\u00e9cnica que ofrece la Escuela del Vidrio con la calidad que la caracteriza. Se desarroll\u00f3 un programa que inclu\u00eda no s\u00f3lo la formaci\u00f3n culinaria sino tambi\u00e9n la relativa a protocolo y turismo, pero hac\u00eda falta el espacio adecuado dentro de la Escuela, es decir, una nueva cocina. <\/span><\/p>\n<p style=\"text-align: justify;\"><span style=\"font-weight: 400;\">La oportunidad lleg\u00f3 de la mano de un donante an\u00f3nimo de la Fundaci\u00f3n NACAR, el principal soporte econ\u00f3mico de la Escuela del Vidrio, cuya generosidad ha sido- y es- fundamental, y de uno de los miembros de la Fundaci\u00f3n Ver\u00f3n, el Arquitecto Hel\u00ed S\u00e1nchez Berzal, quien ya en su d\u00eda dise\u00f1\u00f3 la escuela pensando en los espacios de aprendizaje. \u00bfC\u00f3mo? Dejando huecos que los j\u00f3venes han ido rellenando: ventales, puertas de madera y vidrio\u2026 Haci\u00e9ndoles as\u00ed part\u00edcipes de su escuela y dejando huella en ella para siempre. <\/span><\/p>\n<p style=\"text-align: justify;\"><span style=\"font-weight: 400;\">En esta ocasi\u00f3n Hel\u00ed ha trabajado en contacto directo con el Ingeniero Gallo de Honduras y en el plazo de tan s\u00f3lo 3 meses han logrado acondicionar el espacio de manera espectacular. Adem\u00e1s, gracias a una donaci\u00f3n especial de la cooperativa espa\u00f1ola COFEDAS, tienen a su disposici\u00f3n \u00fatiles nuevos para trabajar. La solidaridad de todos ha hecho posible que en las mejores condiciones se pueda seguir avanzando. <\/span><\/p>\n<p style=\"text-align: justify;\"><span style=\"font-weight: 400;\">Las instalaciones se est\u00e1n utilizando desde el mismo segundo que era posible, porque los chicos realmente necesitaban no parar, pero la primera semana de abril se hizo una inauguraci\u00f3n en toda regla, oficial. Un evento cuya formalidad no rest\u00f3 ni un \u00e1pice de alegr\u00eda, porque, acompa\u00f1ando a todo el profesorado y a los alumnos, acudieron dos representantes de la Fundaci\u00f3n NACAR y tres de la Fundaci\u00f3n Ver\u00f3n, y al que no faltaron, por supuesto, los Amigos de la Escuela del Vidrio. <\/span><\/p>\n<p style=\"text-align: justify;\"><span style=\"font-weight: 400;\">\u00a0<\/span><\/p>","protected":false},"excerpt":{"rendered":"<p>La Escuela del Vidrio sigue abriendo caminos a los j\u00f3venes de El Progreso. En esta&#8230;<\/p>","protected":false},"author":7,"featured_media":898,"comment_status":"closed","ping_status":"open","sticky":false,"template":"","format":"standard","meta":{"_monsterinsights_skip_tracking":false,"_monsterinsights_sitenote_active":false,"_monsterinsights_sitenote_note":"","_monsterinsights_sitenote_category":0,"_price":"","_stock":"","_tribe_ticket_header":"","_tribe_default_ticket_provider":"","_ticket_start_date":"","_ticket_end_date":"","_tribe_ticket_show_description":"","_tribe_ticket_show_not_going":false,"_tribe_ticket_use_global_stock":"","_tribe_ticket_global_stock_level":"","_global_stock_mode":"","_global_stock_cap":"","_tribe_rsvp_for_event":"","_tribe_ticket_going_count":"","_tribe_ticket_not_going_count":"","_tribe_tickets_list":"[]","_tribe_ticket_has_attendee_info_fields":false,"footnotes":""},"categories":[5],"tags":[406,31,15,41,42,40],"class_list":["post-896","post","type-post","status-publish","format-standard","has-post-thumbnail","hentry","category-fundacion-veron-en-honduras","tag-cocina-y-turismo","tag-cooperacion-internacional","tag-educacion","tag-gastronomia","tag-hosteleria","tag-turismo"],"wpcf_dashboard":"<div class=\"woocommerce\"><div class=\"woocommerce-info\">Please log in first? <a class=\"wpneoShowLogin\" href=\"#\">Click here to login<\/a><\/div><div class=\"wpneo_login_form_div\" style=\"display: none;\"><form name=\"loginform\" id=\"loginform\" action=\"https:\/\/www.fundacionveron.org\/en\/gestion\/\" method=\"post\"><p class=\"login-username\">\n\t\t\t\t<label for=\"user_login\">Username or Email Address<\/label>\n\t\t\t\t<input type=\"text\" name=\"log\" id=\"user_login\" autocomplete=\"username\" class=\"input\" value=\"\" size=\"20\" \/>\n\t\t\t<\/p><p class=\"login-password\">\n\t\t\t\t<label for=\"user_pass\">Password<\/label>\n\t\t\t\t<input type=\"password\" name=\"pwd\" id=\"user_pass\" autocomplete=\"current-password\" spellcheck=\"false\" class=\"input\" value=\"\" size=\"20\" \/>\n\t\t\t<\/p><p class=\"login-remember\"><label><input name=\"rememberme\" type=\"checkbox\" id=\"rememberme\" value=\"forever\" \/> Remember Me<\/label><\/p><p class=\"login-submit\">\n\t\t\t\t<input type=\"submit\" name=\"wp-submit\" id=\"wp-submit\" class=\"button button-primary\" value=\"Log In\" \/>\n\t\t\t\t<input type=\"hidden\" name=\"redirect_to\" value=\"https:\/\/www.fundacionveron.org\/en\/wp-json\/wp\/v2\/posts\/896\" \/>\n\t\t\t<\/p><\/form><\/div><\/div>","_links":{"self":[{"href":"https:\/\/www.fundacionveron.org\/en\/wp-json\/wp\/v2\/posts\/896","targetHints":{"allow":["GET"]}}],"collection":[{"href":"https:\/\/www.fundacionveron.org\/en\/wp-json\/wp\/v2\/posts"}],"about":[{"href":"https:\/\/www.fundacionveron.org\/en\/wp-json\/wp\/v2\/types\/post"}],"author":[{"embeddable":true,"href":"https:\/\/www.fundacionveron.org\/en\/wp-json\/wp\/v2\/users\/7"}],"replies":[{"embeddable":true,"href":"https:\/\/www.fundacionveron.org\/en\/wp-json\/wp\/v2\/comments?post=896"}],"version-history":[{"count":0,"href":"https:\/\/www.fundacionveron.org\/en\/wp-json\/wp\/v2\/posts\/896\/revisions"}],"wp:featuredmedia":[{"embeddable":true,"href":"https:\/\/www.fundacionveron.org\/en\/wp-json\/"}],"wp:attachment":[{"href":"https:\/\/www.fundacionveron.org\/en\/wp-json\/wp\/v2\/media?parent=896"}],"wp:term":[{"taxonomy":"category","embeddable":true,"href":"https:\/\/www.fundacionveron.org\/en\/wp-json\/wp\/v2\/categories?post=896"},{"taxonomy":"post_tag","embeddable":true,"href":"https:\/\/www.fundacionveron.org\/en\/wp-json\/wp\/v2\/tags?post=896"}],"curies":[{"name":"wp","href":"https:\/\/api.w.org\/{rel}","templated":true}]}}