{"id":886,"date":"2017-04-26T08:14:26","date_gmt":"2017-04-26T06:14:26","guid":{"rendered":"https:\/\/www.fundacionveron.org\/?p=886"},"modified":"2019-10-09T19:10:34","modified_gmt":"2019-10-09T17:10:34","slug":"introneuroeducacion","status":"publish","type":"post","link":"https:\/\/www.fundacionveron.org\/en\/introneuroeducacion\/","title":{"rendered":"Neuroeducaci\u00f3n \u00bfY ESO QU\u00c9 ES?"},"content":{"rendered":"<p style=\"text-align: justify;\"><span style=\"font-weight: 400;\">La respuesta f\u00e1cil: <\/span><b>NEUROCIENCIA + EDUCACI\u00d3N<\/b><span style=\"font-weight: 400;\">, pero nos hemos quedado igual, conocemos el significado de cada palabra y no nos dice mucho ni de su alcance pr\u00e1ctico, ni de sus posibilidades, a no ser que lo conozcamos previamente o tengamos una agil\u00edsima imaginaci\u00f3n. Vamos a profundizar un poco sin hacer tesis doctorales m\u00e9dicas o pedag\u00f3gicas, aunque al mismo tiempo sin ponernos l\u00edmites para que la reflexi\u00f3n sirva como debate abierto.<\/span><b>\u00a0 \u00a0<\/b><\/p>\n<p style=\"text-align: justify;\"><a href=\"https:\/\/www.fundacionveron.org\/wp-content\/uploads\/2017\/04\/basiconeuroeducacion.png\"><img loading=\"lazy\" decoding=\"async\" class=\"aligncenter wp-image-888\" src=\"https:\/\/www.fundacionveron.org\/wp-content\/uploads\/2017\/04\/basiconeuroeducacion.png\" alt=\"basiconeuroeducacion\" width=\"557\" height=\"492\" \/><\/a><\/p>\n<p style=\"text-align: center;\"><em>(Fuente Blog \u201cque ciencia\u201d)<\/em><\/p>\n<p style=\"text-align: justify;\"><b>NEUROCIENCIA: <\/b><span style=\"font-weight: 400;\">se aplica a la ciencia que se dedica al estudio, observaci\u00f3n y an\u00e1lisis del sistema nervioso central del ser humano. Estos estudios pueden abarcar distintos enfoques, como por ejemplo el qu\u00edmico, el cognitivo, etc. Y lleva a realizarse preguntas sobre aspectos tales como la memoria, el aprendizaje, la inteligencia, la motricidad, el lenguaje\u2026<\/span><\/p>\n<p style=\"text-align: justify;\"><b>EDUCACI\u00d3N: <\/b> <span style=\"font-weight: 400;\">El proceso de socializaci\u00f3n que estimula a un individuo para que desarrolle plenamente sus capacidades cognitivas, f\u00edsicas, destrezas, t\u00e9cnicas y formas de comportamiento para poder as\u00ed ser un miembro activo e integrado de la sociedad a la que pertenece.<\/span><\/p>\n<p style=\"text-align: justify;\"><span style=\"font-weight: 400;\">Ok, ya hemos sentado la base y \u00bfahora? Os cuento el recorrido que hemos hecho:<\/span><\/p>\n<ul style=\"text-align: justify;\">\n<li style=\"font-weight: 400;\"><span style=\"font-weight: 400;\">Realizamos la lectura de varios art\u00edculos que nos pudieran aclarar un poco de qu\u00e9 se hablaba. Al principio nos pareci\u00f3 todo algo obvio. M\u00e1ximas del tipo:<\/span>\n<ul>\n<li style=\"font-weight: 400;\"><span style=\"font-weight: 400;\">Se asimila mejor aquello que te gusta<\/span><\/li>\n<li style=\"font-weight: 400;\"><span style=\"font-weight: 400;\">El aprendizaje ligado a la emoci\u00f3n se retiene con mayor facilidad y durante m\u00e1s tiempo<\/span><\/li>\n<li style=\"font-weight: 400;\"><span style=\"font-weight: 400;\">A partir de 50 minutos la capacidad de asimilaci\u00f3n de conceptos se resiente<\/span><\/li>\n<li style=\"font-weight: 400;\"><span style=\"font-weight: 400;\">La repetici\u00f3n facilita la memoria<\/span><\/li>\n<li style=\"font-weight: 400;\"><span style=\"font-weight: 400;\">Hacer ejercicio relaja el cerebro y lo predispone a la asimilaci\u00f3n<\/span><\/li>\n<\/ul>\n<\/li>\n<\/ul>\n<p style=\"text-align: justify;\"><span style=\"font-weight: 400;\">\u00datil, pero llegar a estas conclusiones no requieren ni de estudios de medicina, ni siquiera de pedagog\u00eda, son de sentido com\u00fan, \u00bfentonces? Seguimos indagando y ahora llega lo interesante, si fusionamos las dos vertientes y aplicamos lo que se investiga respecto al funcionamiento de las neuronas cerebrales a la adquisici\u00f3n de conocimientos se abre todo un mundo de posibilidades, no s\u00f3lo para las aulas, sino para todos, porque no es lo mismo aprender siendo ni\u00f1o que adolescente que adulto, o no es igual el cerebro de un hombre que el de una mujer. Los varones poseen una corteza cerebral m\u00e1s gruesa en el hemisferio derecho, la cual favorece el pensamiento espacial. Crean mapas mentales globales y utilizan pocos puntos de referencia. Las mujeres poseen una estructura que conecta los dos hemisferios mejor desarrollada, lo que deriva en la mejor percepci\u00f3n de los detalles, de las caracter\u00edsticas, las cuales son usadas como puntos de referencia. <\/span><\/p>\n<p style=\"text-align: justify;\"><span style=\"font-weight: 400;\">El desarrollo de la neuroeducaci\u00f3n nos permite <\/span><\/p>\n<ul style=\"text-align: justify;\">\n<li style=\"font-weight: 400;\"><span style=\"font-weight: 400;\">Comprender los mecanismos cerebrales que subyacen en el aprendizaje y la memoria <\/span><\/li>\n<li style=\"font-weight: 400;\"><span style=\"font-weight: 400;\">conocer los efectos de la gen\u00e9tica, el medio ambiente, la emoci\u00f3n y la edad en el aprendizaje.<\/span><\/li>\n<li style=\"font-weight: 400;\"><span style=\"font-weight: 400;\">Transformar las estrategias educativas para permitirnos dise\u00f1ar programas que optimicen le aprendizaje para personas de todas las edades y necesidades<\/span><\/li>\n<li style=\"font-weight: 400;\"><span style=\"font-weight: 400;\">Conocer, detectar y reparar en forma temprana los trastornos del aprendizaje<\/span><\/li>\n<\/ul>\n<p style=\"text-align: justify;\"><span style=\"font-weight: 400;\">Hoy sabemos que el cerebro es maleable y que tiene capacidad para cambiar su estructura y su funcionamiento a lo largo de su vida. Puede alterar sus propiedades biol\u00f3gicas, qu\u00edmicas y f\u00edsicas, como reacci\u00f3n a la diversidad del entorno. Cuando est\u00e1 ocupado en un nuevo aprendizaje o en una nueva experiencia, el cerebro establece una serie de conexiones neuronales construidas como rutas para la inter-comunicaci\u00f3n de las neuronas y estas v\u00edas de comunicaci\u00f3n se pueden regenerar durante toda la vida. Pero los patrones de plasticidad son qaqdistinto. En t\u00e9rminos generales la pir\u00e1mide del conocimiento propuesta por el pedagogo Cody Blair es una gu\u00eda pero todav\u00eda queda mucho por descubrir. <\/span><\/p>\n<p style=\"text-align: justify;\"><a href=\"https:\/\/www.fundacionveron.org\/wp-content\/uploads\/2017\/04\/Triangulo_del_aprendizaje.svg_.png\"><img loading=\"lazy\" decoding=\"async\" class=\"aligncenter size-full wp-image-890\" src=\"https:\/\/www.fundacionveron.org\/wp-content\/uploads\/2017\/04\/Triangulo_del_aprendizaje.svg_.png\" alt=\"Triangulo_del_aprendizaje.svg\" width=\"1280\" height=\"905\" \/><\/a><\/p>","protected":false},"excerpt":{"rendered":"<p>La respuesta f\u00e1cil: NEUROCIENCIA + EDUCACI\u00d3N, pero nos hemos quedado igual, conocemos el significado de&#8230;<\/p>","protected":false},"author":7,"featured_media":889,"comment_status":"closed","ping_status":"open","sticky":false,"template":"","format":"standard","meta":{"_monsterinsights_skip_tracking":false,"_monsterinsights_sitenote_active":false,"_monsterinsights_sitenote_note":"","_monsterinsights_sitenote_category":0,"_price":"","_stock":"","_tribe_ticket_header":"","_tribe_default_ticket_provider":"","_ticket_start_date":"","_ticket_end_date":"","_tribe_ticket_show_description":"","_tribe_ticket_show_not_going":false,"_tribe_ticket_use_global_stock":"","_tribe_ticket_global_stock_level":"","_global_stock_mode":"","_global_stock_cap":"","_tribe_rsvp_for_event":"","_tribe_ticket_going_count":"","_tribe_ticket_not_going_count":"","_tribe_tickets_list":"[]","_tribe_ticket_has_attendee_info_fields":false,"footnotes":""},"categories":[6],"tags":[15,35,33,34],"class_list":["post-886","post","type-post","status-publish","format-standard","has-post-thumbnail","hentry","category-educacion-juventud-e-innovacion","tag-educacion","tag-innovacion-educativa","tag-neuroeducacion","tag-piramide-del-aprendizaje"],"wpcf_dashboard":"<div class=\"woocommerce\"><div class=\"woocommerce-info\">Please log in first? <a class=\"wpneoShowLogin\" href=\"#\">Click here to login<\/a><\/div><div class=\"wpneo_login_form_div\" style=\"display: none;\"><form name=\"loginform\" id=\"loginform\" action=\"https:\/\/www.fundacionveron.org\/en\/gestion\/\" method=\"post\"><p class=\"login-username\">\n\t\t\t\t<label for=\"user_login\">Username or Email Address<\/label>\n\t\t\t\t<input type=\"text\" name=\"log\" id=\"user_login\" autocomplete=\"username\" class=\"input\" value=\"\" size=\"20\" \/>\n\t\t\t<\/p><p class=\"login-password\">\n\t\t\t\t<label for=\"user_pass\">Password<\/label>\n\t\t\t\t<input type=\"password\" name=\"pwd\" id=\"user_pass\" autocomplete=\"current-password\" spellcheck=\"false\" class=\"input\" value=\"\" size=\"20\" \/>\n\t\t\t<\/p><p class=\"login-remember\"><label><input name=\"rememberme\" type=\"checkbox\" id=\"rememberme\" value=\"forever\" \/> Remember Me<\/label><\/p><p class=\"login-submit\">\n\t\t\t\t<input type=\"submit\" name=\"wp-submit\" id=\"wp-submit\" class=\"button button-primary\" value=\"Log In\" \/>\n\t\t\t\t<input type=\"hidden\" name=\"redirect_to\" value=\"https:\/\/www.fundacionveron.org\/en\/wp-json\/wp\/v2\/posts\/886\" \/>\n\t\t\t<\/p><\/form><\/div><\/div>","_links":{"self":[{"href":"https:\/\/www.fundacionveron.org\/en\/wp-json\/wp\/v2\/posts\/886","targetHints":{"allow":["GET"]}}],"collection":[{"href":"https:\/\/www.fundacionveron.org\/en\/wp-json\/wp\/v2\/posts"}],"about":[{"href":"https:\/\/www.fundacionveron.org\/en\/wp-json\/wp\/v2\/types\/post"}],"author":[{"embeddable":true,"href":"https:\/\/www.fundacionveron.org\/en\/wp-json\/wp\/v2\/users\/7"}],"replies":[{"embeddable":true,"href":"https:\/\/www.fundacionveron.org\/en\/wp-json\/wp\/v2\/comments?post=886"}],"version-history":[{"count":0,"href":"https:\/\/www.fundacionveron.org\/en\/wp-json\/wp\/v2\/posts\/886\/revisions"}],"wp:featuredmedia":[{"embeddable":true,"href":"https:\/\/www.fundacionveron.org\/en\/wp-json\/"}],"wp:attachment":[{"href":"https:\/\/www.fundacionveron.org\/en\/wp-json\/wp\/v2\/media?parent=886"}],"wp:term":[{"taxonomy":"category","embeddable":true,"href":"https:\/\/www.fundacionveron.org\/en\/wp-json\/wp\/v2\/categories?post=886"},{"taxonomy":"post_tag","embeddable":true,"href":"https:\/\/www.fundacionveron.org\/en\/wp-json\/wp\/v2\/tags?post=886"}],"curies":[{"name":"wp","href":"https:\/\/api.w.org\/{rel}","templated":true}]}}