{"id":882,"date":"2017-04-26T08:13:57","date_gmt":"2017-04-26T06:13:57","guid":{"rendered":"https:\/\/www.fundacionveron.org\/?p=882"},"modified":"2019-10-09T19:10:34","modified_gmt":"2019-10-09T17:10:34","slug":"reunionembajadaestegucigalpa","status":"publish","type":"post","link":"https:\/\/www.fundacionveron.org\/en\/reunionembajadaestegucigalpa\/","title":{"rendered":"La Embajada de Espa\u00f1a en Tegucigalpa recibe a la Fundaci\u00f3n Ver\u00f3n"},"content":{"rendered":"<p style=\"text-align: justify;\">El pasado lunes 3 de abril el Embajador de Espa\u00f1a en Tegucigalpa, D. Miguel Albero Suar\u00e9z, el Coordinador General de la Cooperaci\u00f3n Espa\u00f1ola en Agencia Espa\u00f1ola de Cooperaci\u00f3n Internacional (AECID), D. Miguel Gonz\u00e1lez Gull\u00f3n y el Agregado Econ\u00f3mico y Comercial, D\u00f1a. Ana Jim\u00e9nez Mart\u00ednez, se reunieron en la Embajada de Espa\u00f1a en Tegucigalpa con una representaci\u00f3n de la Fundaci\u00f3n Ver\u00f3n y de la Fundaci\u00f3n NACAR para conocer el proyecto, misi\u00f3n y valores que La Escuela del Vidrio desarrolla en el distrito hondure\u00f1o de El Progreso.<\/p>\n<p style=\"text-align: justify;\"><a href=\"https:\/\/www.fundacionveron.org\/wp-content\/uploads\/2017\/04\/Embajador-de-Espa\u00f1a-en-Honduras.jpg\"><img loading=\"lazy\" decoding=\"async\" class=\"wp-image-884 alignright\" src=\"https:\/\/www.fundacionveron.org\/wp-content\/uploads\/2017\/04\/Embajador-de-Espa\u00f1a-en-Honduras.jpg\" alt=\"Embajador de Espa\u00f1a en Honduras\" width=\"302\" height=\"201\" \/><\/a>La sensibilidad human\u00edstica y curricular de los diplom\u00e1ticos hac\u00eda presagiar que el\u00a0encuentro resultar\u00eda positivo. El amor a la literatura del embajador, ha escrito novela,\u00a0ensayo y poes\u00eda, (de hecho, gan\u00f3 el pasado mes de diciembre el XXI Premio de Novela\u00a0Vargas Llosa); la dedicaci\u00f3n durante m\u00e1s de 15 a\u00f1os de D. Miguel Gonz\u00e1lez a proyectos\u00a0de cooperaci\u00f3n internacional, y la experiencia de D\u00f1a. Ana, siempre vinculada a la pol\u00edtica\u00a0comercial y a la financiaci\u00f3n internacional, eran el mix perfecto para que tomaran conciencia del verdadero significado para la vida de los alumnos y de su entorno de la actividad de la Escuela. Nuestro objetivo era despertar su inter\u00e9s por conocer c\u00f3mo se\u00a0ayuda y se forma a j\u00f3venes que no lo tienen nada f\u00e1cil, y asegurar la sostenibilidad del\u00a0proyecto tambi\u00e9n con el acceso a posibles ayudas desde la administraci\u00f3n espa\u00f1ola, y\u00a0estamos en el buen camino. El mes que viene el Embajador Espa\u00f1ol en Honduras y el Coordinador General de Cooperaci\u00f3n, acompa\u00f1ados por la Embajadora de M\u00e9xico,\u00a0visitar\u00e1n la Escuela del Vidrio. Es una noticia positiv\u00edsima y ya han comenzado los\u00a0preparativos para la ocasi\u00f3n. La Asociaci\u00f3n Amigos de la Escuela del Vidrio ser\u00e1n los\u00a0encargados de recibirlos y mostrarles \u201cin situ\u201d todo el trabajo que all\u00ed se est\u00e1 desarrollando.<\/p>\n<p style=\"text-align: justify;\">Ser\u00e1 un aut\u00e9ntico placer seguir inform\u00e1ndoos de c\u00f3mo entre todos se pueden cambiar los destinos.<\/p>","protected":false},"excerpt":{"rendered":"<p>El pasado lunes 3 de abril el Embajador de Espa\u00f1a en Tegucigalpa, D. Miguel Albero&#8230;<\/p>","protected":false},"author":7,"featured_media":883,"comment_status":"closed","ping_status":"open","sticky":false,"template":"","format":"standard","meta":{"_monsterinsights_skip_tracking":false,"_monsterinsights_sitenote_active":false,"_monsterinsights_sitenote_note":"","_monsterinsights_sitenote_category":0,"_price":"","_stock":"","_tribe_ticket_header":"","_tribe_default_ticket_provider":"","_ticket_start_date":"","_ticket_end_date":"","_tribe_ticket_show_description":"","_tribe_ticket_show_not_going":false,"_tribe_ticket_use_global_stock":"","_tribe_ticket_global_stock_level":"","_global_stock_mode":"","_global_stock_cap":"","_tribe_rsvp_for_event":"","_tribe_ticket_going_count":"","_tribe_ticket_not_going_count":"","_tribe_tickets_list":"[]","_tribe_ticket_has_attendee_info_fields":false,"footnotes":""},"categories":[5],"tags":[31,36,37,25],"class_list":["post-882","post","type-post","status-publish","format-standard","has-post-thumbnail","hentry","category-fundacion-veron-en-honduras","tag-cooperacion-internacional","tag-embajada-de-espana-en-tegucigalpa","tag-espana","tag-honduras"],"wpcf_dashboard":"<div class=\"woocommerce\"><div class=\"woocommerce-info\">Please log in first? <a class=\"wpneoShowLogin\" href=\"#\">Click here to login<\/a><\/div><div class=\"wpneo_login_form_div\" style=\"display: none;\"><form name=\"loginform\" id=\"loginform\" action=\"https:\/\/www.fundacionveron.org\/en\/gestion\/\" method=\"post\"><p class=\"login-username\">\n\t\t\t\t<label for=\"user_login\">Username or Email Address<\/label>\n\t\t\t\t<input type=\"text\" name=\"log\" id=\"user_login\" autocomplete=\"username\" class=\"input\" value=\"\" size=\"20\" \/>\n\t\t\t<\/p><p class=\"login-password\">\n\t\t\t\t<label for=\"user_pass\">Password<\/label>\n\t\t\t\t<input type=\"password\" name=\"pwd\" id=\"user_pass\" autocomplete=\"current-password\" spellcheck=\"false\" class=\"input\" value=\"\" size=\"20\" \/>\n\t\t\t<\/p><p class=\"login-remember\"><label><input name=\"rememberme\" type=\"checkbox\" id=\"rememberme\" value=\"forever\" \/> Remember Me<\/label><\/p><p class=\"login-submit\">\n\t\t\t\t<input type=\"submit\" name=\"wp-submit\" id=\"wp-submit\" class=\"button button-primary\" value=\"Log In\" \/>\n\t\t\t\t<input type=\"hidden\" name=\"redirect_to\" value=\"https:\/\/www.fundacionveron.org\/en\/wp-json\/wp\/v2\/posts\/882\" \/>\n\t\t\t<\/p><\/form><\/div><\/div>","_links":{"self":[{"href":"https:\/\/www.fundacionveron.org\/en\/wp-json\/wp\/v2\/posts\/882","targetHints":{"allow":["GET"]}}],"collection":[{"href":"https:\/\/www.fundacionveron.org\/en\/wp-json\/wp\/v2\/posts"}],"about":[{"href":"https:\/\/www.fundacionveron.org\/en\/wp-json\/wp\/v2\/types\/post"}],"author":[{"embeddable":true,"href":"https:\/\/www.fundacionveron.org\/en\/wp-json\/wp\/v2\/users\/7"}],"replies":[{"embeddable":true,"href":"https:\/\/www.fundacionveron.org\/en\/wp-json\/wp\/v2\/comments?post=882"}],"version-history":[{"count":0,"href":"https:\/\/www.fundacionveron.org\/en\/wp-json\/wp\/v2\/posts\/882\/revisions"}],"wp:featuredmedia":[{"embeddable":true,"href":"https:\/\/www.fundacionveron.org\/en\/wp-json\/"}],"wp:attachment":[{"href":"https:\/\/www.fundacionveron.org\/en\/wp-json\/wp\/v2\/media?parent=882"}],"wp:term":[{"taxonomy":"category","embeddable":true,"href":"https:\/\/www.fundacionveron.org\/en\/wp-json\/wp\/v2\/categories?post=882"},{"taxonomy":"post_tag","embeddable":true,"href":"https:\/\/www.fundacionveron.org\/en\/wp-json\/wp\/v2\/tags?post=882"}],"curies":[{"name":"wp","href":"https:\/\/api.w.org\/{rel}","templated":true}]}}