{"id":8790,"date":"2026-02-11T15:54:48","date_gmt":"2026-02-11T13:54:48","guid":{"rendered":"https:\/\/www.fundacionveron.org\/?p=8790"},"modified":"2026-02-11T16:00:46","modified_gmt":"2026-02-11T14:00:46","slug":"diario-48-levantas-la-mirada-y","status":"publish","type":"post","link":"https:\/\/www.fundacionveron.org\/en\/diario-48-levantas-la-mirada-y\/","title":{"rendered":"Diario 48: Levantas la mirada y&#8230;"},"content":{"rendered":"<p style=\"text-align: justify;\">Te sientas, <strong>la pantalla todav\u00eda no se enciende<\/strong>. Pasa much\u00edsima gente, ponen sus maletas. Esta no entra, <em>se\u00f1or por favor ponga su maleta como esa, sino no entran. Tenemos el vuelo lleno.<\/em> Le dice la azafata al que va delante tuyo.<\/p>\n<div style=\"text-align: justify;\">\n<p>Pasa un rato, te das cuenta que no tienes el libro en el bolso. <strong>Te levantas, estorbas a la gente<\/strong> que hace fila para sentarse, abres tu maleta como puedes, <strong>coges tu libro<\/strong>, sonr\u00edes mucho al se\u00f1or al que has molestado, das las gracias y pides perd\u00f3n. <strong>Te sientas.<\/strong><br \/>\n<strong>Miras la pantalla, no se puede tocar<\/strong>, hay anuncios de air Europa, respiras y abres tu libro.<\/p>\n<p>Se sienta una se\u00f1ora a tu lado, llama por tel\u00e9fono, pones la antena. Algo con sus hijos, un l\u00edo\u2026<br \/>\nLuego viene una ni\u00f1a, no ni\u00f1a, pero es m\u00e1s joven que t\u00fa, saluda y se sienta al lado. Vuelves a leer.<\/p>\n<p><strong>Haces v\u00eddeos mientras se mueve el avi\u00f3n<\/strong> por si sale la casa tan bonita que un d\u00eda grabaste en ese mismo aeropuerto. Nada, no la ves. <strong>Al fin y al cabo han pasado dos a\u00f1os desde la \u00faltima vez que saliste de San Pedro Sula.<\/strong><\/p>\n<p>Borras los v\u00eddeos que no te gustan y vuelves a leer.<br \/>\n<strong>En el libro pasan muchas cosas<\/strong> y te pones un poco triste. Ya en el aire ofrecen auriculares a tres euros. T\u00fa tienes los tuyos, hombre te van a timar a ti tres euros. N<em>o, muy amable no quiero.\u00a0<\/em>Le dices a la amble azafata.<\/p>\n<p><strong>La pantalla ya se puede tocar. Te emocionas<\/strong>, y no parece que vayas a dejar de hacerlo.<\/p>\n<p><strong>Abres la c\u00e1mara del m\u00f3vil<\/strong>, tocas la pantalla, que se vea aesthetic (con buen gusto), que va para TikTok.<br \/>\nQue fuerte, lo has puesto en bucle en el vuelo de ida. Este vuelo no va a ser menos.<br \/>\nEncima es de d\u00eda y hay buena luz. Los v\u00eddeos que hiciste en el de ida era de noche y no ten\u00edas el pelo tan mono.<\/p>\n<p><strong>Haces como seis v\u00eddeos, en algunos giras la c\u00e1mara y te enfocas flipando, un poco fingido aunque el sentimiento est\u00e1<\/strong>. Es lo que hacen las influs, as\u00ed que a ver si funciona.<\/p>\n<p>Despu\u00e9s de muchos \u00e1ngulos, de enfocar a la venta, de que se vea el inicio, de que se vea el final, de que se vea que pone escuela del vidrio, de que se vea que pone fundaci\u00f3n Ver\u00f3n, que se vea que es un documental hecho por lucia. <strong>Te quedas m\u00e1s o menos satisfecha.<\/strong> Pones el documental desde el principio y lo dejas correr.<br \/>\nAbres el m\u00f3vil, WhatsApp, la conversaci\u00f3n que tienes contigo misma y empiezas a escribir.<\/p>\n<p><strong>Levantas la mirada, est\u00e1 Zeni<\/strong> hablando. Esa Zeni peque\u00f1a, con su hermana todav\u00eda m\u00e1s peque\u00f1a. Esa Zeni que viste hace tres d\u00edas en el cole s\u00faper mayor, con la voz cambiada pero con la misma mirada, la misma sonrisa. Una Zeni que ya no quiere aparecer en pantalla. Has querido grabar su reacci\u00f3n cuando le dec\u00edas que en los vuelos de Air Europa aparece el documental y que la puede ver mucha gente. Intentas grabarlo y capturar el momento en el que flipa en colores, pero no se deja. Se muere de verg\u00fcenza y se esconde de la c\u00e1mara mientras se r\u00ede de ti y contigo.<\/p>\n<p>Despu\u00e9s de leer un rato m\u00e1s, <strong>vuelves a levantar la mirada y ves un plano que hiciste t\u00fa, una entrevista que hiciste tu entera a Elisa<\/strong>, donde est\u00e1 guapa, segura, con un micro en la camiseta que no conseguiste conectar a tu c\u00e1mara y qued\u00f3 como parte del decorado. Elisa cuenta lo que se ha avanzado. Y ni esa Elisa, ni la Teresa que grababa se imaginaban la de cosas bonitas que se est\u00e1n haciendo en estos meses.<\/p>\n<p>Ves gente que ya no est\u00e1, alumnos que parec\u00eda que quer\u00edan quedarse en especializaci\u00f3n y al final no, ves productos muy peque\u00f1os y miradas s\u00faper orgullosas. <strong>Y dices madre m\u00eda, deber\u00edamos volver a grabar.<\/strong> Que fuerte lo que est\u00e1n haciendo ahora.<\/p>\n<p>Que fuerte que est\u00e9s en el aire, de camino a Madrid a tu casa, una casa diferente a la que sol\u00edas volver. Que fuerte la gente que has conocido y la gente que quiere apoyar.<\/p>\n<p>Cuant\u00edsimos correos tengo que mandar y que ilusi\u00f3n que esto tire.<\/p>\n<p><strong>Que fuerte que Teresa de hace tres a\u00f1os sobre estas fechas se estaba llamando con su amiga de la uni Lucia<\/strong> para ver a qu\u00e9 chichos sac\u00e1bamos y entrevist\u00e1bamos en el documental.<\/p>\n<p>Que nadie me pellizque y <strong>que lleguen muchas m\u00e1s llamadas que nos lleven a cosas como esta<\/strong> porfa porfa.<\/p>\n<p>&nbsp;<\/p>\n<\/div>\n<div dir=\"auto\" style=\"text-align: justify;\">Luego lloras un poco porque est\u00e1s orgullosa y porque el libro que tienes entre tus piernas est\u00e1 en un momento triste y est\u00e1s tambi\u00e9n cansada y hay un poco de mix vital.<\/div>","protected":false},"excerpt":{"rendered":"<p>Te sientas, la pantalla todav\u00eda no se enciende. Pasa much\u00edsima gente, ponen sus maletas. Esta&#8230;<\/p>","protected":false},"author":8,"featured_media":8793,"comment_status":"closed","ping_status":"open","sticky":false,"template":"","format":"standard","meta":{"_monsterinsights_skip_tracking":false,"_monsterinsights_sitenote_active":false,"_monsterinsights_sitenote_note":"","_monsterinsights_sitenote_category":0,"_price":"","_stock":"","_tribe_ticket_header":"","_tribe_default_ticket_provider":"","_ticket_start_date":"","_ticket_end_date":"","_tribe_ticket_show_description":"","_tribe_ticket_show_not_going":false,"_tribe_ticket_use_global_stock":"","_tribe_ticket_global_stock_level":"","_global_stock_mode":"","_global_stock_cap":"","_tribe_rsvp_for_event":"","_tribe_ticket_going_count":"","_tribe_ticket_not_going_count":"","_tribe_tickets_list":"[]","_tribe_ticket_has_attendee_info_fields":false,"footnotes":""},"categories":[374,484,4,5],"tags":[],"class_list":["post-8790","post","type-post","status-publish","format-standard","has-post-thumbnail","hentry","category-blog","category-diario-de-una-voluntaria","category-fundacion-veron-en-espana","category-fundacion-veron-en-honduras"],"wpcf_dashboard":"<div class=\"woocommerce\"><div class=\"woocommerce-info\">Please log in first? <a class=\"wpneoShowLogin\" href=\"#\">Click here to login<\/a><\/div><div class=\"wpneo_login_form_div\" style=\"display: none;\"><form name=\"loginform\" id=\"loginform\" action=\"https:\/\/www.fundacionveron.org\/en\/gestion\/\" method=\"post\"><p class=\"login-username\">\n\t\t\t\t<label for=\"user_login\">Username or Email Address<\/label>\n\t\t\t\t<input type=\"text\" name=\"log\" id=\"user_login\" autocomplete=\"username\" class=\"input\" value=\"\" size=\"20\" \/>\n\t\t\t<\/p><p class=\"login-password\">\n\t\t\t\t<label for=\"user_pass\">Password<\/label>\n\t\t\t\t<input type=\"password\" name=\"pwd\" id=\"user_pass\" autocomplete=\"current-password\" spellcheck=\"false\" class=\"input\" value=\"\" size=\"20\" \/>\n\t\t\t<\/p><p class=\"login-remember\"><label><input name=\"rememberme\" type=\"checkbox\" id=\"rememberme\" value=\"forever\" \/> Remember Me<\/label><\/p><p class=\"login-submit\">\n\t\t\t\t<input type=\"submit\" name=\"wp-submit\" id=\"wp-submit\" class=\"button button-primary\" value=\"Log In\" \/>\n\t\t\t\t<input type=\"hidden\" name=\"redirect_to\" value=\"https:\/\/www.fundacionveron.org\/en\/wp-json\/wp\/v2\/posts\/8790\" \/>\n\t\t\t<\/p><\/form><\/div><\/div>","_links":{"self":[{"href":"https:\/\/www.fundacionveron.org\/en\/wp-json\/wp\/v2\/posts\/8790","targetHints":{"allow":["GET"]}}],"collection":[{"href":"https:\/\/www.fundacionveron.org\/en\/wp-json\/wp\/v2\/posts"}],"about":[{"href":"https:\/\/www.fundacionveron.org\/en\/wp-json\/wp\/v2\/types\/post"}],"author":[{"embeddable":true,"href":"https:\/\/www.fundacionveron.org\/en\/wp-json\/wp\/v2\/users\/8"}],"replies":[{"embeddable":true,"href":"https:\/\/www.fundacionveron.org\/en\/wp-json\/wp\/v2\/comments?post=8790"}],"version-history":[{"count":0,"href":"https:\/\/www.fundacionveron.org\/en\/wp-json\/wp\/v2\/posts\/8790\/revisions"}],"wp:featuredmedia":[{"embeddable":true,"href":"https:\/\/www.fundacionveron.org\/en\/wp-json\/wp\/v2\/media\/8793"}],"wp:attachment":[{"href":"https:\/\/www.fundacionveron.org\/en\/wp-json\/wp\/v2\/media?parent=8790"}],"wp:term":[{"taxonomy":"category","embeddable":true,"href":"https:\/\/www.fundacionveron.org\/en\/wp-json\/wp\/v2\/categories?post=8790"},{"taxonomy":"post_tag","embeddable":true,"href":"https:\/\/www.fundacionveron.org\/en\/wp-json\/wp\/v2\/tags?post=8790"}],"curies":[{"name":"wp","href":"https:\/\/api.w.org\/{rel}","templated":true}]}}