{"id":867,"date":"2017-03-29T14:01:43","date_gmt":"2017-03-29T12:01:43","guid":{"rendered":"https:\/\/www.fundacionveron.org\/?p=867"},"modified":"2019-10-09T19:10:35","modified_gmt":"2019-10-09T17:10:35","slug":"davidcursocacao","status":"publish","type":"post","link":"https:\/\/www.fundacionveron.org\/en\/davidcursocacao\/","title":{"rendered":"David en el Curso de Producci\u00f3n de Cacao"},"content":{"rendered":"<p style=\"text-align: justify;\"><a href=\"https:\/\/www.fundacionveron.org\/wp-content\/uploads\/2017\/03\/IMG-20170329-WA0004.jpg\"><img loading=\"lazy\" decoding=\"async\" class=\"wp-image-868 alignleft\" src=\"https:\/\/www.fundacionveron.org\/wp-content\/uploads\/2017\/03\/IMG-20170329-WA0004.jpg\" alt=\"IMG-20170329-WA0004\" width=\"232\" height=\"412\" \/><\/a>La semana pasada hablamos con David. \u00abQuiero contarles algo\u00bb nos dijo. Estaba muy alegre. De repente David nos cuenta que le hab\u00edan otorgado media beca para realizar un Curso de Producci\u00f3n de Cacao en La Ceiba, Atl\u00e1ntida, Honduras. \u00a0\u00a1Qu\u00e9 alegr\u00eda! Es un chico muy trabajador y se lo merece. Pero al preguntarle, David nos dijo que el problema, y por lo que \u00e9l estaba preocupado, es porque no tiene para cubrir la otra mitad de la beca. Siendo as\u00ed, y conociendo a David, en Fundaci\u00f3n Ver\u00f3n nos pusimos en marcha para ayudarlo. En conjunto con el proyecto Escuela del Vidrio de Honduras, nos pusimos de nuevo a trabajar, y realizamos lo necesario para dar apoyo a David.<\/p>\n<p style=\"text-align: justify;\">El lunes pasado 27 de marzo comenz\u00f3 las clases. Bien temprano sali\u00f3 hacia La Ceiba, es un trayecto largo, y se comunic\u00f3 con nosotros para darnos las gracias y avisarnos que ya estaba llegando al curso. Est\u00e1 realmente contento con la oportunidad: \u00abya ha comenzado el curso y lo estoy viviendo 100%\u00bb. El curso dura una semana, as\u00ed que David lo puede compaginar bien con la universidad y el desarrollo de su cooperativa. Adem\u00e1s David tiene un cultivo de cacao, por lo que este curso le aportar\u00e1 mucho y puede aplicarlo en cuanto est\u00e9 de vuelta.<\/p>\n<p style=\"text-align: justify;\">\u00abCada d\u00eda me sorprende m\u00e1s la vitalidad y la fuerza que tiene David; la pasi\u00f3n por la agricultura, por aprender y su capacidad de superaci\u00f3n.\u00bb M.<\/p>\n<p style=\"text-align: justify;\">Hoy David nos enviaba esta foto. El curso es bastante intenso y no ha hecho muchas, pero un compa\u00f1ero le hizo esta y nos encanta verlo. \u00abTodo lo que estamos viendo y aprendiendo es una pasi\u00f3n\u00bb nos dice David.<\/p>","protected":false},"excerpt":{"rendered":"<p>La semana pasada hablamos con David. \u00abQuiero contarles algo\u00bb nos dijo. Estaba muy alegre. De&#8230;<\/p>","protected":false},"author":7,"featured_media":868,"comment_status":"closed","ping_status":"open","sticky":false,"template":"","format":"standard","meta":{"_monsterinsights_skip_tracking":false,"_monsterinsights_sitenote_active":false,"_monsterinsights_sitenote_note":"","_monsterinsights_sitenote_category":0,"_price":"","_stock":"","_tribe_ticket_header":"","_tribe_default_ticket_provider":"","_ticket_start_date":"","_ticket_end_date":"","_tribe_ticket_show_description":"","_tribe_ticket_show_not_going":false,"_tribe_ticket_use_global_stock":"","_tribe_ticket_global_stock_level":"","_global_stock_mode":"","_global_stock_cap":"","_tribe_rsvp_for_event":"","_tribe_ticket_going_count":"","_tribe_ticket_not_going_count":"","_tribe_tickets_list":"[]","_tribe_ticket_has_attendee_info_fields":false,"footnotes":""},"categories":[5],"tags":[15,71,72],"class_list":["post-867","post","type-post","status-publish","format-standard","has-post-thumbnail","hentry","category-fundacion-veron-en-honduras","tag-educacion","tag-emprendimiento","tag-microcreditos-al-desarrollo"],"wpcf_dashboard":"<div class=\"woocommerce\"><div class=\"woocommerce-info\">Please log in first? <a class=\"wpneoShowLogin\" href=\"#\">Click here to login<\/a><\/div><div class=\"wpneo_login_form_div\" style=\"display: none;\"><form name=\"loginform\" id=\"loginform\" action=\"https:\/\/www.fundacionveron.org\/en\/gestion\/\" method=\"post\"><p class=\"login-username\">\n\t\t\t\t<label for=\"user_login\">Username or Email Address<\/label>\n\t\t\t\t<input type=\"text\" name=\"log\" id=\"user_login\" autocomplete=\"username\" class=\"input\" value=\"\" size=\"20\" \/>\n\t\t\t<\/p><p class=\"login-password\">\n\t\t\t\t<label for=\"user_pass\">Password<\/label>\n\t\t\t\t<input type=\"password\" name=\"pwd\" id=\"user_pass\" autocomplete=\"current-password\" spellcheck=\"false\" class=\"input\" value=\"\" size=\"20\" \/>\n\t\t\t<\/p><p class=\"login-remember\"><label><input name=\"rememberme\" type=\"checkbox\" id=\"rememberme\" value=\"forever\" \/> Remember Me<\/label><\/p><p class=\"login-submit\">\n\t\t\t\t<input type=\"submit\" name=\"wp-submit\" id=\"wp-submit\" class=\"button button-primary\" value=\"Log In\" \/>\n\t\t\t\t<input type=\"hidden\" name=\"redirect_to\" value=\"https:\/\/www.fundacionveron.org\/en\/wp-json\/wp\/v2\/posts\/867\" \/>\n\t\t\t<\/p><\/form><\/div><\/div>","_links":{"self":[{"href":"https:\/\/www.fundacionveron.org\/en\/wp-json\/wp\/v2\/posts\/867","targetHints":{"allow":["GET"]}}],"collection":[{"href":"https:\/\/www.fundacionveron.org\/en\/wp-json\/wp\/v2\/posts"}],"about":[{"href":"https:\/\/www.fundacionveron.org\/en\/wp-json\/wp\/v2\/types\/post"}],"author":[{"embeddable":true,"href":"https:\/\/www.fundacionveron.org\/en\/wp-json\/wp\/v2\/users\/7"}],"replies":[{"embeddable":true,"href":"https:\/\/www.fundacionveron.org\/en\/wp-json\/wp\/v2\/comments?post=867"}],"version-history":[{"count":0,"href":"https:\/\/www.fundacionveron.org\/en\/wp-json\/wp\/v2\/posts\/867\/revisions"}],"wp:featuredmedia":[{"embeddable":true,"href":"https:\/\/www.fundacionveron.org\/en\/wp-json\/"}],"wp:attachment":[{"href":"https:\/\/www.fundacionveron.org\/en\/wp-json\/wp\/v2\/media?parent=867"}],"wp:term":[{"taxonomy":"category","embeddable":true,"href":"https:\/\/www.fundacionveron.org\/en\/wp-json\/wp\/v2\/categories?post=867"},{"taxonomy":"post_tag","embeddable":true,"href":"https:\/\/www.fundacionveron.org\/en\/wp-json\/wp\/v2\/tags?post=867"}],"curies":[{"name":"wp","href":"https:\/\/api.w.org\/{rel}","templated":true}]}}