{"id":7838,"date":"2024-12-04T13:29:14","date_gmt":"2024-12-04T11:29:14","guid":{"rendered":"https:\/\/www.fundacionveron.org\/?p=7838"},"modified":"2024-12-04T13:29:14","modified_gmt":"2024-12-04T11:29:14","slug":"diario-36-bye-bye-2024","status":"publish","type":"post","link":"https:\/\/www.fundacionveron.org\/en\/diario-36-bye-bye-2024\/","title":{"rendered":"Diary 36: Bye Bye 2024"},"content":{"rendered":"<p style=\"text-align: justify;\"><span style=\"font-weight: 400;\">Hace un a\u00f1o y hace 10 diarios escrib\u00eda \u201cbye bye 2023\u201d pidiendo que os vierais el <a href=\"https:\/\/www.youtube.com\/watch?v=OWd9YRQxZes\">documental<\/a> y hablando de lo mucho que hab\u00edamos aprendido.<\/span><\/p>\n<p style=\"text-align: justify;\"><span style=\"font-weight: 400;\">Ahora habr\u00eda abierto un nuevo documento para hablaros de la <strong>graduaci\u00f3n<\/strong>, que se celebr\u00f3 la semana pasada en Honduras y de una foto de <strong>Javier (alumno de la escuela)<\/strong> y su madre llorando mientras la madre daba un discurso orgullosa. Javier, como muchos otros alumnos,<strong> lo ha pasado muy mal en sus estudios<\/strong>, las \u00e9pocas de ex\u00e1menes se le hac\u00edan un mundo y la concentraci\u00f3n parece que siempre desaparec\u00eda en los momentos m\u00e1s importantes. En el discurso de graduaci\u00f3n su madre coment\u00f3 que le hab\u00edan rechazado de muchas escuelas antes de llegar a la Escuela del Vidrio.<\/span><\/p>\n<p style=\"text-align: justify;\"><span style=\"font-weight: 400;\"><strong>Que se haya graduado de 9\u00ba es un gran logro para \u00e9l<\/strong>, para su familia y para el cole. Durante estos periodos siempre pensamos que al final no querr\u00eda hacer el Bachillerato. Pero en la \u00faltima reuni\u00f3n que tuvimos con Elisa, nos dijo que <strong>Javier se hab\u00eda decidido por seguir estudiando.\u00a0<\/strong><\/span><\/p>\n<p style=\"text-align: justify;\"><strong>No hay nada m\u00e1s bonito que ver a un alumno superarse en sus metas, sorprenderse a s\u00ed mismo viendo que s\u00ed puede.\u00a0<\/strong><\/p>\n<p style=\"text-align: justify;\"><span style=\"font-weight: 400;\">S\u00e9 lo duro que es porque cuando yo estaba en el cole hubo una \u00e9poca en la que mi profesora particular me dijo \u201cte queda un a\u00f1o de tortura, no tienes porque hacer bachillerato si no quieres, estudia este a\u00f1o y luego se acaba\u201d\u00a0<\/span><span style=\"font-weight: 400;\">Cuando ves que la limitaci\u00f3n te la pones t\u00fa en cierto modo se te acaba la tonter\u00eda.\u00a0<\/span><span style=\"font-weight: 400;\">A mi me sent\u00f3 tan mal que diera por hecho que no quer\u00eda o pod\u00eda hacerlo que me dio la fuerza suficiente para querer estudiar y superarme. Me pas\u00f3 lo mismo con la carrera y me pas\u00f3 lo mismo con el m\u00e1ster mientras trabajaba.\u00a0<\/span><strong>Una vez te sorprendes a ti mismo se convierte en una constante, y nunca acabas de subir la barra contra la que te mides.\u00a0<\/strong><\/p>\n<p style=\"text-align: justify;\"><span style=\"font-weight: 400;\">Me encanta <strong>la Escuela del Vidrio<\/strong> por muchas razones, pero si tengo que decir la principal ser\u00eda esa, que <strong>educa en la superaci\u00f3n<\/strong>. Que no hay alumno que no se haya esforzado una barbaridad para llegar a sacar las asignaturas y buenas notas. Y que tanto profesores, como alumnos, como patronos, y nosotras cada a\u00f1o vamos subiendo las metas, vamos evolucionando y aprendiendo. Siempre hay proyectos nuevos, <strong>siempre hay un logro<\/strong> de alg\u00fan antiguo alumno <strong>que nos eriza la piel<\/strong>, siempre hay una cosa nueva que contar y celebrar.\u00a0<\/span><\/p>\n<p style=\"text-align: justify;\"><span style=\"font-weight: 400;\"><strong>2024 ha sido un a\u00f1o de logros grandes<\/strong>, de m\u00e1s donativos que nunca, de m\u00e1s pedidos que nunca, de m\u00e1s alumnos que nunca. Estamos orgullosos por lo recorrido, <strong>eso s\u00ed la lista de Goals 2025 es intensita<\/strong>, ya os iremos contando.\u00a0<\/span><\/p>\n<p style=\"text-align: justify;\"><strong>Gracias por estar ah\u00ed, por seguirnos, celebrarnos y apoyarnos!<\/strong><\/p>\n<p style=\"text-align: center;\"><a class=\"maxbutton-1 maxbutton maxbutton-hazte-socio\" target=\"_blank\" rel=\"noopener\" href=\"https:\/\/www.fundacionveron.org\/crowdfunding\/dona-a-la-escuela-del-vidrio\/\"><span class='mb-text'>DONA A LA EV<\/span><\/a><\/p>","protected":false},"excerpt":{"rendered":"<p>Hace un a\u00f1o y hace 10 diarios escrib\u00eda \u201cbye bye 2023\u201d pidiendo que os vierais&#8230;<\/p>","protected":false},"author":8,"featured_media":7840,"comment_status":"closed","ping_status":"open","sticky":false,"template":"","format":"standard","meta":{"_monsterinsights_skip_tracking":false,"_monsterinsights_sitenote_active":false,"_monsterinsights_sitenote_note":"","_monsterinsights_sitenote_category":0,"_price":"","_stock":"","_tribe_ticket_header":"","_tribe_default_ticket_provider":"","_ticket_start_date":"","_ticket_end_date":"","_tribe_ticket_show_description":"","_tribe_ticket_show_not_going":false,"_tribe_ticket_use_global_stock":"","_tribe_ticket_global_stock_level":"","_global_stock_mode":"","_global_stock_cap":"","_tribe_rsvp_for_event":"","_tribe_ticket_going_count":"","_tribe_ticket_not_going_count":"","_tribe_tickets_list":"[]","_tribe_ticket_has_attendee_info_fields":false,"footnotes":""},"categories":[374,484,421],"tags":[451,15,28,384],"class_list":["post-7838","post","type-post","status-publish","format-standard","has-post-thumbnail","hentry","category-blog","category-diario-de-una-voluntaria","category-escuela-de-vidrio","tag-ayuda-a-honduras","tag-educacion","tag-escuela-del-vidrio","tag-graduacion"],"wpcf_dashboard":"<div class=\"woocommerce\"><div class=\"woocommerce-info\">Please log in first? <a class=\"wpneoShowLogin\" href=\"#\">Click here to login<\/a><\/div><div class=\"wpneo_login_form_div\" style=\"display: none;\"><form name=\"loginform\" id=\"loginform\" action=\"https:\/\/www.fundacionveron.org\/en\/gestion\/\" method=\"post\"><p class=\"login-username\">\n\t\t\t\t<label for=\"user_login\">Username or Email Address<\/label>\n\t\t\t\t<input type=\"text\" name=\"log\" id=\"user_login\" autocomplete=\"username\" class=\"input\" value=\"\" size=\"20\" \/>\n\t\t\t<\/p><p class=\"login-password\">\n\t\t\t\t<label for=\"user_pass\">Password<\/label>\n\t\t\t\t<input type=\"password\" name=\"pwd\" id=\"user_pass\" autocomplete=\"current-password\" spellcheck=\"false\" class=\"input\" value=\"\" size=\"20\" \/>\n\t\t\t<\/p><p class=\"login-remember\"><label><input name=\"rememberme\" type=\"checkbox\" id=\"rememberme\" value=\"forever\" \/> Remember Me<\/label><\/p><p class=\"login-submit\">\n\t\t\t\t<input type=\"submit\" name=\"wp-submit\" id=\"wp-submit\" class=\"button button-primary\" value=\"Log In\" \/>\n\t\t\t\t<input type=\"hidden\" name=\"redirect_to\" value=\"https:\/\/www.fundacionveron.org\/en\/wp-json\/wp\/v2\/posts\/7838\" \/>\n\t\t\t<\/p><\/form><\/div><\/div>","_links":{"self":[{"href":"https:\/\/www.fundacionveron.org\/en\/wp-json\/wp\/v2\/posts\/7838","targetHints":{"allow":["GET"]}}],"collection":[{"href":"https:\/\/www.fundacionveron.org\/en\/wp-json\/wp\/v2\/posts"}],"about":[{"href":"https:\/\/www.fundacionveron.org\/en\/wp-json\/wp\/v2\/types\/post"}],"author":[{"embeddable":true,"href":"https:\/\/www.fundacionveron.org\/en\/wp-json\/wp\/v2\/users\/8"}],"replies":[{"embeddable":true,"href":"https:\/\/www.fundacionveron.org\/en\/wp-json\/wp\/v2\/comments?post=7838"}],"version-history":[{"count":0,"href":"https:\/\/www.fundacionveron.org\/en\/wp-json\/wp\/v2\/posts\/7838\/revisions"}],"wp:featuredmedia":[{"embeddable":true,"href":"https:\/\/www.fundacionveron.org\/en\/wp-json\/wp\/v2\/media\/7840"}],"wp:attachment":[{"href":"https:\/\/www.fundacionveron.org\/en\/wp-json\/wp\/v2\/media?parent=7838"}],"wp:term":[{"taxonomy":"category","embeddable":true,"href":"https:\/\/www.fundacionveron.org\/en\/wp-json\/wp\/v2\/categories?post=7838"},{"taxonomy":"post_tag","embeddable":true,"href":"https:\/\/www.fundacionveron.org\/en\/wp-json\/wp\/v2\/tags?post=7838"}],"curies":[{"name":"wp","href":"https:\/\/api.w.org\/{rel}","templated":true}]}}