{"id":7820,"date":"2024-11-06T18:41:48","date_gmt":"2024-11-06T16:41:48","guid":{"rendered":"https:\/\/www.fundacionveron.org\/?p=7820"},"modified":"2024-11-06T18:52:47","modified_gmt":"2024-11-06T16:52:47","slug":"diario-35-si-me-preguntas","status":"publish","type":"post","link":"https:\/\/www.fundacionveron.org\/en\/diario-35-si-me-preguntas\/","title":{"rendered":"Diary 35: If you ask me\u2026"},"content":{"rendered":"<p style=\"text-align: justify;\"><i><span style=\"font-weight: 400;\">\u201cDios m\u00edo, \u00a1qu\u00e9 dif\u00edcil es vencer la esperanza, que tenaz y astuta es!\u201d \u2013<\/span><\/i><span style=\"font-weight: 400;\"> Michel Houellebeque.\u00a0<\/span><\/p>\n<p style=\"text-align: justify;\"><span style=\"font-weight: 400;\">Veo los videos, oigo las palas contra el suelo, <strong>veo las rayas marcadas en la pared, esas rayas ya las he visto antes.<\/strong>\u00a0<\/span><\/p>\n<p style=\"text-align: justify;\"><span style=\"font-weight: 400;\">Lo que no he visto antes es la <strong>determinaci\u00f3n<\/strong> de tanta gente junta, lo que no hab\u00eda visto antes son todas esas garrafas de agua, cientos y cientos de ellas acumuladas en naves, iglesias y colegios, listas para ser cargadas en furgonetas por manos solidarias.\u00a0<\/span><\/p>\n<p><span style=\"text-align: justify;\">Estoy al otro lado del charco y puedo oler el enfado, la indignaci\u00f3n de una naci\u00f3n entera, contra la gesti\u00f3n o la no gesti\u00f3n, pero sobre todo contra la gente que va en contra. Contra los que no mueven el culo, en general.\u00a0<\/span><\/p>\n<p style=\"text-align: justify;\"><span style=\"font-weight: 400;\">Me preguntan aqu\u00ed (EEUU) c\u00f3mo estamos, si nos ha afectado, <strong>nos preguntan los hondure\u00f1os que si estamos todos bien<\/strong>. A lo que contesto: <\/span><span style=\"font-weight: 400;\">\u201cs\u00ed s\u00ed, mi familia est\u00e1 bien, mis amigos est\u00e1n bien. Y aun as\u00ed es desolador. Estamos todos alucinando con lo que est\u00e1 pasando. Gracias por preguntar\u201d\u00a0<\/span><\/p>\n<p style=\"text-align: justify;\"><span style=\"font-weight: 400;\">Estoy lacrimosa viendo todos los videos, escuchando a tant\u00edsima gente de mi edad organizar, moverse, comprar y pedir las cosas que se necesitan para los valencianos. Es escalofriante y emocionante a partes iguales.\u00a0<\/span><\/p>\n<p style=\"text-align: justify;\"><span style=\"font-weight: 400;\">Me da pena por muchas cosas, sobre todo por las obvias. <\/span><span style=\"font-weight: 400;\">Pero tambi\u00e9n, no s\u00e9 muy bien c\u00f3mo explicar esto, me da pena saber que<strong> cuando estas cosas pasan en otros pa\u00edses no hay ni gobiernos (sorpresa) ni personas (!) que ayuden ni que apoyen.<\/strong> Que el tejido social est\u00e1 tan tan tan roto que no existe un el pueblo salva al pueblo. Tambi\u00e9n porque todos los que ayudar\u00edan est\u00e1n igual de jodidos.\u00a0<\/span><\/p>\n<p style=\"text-align: justify;\"><span style=\"font-weight: 400;\">En Espa\u00f1a veo olas de gente que se mueve, que se queja, que toma acciones, que se moviliza con una determinaci\u00f3n enorme.\u00a0<\/span><strong>\u00bfCu\u00e1nto vamos a tener que trabajar para ver algo as\u00ed en Honduras? \u00a1\u00a1Y ni siquiera es lo id\u00edlico!! es desmoralizador, la verdad.\u00a0<\/strong><\/p>\n<p style=\"text-align: justify;\"><span style=\"font-weight: 400;\">Me enorgullece much\u00edsimo ver a tanta gente de mi pa\u00eds queriendo tanto y trabajando tanto por el resto. Me dan <strong>ganas<\/strong> de quedarme aqu\u00ed para siempre, <strong>de trabajar en este sector siempre, porque de verdad que se necesita.\u00a0<\/strong><\/span><\/p>\n<p style=\"text-align: justify;\"><span style=\"font-weight: 400;\"><strong>Animo a todos esos voluntarios<\/strong> y no dej\u00e9is nunca de donar y de apoyar a las causas que hacen que se os pongan los pelos de punta. <strong>Juntos somos mejores siempre. <\/strong><\/span><\/p>","protected":false},"excerpt":{"rendered":"<p>\u201cDios m\u00edo, \u00a1qu\u00e9 dif\u00edcil es vencer la esperanza, que tenaz y astuta es!\u201d \u2013 Michel&#8230;<\/p>","protected":false},"author":8,"featured_media":7828,"comment_status":"closed","ping_status":"open","sticky":false,"template":"","format":"standard","meta":{"_monsterinsights_skip_tracking":false,"_monsterinsights_sitenote_active":false,"_monsterinsights_sitenote_note":"","_monsterinsights_sitenote_category":0,"_price":"","_stock":"","_tribe_ticket_header":"","_tribe_default_ticket_provider":"","_ticket_start_date":"","_ticket_end_date":"","_tribe_ticket_show_description":"","_tribe_ticket_show_not_going":false,"_tribe_ticket_use_global_stock":"","_tribe_ticket_global_stock_level":"","_global_stock_mode":"","_global_stock_cap":"","_tribe_rsvp_for_event":"","_tribe_ticket_going_count":"","_tribe_ticket_not_going_count":"","_tribe_tickets_list":"[]","_tribe_ticket_has_attendee_info_fields":false,"footnotes":""},"categories":[374,484,1],"tags":[344,37,25,147,57],"class_list":["post-7820","post","type-post","status-publish","format-standard","has-post-thumbnail","hentry","category-blog","category-diario-de-una-voluntaria","category-fundacion-veron","tag-desastres-naturales","tag-espana","tag-honduras","tag-solidaridad","tag-voluntariado"],"wpcf_dashboard":"<div class=\"woocommerce\"><div class=\"woocommerce-info\">Please log in first? <a class=\"wpneoShowLogin\" href=\"#\">Click here to login<\/a><\/div><div class=\"wpneo_login_form_div\" style=\"display: none;\"><form name=\"loginform\" id=\"loginform\" action=\"https:\/\/www.fundacionveron.org\/en\/gestion\/\" method=\"post\"><p class=\"login-username\">\n\t\t\t\t<label for=\"user_login\">Username or Email Address<\/label>\n\t\t\t\t<input type=\"text\" name=\"log\" id=\"user_login\" autocomplete=\"username\" class=\"input\" value=\"\" size=\"20\" \/>\n\t\t\t<\/p><p class=\"login-password\">\n\t\t\t\t<label for=\"user_pass\">Password<\/label>\n\t\t\t\t<input type=\"password\" name=\"pwd\" id=\"user_pass\" autocomplete=\"current-password\" spellcheck=\"false\" class=\"input\" value=\"\" size=\"20\" \/>\n\t\t\t<\/p><p class=\"login-remember\"><label><input name=\"rememberme\" type=\"checkbox\" id=\"rememberme\" value=\"forever\" \/> Remember Me<\/label><\/p><p class=\"login-submit\">\n\t\t\t\t<input type=\"submit\" name=\"wp-submit\" id=\"wp-submit\" class=\"button button-primary\" value=\"Log In\" \/>\n\t\t\t\t<input type=\"hidden\" name=\"redirect_to\" value=\"https:\/\/www.fundacionveron.org\/en\/wp-json\/wp\/v2\/posts\/7820\" \/>\n\t\t\t<\/p><\/form><\/div><\/div>","_links":{"self":[{"href":"https:\/\/www.fundacionveron.org\/en\/wp-json\/wp\/v2\/posts\/7820","targetHints":{"allow":["GET"]}}],"collection":[{"href":"https:\/\/www.fundacionveron.org\/en\/wp-json\/wp\/v2\/posts"}],"about":[{"href":"https:\/\/www.fundacionveron.org\/en\/wp-json\/wp\/v2\/types\/post"}],"author":[{"embeddable":true,"href":"https:\/\/www.fundacionveron.org\/en\/wp-json\/wp\/v2\/users\/8"}],"replies":[{"embeddable":true,"href":"https:\/\/www.fundacionveron.org\/en\/wp-json\/wp\/v2\/comments?post=7820"}],"version-history":[{"count":0,"href":"https:\/\/www.fundacionveron.org\/en\/wp-json\/wp\/v2\/posts\/7820\/revisions"}],"wp:featuredmedia":[{"embeddable":true,"href":"https:\/\/www.fundacionveron.org\/en\/wp-json\/wp\/v2\/media\/7828"}],"wp:attachment":[{"href":"https:\/\/www.fundacionveron.org\/en\/wp-json\/wp\/v2\/media?parent=7820"}],"wp:term":[{"taxonomy":"category","embeddable":true,"href":"https:\/\/www.fundacionveron.org\/en\/wp-json\/wp\/v2\/categories?post=7820"},{"taxonomy":"post_tag","embeddable":true,"href":"https:\/\/www.fundacionveron.org\/en\/wp-json\/wp\/v2\/tags?post=7820"}],"curies":[{"name":"wp","href":"https:\/\/api.w.org\/{rel}","templated":true}]}}