{"id":779,"date":"2016-07-28T08:52:09","date_gmt":"2016-07-28T06:52:09","guid":{"rendered":"https:\/\/www.fundacionveron.org\/?p=343"},"modified":"2023-08-28T12:51:19","modified_gmt":"2023-08-28T10:51:19","slug":"visual-thinking-y-la-educacion-2","status":"publish","type":"post","link":"https:\/\/www.fundacionveron.org\/en\/visual-thinking-y-la-educacion-2\/","title":{"rendered":"Visual Thinking y la Educaci\u00f3n"},"content":{"rendered":"<p>&nbsp;<\/p>\n<p style=\"text-align: justify;\">La innovaci\u00f3n educativa es siempre interesante para nosotros en Fundaci\u00f3n Ver\u00f3n. Junto a las nuevas generaciones y las nuevas tecnolog\u00edas, nuevas t\u00e9cnicas est\u00e1n surgiendo. Y es que nos encanta el talento joven, las mentes despiertas y con ganas de evolucionar e innovar.<\/p>\n<p style=\"text-align: justify;\">El sistema educativo actual se enfoca en la evaluaci\u00f3n de las habilidades ling\u00fc\u00edsticas y l\u00f3gico-matem\u00e1ticas \u00fanicamente, mientras que deja de lado otras inteligencias y habilidades de nuestros estudiantes que hoy d\u00eda son fundamentales. Pero, gracias a las nuevas aportaciones, hoy podemos mejorar y entrenar m\u00e1s inteligencias, mediante t\u00e9cnicas como el Visual Thinking, la cual supone un apoyo al pensamiento y es muy \u00fatil de forma integrada en el aula o incluso en la empresa.<\/p>\n<p style=\"text-align: justify;\">Para poneros en contexto, os contamos brevemente la Teor\u00eda de las Inteligencias M\u00faltiples de Howard Gardner, la cual afirma que los seres humanos tenemos ocho inteligencias. Todas son importantes para desenvolvernos en el mundo, de ah\u00ed la necesidad de la estimulaci\u00f3n de todas ellas desde que somos peque\u00f1os; aunque algunos podamos destacar m\u00e1s en unas que en otras, o bien nos decantemos por una en especial en la que nos sintamos realizados. \u00c9stas son: Inteligencia ling\u00fc\u00edstica, l\u00f3gico-matem\u00e1tica, espacial, musical, corporal y cinest\u00e9sica, intrapersonal, interpersonal y naturalista<\/p>\n<h4 style=\"text-align: justify;\">Vale y \u00bfqu\u00e9 es esto del Visual Thinking y qu\u00e9 tiene que ver? Pues mucho.<\/h4>\n<p style=\"text-align: justify;\">\u00bfOs hab\u00e9is fijado que muchos \u201cgarabateamos\u201d cuando explicamos algo o hablamos con los dem\u00e1s?<\/p>\n<p style=\"text-align: justify;\">El Visual Thinking se trata de expresar no s\u00f3lo de forma esquem\u00e1tica, si no tambi\u00e9n visual, nuestro pensamiento. Es decir, esta t\u00e9cnica fomenta el desarrollo de la Inteligencia espacial, l\u00f3gico-matem\u00e1tica, ling\u00fc\u00edstica e intrapersonal. Tiene un poder enorme para transmitir informaci\u00f3n permitiendo una r\u00e1pida comprensi\u00f3n, incluso mayor que la de la palabra. Gracias a los avances en neurociencia, sabemos que el cerebro es capaz de mejorar la retenci\u00f3n de informaci\u00f3n cuando \u00e9sta se acompa\u00f1a de im\u00e1genes. No hace falta ser un artista para utilizar el Visual Thinking, hace falta que los dibujos sepan captar los conceptos.<\/p>\n<p style=\"text-align: justify;\">El Visual Thinking tambi\u00e9n nos sirve para tomar apuntes; y no s\u00f3lo en clase, tambi\u00e9n ayuda a comunicar y captar informaci\u00f3n en reuniones de trabajo y cualquier otro \u00e1mbito.<\/p>\n<p style=\"text-align: justify;\">Para dar respuesta a las dificultades de aprendizaje relacionadas con los trastornos del lenguaje, como puede ser la dislexia, por ejemplo, es un muy buen recurso ya que propicia la ense\u00f1anza usando m\u00e1s im\u00e1genes y menos palabras.<\/p>\n<blockquote>\n<p style=\"text-align: justify;\">El Proceso de Visual Thinking<br \/>\n1. Mirar. Absorber la informaci\u00f3n visual, recopilarla y seleccionarla.<br \/>\n2. Ver. Seleccionar la informaci\u00f3n interesante y agruparla bajo unas pautas determinadas.<br \/>\n3. Imaginar. Interpretar y manipular los elementos para descubrir nuevas pautas entre ellos.<br \/>\n4. Mostrar. Para obtener un feedback o retroalimentaci\u00f3n.<\/p>\n<\/blockquote>","protected":false},"excerpt":{"rendered":"<p>&nbsp; La innovaci\u00f3n educativa es siempre interesante para nosotros en Fundaci\u00f3n Ver\u00f3n. Junto a las&#8230;<\/p>","protected":false},"author":8,"featured_media":0,"comment_status":"closed","ping_status":"open","sticky":false,"template":"","format":"standard","meta":{"_monsterinsights_skip_tracking":false,"_monsterinsights_sitenote_active":false,"_monsterinsights_sitenote_note":"","_monsterinsights_sitenote_category":0,"_price":"","_stock":"","_tribe_ticket_header":"","_tribe_default_ticket_provider":"","_ticket_start_date":"","_ticket_end_date":"","_tribe_ticket_show_description":"","_tribe_ticket_show_not_going":false,"_tribe_ticket_use_global_stock":"","_tribe_ticket_global_stock_level":"","_global_stock_mode":"","_global_stock_cap":"","_tribe_rsvp_for_event":"","_tribe_ticket_going_count":"","_tribe_ticket_not_going_count":"","_tribe_tickets_list":"[]","_tribe_ticket_has_attendee_info_fields":false,"footnotes":""},"categories":[6],"tags":[236,15,235],"class_list":["post-779","post","type-post","status-publish","format-standard","hentry","category-educacion-juventud-e-innovacion","tag-design-thinking","tag-educacion","tag-visual-thinking"],"wpcf_dashboard":"<div class=\"woocommerce\"><div class=\"woocommerce-info\">Please log in first? <a class=\"wpneoShowLogin\" href=\"#\">Click here to login<\/a><\/div><div class=\"wpneo_login_form_div\" style=\"display: none;\"><form name=\"loginform\" id=\"loginform\" action=\"https:\/\/www.fundacionveron.org\/en\/gestion\/\" method=\"post\"><p class=\"login-username\">\n\t\t\t\t<label for=\"user_login\">Username or Email Address<\/label>\n\t\t\t\t<input type=\"text\" name=\"log\" id=\"user_login\" autocomplete=\"username\" class=\"input\" value=\"\" size=\"20\" \/>\n\t\t\t<\/p><p class=\"login-password\">\n\t\t\t\t<label for=\"user_pass\">Password<\/label>\n\t\t\t\t<input type=\"password\" name=\"pwd\" id=\"user_pass\" autocomplete=\"current-password\" spellcheck=\"false\" class=\"input\" value=\"\" size=\"20\" \/>\n\t\t\t<\/p><p class=\"login-remember\"><label><input name=\"rememberme\" type=\"checkbox\" id=\"rememberme\" value=\"forever\" \/> Remember Me<\/label><\/p><p class=\"login-submit\">\n\t\t\t\t<input type=\"submit\" name=\"wp-submit\" id=\"wp-submit\" class=\"button button-primary\" value=\"Log In\" \/>\n\t\t\t\t<input type=\"hidden\" name=\"redirect_to\" value=\"https:\/\/www.fundacionveron.org\/en\/wp-json\/wp\/v2\/posts\/779\" \/>\n\t\t\t<\/p><\/form><\/div><\/div>","_links":{"self":[{"href":"https:\/\/www.fundacionveron.org\/en\/wp-json\/wp\/v2\/posts\/779","targetHints":{"allow":["GET"]}}],"collection":[{"href":"https:\/\/www.fundacionveron.org\/en\/wp-json\/wp\/v2\/posts"}],"about":[{"href":"https:\/\/www.fundacionveron.org\/en\/wp-json\/wp\/v2\/types\/post"}],"author":[{"embeddable":true,"href":"https:\/\/www.fundacionveron.org\/en\/wp-json\/wp\/v2\/users\/8"}],"replies":[{"embeddable":true,"href":"https:\/\/www.fundacionveron.org\/en\/wp-json\/wp\/v2\/comments?post=779"}],"version-history":[{"count":0,"href":"https:\/\/www.fundacionveron.org\/en\/wp-json\/wp\/v2\/posts\/779\/revisions"}],"wp:attachment":[{"href":"https:\/\/www.fundacionveron.org\/en\/wp-json\/wp\/v2\/media?parent=779"}],"wp:term":[{"taxonomy":"category","embeddable":true,"href":"https:\/\/www.fundacionveron.org\/en\/wp-json\/wp\/v2\/categories?post=779"},{"taxonomy":"post_tag","embeddable":true,"href":"https:\/\/www.fundacionveron.org\/en\/wp-json\/wp\/v2\/tags?post=779"}],"curies":[{"name":"wp","href":"https:\/\/api.w.org\/{rel}","templated":true}]}}