{"id":776,"date":"2016-07-28T08:28:36","date_gmt":"2016-07-28T06:28:36","guid":{"rendered":"https:\/\/www.fundacionveron.org\/?p=325"},"modified":"2023-08-28T13:45:42","modified_gmt":"2023-08-28T11:45:42","slug":"voluntariado-de-enrico-turello-en-honduras-2","status":"publish","type":"post","link":"https:\/\/www.fundacionveron.org\/en\/voluntariado-de-enrico-turello-en-honduras-2\/","title":{"rendered":"Voluntariado de Enrico Turello en Honduras"},"content":{"rendered":"<p>&nbsp;<\/p>\n<p class=\"p1\" style=\"text-align: justify;\"><span class=\"s1\"><img loading=\"lazy\" decoding=\"async\" class=\"size-medium wp-image-327 alignright\" src=\"https:\/\/www.fundacionveron.org\/wp-content\/uploads\/2016\/07\/foto-enrico-en-EV-225x300.jpg\" alt=\"foto enrico en EV\" width=\"225\" height=\"300\" \/>A inicios de a\u00f1o, del 29 de febrero al 4 de marzo de 2016, recibimos en la Escuela del Vidrio de Honduras a Enrico Turello como voluntario. Su voluntariado en nuestro proyecto consisti\u00f3 en un Curso de Negociaci\u00f3n y Ventas para los j\u00f3venes del Programa de Aprendizaje en la micro-empresa estudiantil, Taller LAHAT, asociada a la Escuela del Vidrio.<\/span><\/p>\n<p class=\"p1\" style=\"text-align: justify;\"><span class=\"s1\">Desde la Fundaci\u00f3n Ver\u00f3n apoyamos a los j\u00f3venes de esta escuela de Honduras a contar con las herramientas para su integraci\u00f3n socio-laboral y su desarrollo personal. Un d\u00eda que vimos a Enrico, le hablamos del apoyo que damos a este proyecto de Honduras. Nos coment\u00f3 que \u00e9l ten\u00eda muchas ganas de participar y ayudar a los j\u00f3venes. Fue una alegr\u00eda contar con un profesional como Enrico, con gran experiencia en la negociaci\u00f3n. Es por ello que, junto a la directora de la escuela, Elisa Mart\u00ednez, ideamos este curso de voluntariado con la tem\u00e1tica de Negociaci\u00f3n y Ventas. <\/span><\/p>\n<p class=\"p1\" style=\"text-align: justify;\"><span class=\"s1\">Dise\u00f1amos el curso con Enrico, asistiendo en los temas que, para estos j\u00f3venes, ser\u00edan de utilidad e interesantes. El contenido del curso hablaba de las t\u00e9cnicas B2B (Business to Business) y B2C (Business to Consumer), de c\u00f3mo negociar con clientes dif\u00edciles, los pasos y partes de una negociaci\u00f3n de ventas, adem\u00e1s de juegos de rol para poner en pr\u00e1ctica las habilidades aprendidas. Un curso din\u00e1mico y \u00e1gil que, junto con el carisma de Enrico, result\u00f3 ser todo un \u00e9xito.<\/span><\/p>\n<p class=\"p1\" style=\"text-align: justify;\"><span class=\"s1\"><br \/>\n<img loading=\"lazy\" decoding=\"async\" class=\"size-medium wp-image-329 alignright\" src=\"https:\/\/www.fundacionveron.org\/wp-content\/uploads\/2016\/07\/IMG-20160304-WA0019-225x300.jpg\" alt=\"IMG-20160304-WA0019\" width=\"225\" height=\"300\" \/>Adem\u00e1s del curso impartido, Enrico ha participado en el desarrollo de la Primera Gran EXPOVENTA del Taller LAHAT en pasado viernes d\u00eda 4 de marzo. Consigui\u00f3 ser el mejor vendedor de la jornada y adem\u00e1s el mejor comprador, y no contento con todo eso, nos don\u00f3 un equipo de m\u00fasica para amenizar nuestros eventos, que buena falta nos hac\u00eda.<\/span><\/p>\n<p class=\"p1\" style=\"text-align: justify;\"><span class=\"s1\">Los aprendices del Taller LAHAT a\u00fan hablan de este curso y de los que aprendieron. Cuando preparan sus mercaditos o comunicaciones, se oyen frases como: \u201ccomo dice Enrico\u2026\u201d<\/span><\/p>\n<p class=\"p1\" style=\"text-align: justify;\"><span class=\"s1\">La experiencia de voluntariado tiene muchos beneficios tambi\u00e9n para la persona que lo realiza, ya que aporta plenitud, autoestima y renueva la conexi\u00f3n con tu entorno. Adem\u00e1s crea una especial relaci\u00f3n, entre el voluntario y las personas que participaron de su aportaci\u00f3n, que permanece por mucho tiempo en las mentes de ambos. <\/span><\/p>\n<p class=\"p1\" style=\"text-align: justify;\"><span class=\"s1\">Siendo testigos de lo positivo de esta experiencia, Fundaci\u00f3n Ver\u00f3n se inicia en la gesti\u00f3n del voluntariado junto con AIPC Pandora. Esta organizaci\u00f3n amiga tiene una gran experiencia en Programas de Voluntariado de todo tipo. Gracias a la relaci\u00f3n entre ambas organizaciones, podremos crear en Espa\u00f1a un grupo o comunidad de voluntarios af\u00edn a nuestra causa.<\/span><\/p>","protected":false},"excerpt":{"rendered":"<p>&nbsp; A inicios de a\u00f1o, del 29 de febrero al 4 de marzo de 2016,&#8230;<\/p>","protected":false},"author":8,"featured_media":0,"comment_status":"closed","ping_status":"open","sticky":false,"template":"","format":"standard","meta":{"_monsterinsights_skip_tracking":false,"_monsterinsights_sitenote_active":false,"_monsterinsights_sitenote_note":"","_monsterinsights_sitenote_category":0,"_price":"","_stock":"","_tribe_ticket_header":"","_tribe_default_ticket_provider":"","_ticket_start_date":"","_ticket_end_date":"","_tribe_ticket_show_description":"","_tribe_ticket_show_not_going":false,"_tribe_ticket_use_global_stock":"","_tribe_ticket_global_stock_level":"","_global_stock_mode":"","_global_stock_cap":"","_tribe_rsvp_for_event":"","_tribe_ticket_going_count":"","_tribe_ticket_not_going_count":"","_tribe_tickets_list":"[]","_tribe_ticket_has_attendee_info_fields":false,"footnotes":""},"categories":[5],"tags":[240,239,238,57,172,198],"class_list":["post-776","post","type-post","status-publish","format-standard","hentry","category-fundacion-veron-en-honduras","tag-marketing","tag-negociacion","tag-ventas","tag-voluntariado","tag-voluntariado-en-honduras","tag-voluntariado-profesional"],"wpcf_dashboard":"<div class=\"woocommerce\"><div class=\"woocommerce-info\">Please log in first? <a class=\"wpneoShowLogin\" href=\"#\">Click here to login<\/a><\/div><div class=\"wpneo_login_form_div\" style=\"display: none;\"><form name=\"loginform\" id=\"loginform\" action=\"https:\/\/www.fundacionveron.org\/en\/gestion\/\" method=\"post\"><p class=\"login-username\">\n\t\t\t\t<label for=\"user_login\">Username or Email Address<\/label>\n\t\t\t\t<input type=\"text\" name=\"log\" id=\"user_login\" autocomplete=\"username\" class=\"input\" value=\"\" size=\"20\" \/>\n\t\t\t<\/p><p class=\"login-password\">\n\t\t\t\t<label for=\"user_pass\">Password<\/label>\n\t\t\t\t<input type=\"password\" name=\"pwd\" id=\"user_pass\" autocomplete=\"current-password\" spellcheck=\"false\" class=\"input\" value=\"\" size=\"20\" \/>\n\t\t\t<\/p><p class=\"login-remember\"><label><input name=\"rememberme\" type=\"checkbox\" id=\"rememberme\" value=\"forever\" \/> Remember Me<\/label><\/p><p class=\"login-submit\">\n\t\t\t\t<input type=\"submit\" name=\"wp-submit\" id=\"wp-submit\" class=\"button button-primary\" value=\"Log In\" \/>\n\t\t\t\t<input type=\"hidden\" name=\"redirect_to\" value=\"https:\/\/www.fundacionveron.org\/en\/wp-json\/wp\/v2\/posts\/776\" \/>\n\t\t\t<\/p><\/form><\/div><\/div>","_links":{"self":[{"href":"https:\/\/www.fundacionveron.org\/en\/wp-json\/wp\/v2\/posts\/776","targetHints":{"allow":["GET"]}}],"collection":[{"href":"https:\/\/www.fundacionveron.org\/en\/wp-json\/wp\/v2\/posts"}],"about":[{"href":"https:\/\/www.fundacionveron.org\/en\/wp-json\/wp\/v2\/types\/post"}],"author":[{"embeddable":true,"href":"https:\/\/www.fundacionveron.org\/en\/wp-json\/wp\/v2\/users\/8"}],"replies":[{"embeddable":true,"href":"https:\/\/www.fundacionveron.org\/en\/wp-json\/wp\/v2\/comments?post=776"}],"version-history":[{"count":0,"href":"https:\/\/www.fundacionveron.org\/en\/wp-json\/wp\/v2\/posts\/776\/revisions"}],"wp:attachment":[{"href":"https:\/\/www.fundacionveron.org\/en\/wp-json\/wp\/v2\/media?parent=776"}],"wp:term":[{"taxonomy":"category","embeddable":true,"href":"https:\/\/www.fundacionveron.org\/en\/wp-json\/wp\/v2\/categories?post=776"},{"taxonomy":"post_tag","embeddable":true,"href":"https:\/\/www.fundacionveron.org\/en\/wp-json\/wp\/v2\/tags?post=776"}],"curies":[{"name":"wp","href":"https:\/\/api.w.org\/{rel}","templated":true}]}}