{"id":774,"date":"2016-07-27T23:09:33","date_gmt":"2016-07-27T21:09:33","guid":{"rendered":"https:\/\/www.fundacionveron.org\/?p=313"},"modified":"2019-07-04T12:28:27","modified_gmt":"2019-07-04T10:28:27","slug":"los-magos-de-magia-magara-en-honduras","status":"publish","type":"post","link":"https:\/\/www.fundacionveron.org\/en\/los-magos-de-magia-magara-en-honduras\/","title":{"rendered":"Los magos de Magia Majara en Honduras"},"content":{"rendered":"<p class=\"p1\" style=\"text-align: justify;\"><span class=\"s1\">La magia como veh\u00edculo para la comunicaci\u00f3n, la confianza y la autoestima<\/span><\/p>\n<p class=\"p1\" style=\"text-align: justify;\"><span class=\"s1\">Siempre se ha dicho que las artes esc\u00e9nicas son en s\u00ed mismas una herramienta de comunicaci\u00f3n humana. Ya sea con el cuerpo, el gesto, la voz, el ruido o el silencio,\u2026 todo comunica. <\/span><\/p>\n<p class=\"p1\" style=\"text-align: justify;\"><span class=\"s1\"><a href=\"http:\/\/www.magiamajara.com\/\">Magia Majara<\/a>\u00a0 y Fundaci\u00f3n Ver\u00f3n nos unimos as\u00ed para desarrollar cursos que desarrollen en los j\u00f3venes las habilidades que les sirvan tanto a nivel personal como en su vida laboral futura.<\/span><\/p>\n<p class=\"p1\" style=\"text-align: justify;\"><span class=\"s1\">\u00bfQu\u00e9 queremos lograr para los j\u00f3venes a nivel personal? Pues \u201cmejorar su autoestima, aumentar la seguridad en s\u00ed mismos, tener m\u00e1s autoconfianza\u2026\u201d podemos llamarlo como queramos pero nos referimos a la forma que tenemos de relacionarnos con nosotros mismos, la cual da lugar a un sentimiento positivo hacia nuestra propia persona y que nos da fuerzas para atrevernos a hacer cosas en la vida. En eso consiste la seguridad en uno mismo, en ser capaces de atrevernos con la certeza de que, pase lo que pase, seguiremos estando ah\u00ed para nosotros, que no nos fallaremos, que seguiremos apoy\u00e1ndonos por encima de todo.<\/span><\/p>\n<p class=\"p1\" style=\"text-align: justify;\"><span class=\"s1\">Hemos de decir que el contexto en el que uno crece es fundamental para construir nuestra capacidad de atrevernos. En resumen: \u201cpara atrevernos a apostar, nos es m\u00e1s f\u00e1cil cuando tenemos m\u00e1s monedas\u201d. Las monedas de la seguridad, autoestima y la autoconfianza proceden de nosotros mismos pero tambi\u00e9n del exterior; ser\u00eda algo as\u00ed como nuestros ingresos de seguridad en uno mismo. Es un entorno dif\u00edcil en el que crecen los j\u00f3venes de la Escuela del Vidrio de Honduras. La peligrosidad y los escasos recursos crean una sensaci\u00f3n de supervivencia diaria. Estamos muy contentos porque cada vez sus familias se involucran m\u00e1s y los van apoyando en su educaci\u00f3n, lo cual les da \u201cingresos\u201d para atreverse con los estudios y con su futuro laboral. <\/span><\/p>\n<p class=\"p1\" style=\"text-align: justify;\"><span class=\"s1\">Es por ello que en Fundaci\u00f3n Ver\u00f3n pensamos en la Magia como veh\u00edculo para crear un curso de Relaciones P\u00fablicas, que adem\u00e1s les d\u00e9 algunas monedas-para-atreverse-a-todo a nuestros j\u00f3venes. Nuestro objetivo: que sean capaces de captar a sus clientes, de conocerlos desde la empat\u00eda, de comunicarse con ellos y mantenerlos con nosotros.<\/span><\/p>\n<p class=\"p1\" style=\"text-align: justify;\"><span class=\"s1\">Ya estamos trabajando para crear un curso muy especial y divertido de Relaciones P\u00fablicas y Magia en agosto de este a\u00f1o. Germ\u00e1n y Julio, de Magia Majara, y Marta, de Fundaci\u00f3n Ver\u00f3n, ir\u00e1n de voluntarios. Os podemos decir que habr\u00e1 muchas sorpresas, pero ah\u00ed lo dejamos \ud83d\ude09<\/span><\/p>\n<p class=\"p1\" style=\"text-align: justify;\"><span class=\"s1\">Por cierto, ten\u00e9is que ir a ver a este grupo de magos, \u00a1Julio, Germ\u00e1n, Elena y Jota, son divertidos como ellos solos! http:\/\/www.magiamajara.com\/<\/span><\/p>","protected":false},"excerpt":{"rendered":"<p>La magia como veh\u00edculo para la comunicaci\u00f3n, la confianza y la autoestima Siempre se ha&#8230;<\/p>","protected":false},"author":8,"featured_media":314,"comment_status":"closed","ping_status":"open","sticky":false,"template":"","format":"standard","meta":{"_monsterinsights_skip_tracking":false,"_monsterinsights_sitenote_active":false,"_monsterinsights_sitenote_note":"","_monsterinsights_sitenote_category":0,"_price":"","_stock":"","_tribe_ticket_header":"","_tribe_default_ticket_provider":"","_ticket_start_date":"","_ticket_end_date":"","_tribe_ticket_show_description":"","_tribe_ticket_show_not_going":false,"_tribe_ticket_use_global_stock":"","_tribe_ticket_global_stock_level":"","_global_stock_mode":"","_global_stock_cap":"","_tribe_rsvp_for_event":"","_tribe_ticket_going_count":"","_tribe_ticket_not_going_count":"","_tribe_tickets_list":"[]","_tribe_ticket_has_attendee_info_fields":false,"footnotes":""},"categories":[5],"tags":[63,198],"class_list":["post-774","post","type-post","status-publish","format-standard","has-post-thumbnail","hentry","category-fundacion-veron-en-honduras","tag-magia-majara","tag-voluntariado-profesional"],"wpcf_dashboard":"<div class=\"woocommerce\"><div class=\"woocommerce-info\">Please log in first? <a class=\"wpneoShowLogin\" href=\"#\">Click here to login<\/a><\/div><div class=\"wpneo_login_form_div\" style=\"display: none;\"><form name=\"loginform\" id=\"loginform\" action=\"https:\/\/www.fundacionveron.org\/en\/gestion\/\" method=\"post\"><p class=\"login-username\">\n\t\t\t\t<label for=\"user_login\">Username or Email Address<\/label>\n\t\t\t\t<input type=\"text\" name=\"log\" id=\"user_login\" autocomplete=\"username\" class=\"input\" value=\"\" size=\"20\" \/>\n\t\t\t<\/p><p class=\"login-password\">\n\t\t\t\t<label for=\"user_pass\">Password<\/label>\n\t\t\t\t<input type=\"password\" name=\"pwd\" id=\"user_pass\" autocomplete=\"current-password\" spellcheck=\"false\" class=\"input\" value=\"\" size=\"20\" \/>\n\t\t\t<\/p><p class=\"login-remember\"><label><input name=\"rememberme\" type=\"checkbox\" id=\"rememberme\" value=\"forever\" \/> Remember Me<\/label><\/p><p class=\"login-submit\">\n\t\t\t\t<input type=\"submit\" name=\"wp-submit\" id=\"wp-submit\" class=\"button button-primary\" value=\"Log In\" \/>\n\t\t\t\t<input type=\"hidden\" name=\"redirect_to\" value=\"https:\/\/www.fundacionveron.org\/en\/wp-json\/wp\/v2\/posts\/774\" \/>\n\t\t\t<\/p><\/form><\/div><\/div>","_links":{"self":[{"href":"https:\/\/www.fundacionveron.org\/en\/wp-json\/wp\/v2\/posts\/774","targetHints":{"allow":["GET"]}}],"collection":[{"href":"https:\/\/www.fundacionveron.org\/en\/wp-json\/wp\/v2\/posts"}],"about":[{"href":"https:\/\/www.fundacionveron.org\/en\/wp-json\/wp\/v2\/types\/post"}],"author":[{"embeddable":true,"href":"https:\/\/www.fundacionveron.org\/en\/wp-json\/wp\/v2\/users\/8"}],"replies":[{"embeddable":true,"href":"https:\/\/www.fundacionveron.org\/en\/wp-json\/wp\/v2\/comments?post=774"}],"version-history":[{"count":0,"href":"https:\/\/www.fundacionveron.org\/en\/wp-json\/wp\/v2\/posts\/774\/revisions"}],"wp:featuredmedia":[{"embeddable":true,"href":"https:\/\/www.fundacionveron.org\/en\/wp-json\/"}],"wp:attachment":[{"href":"https:\/\/www.fundacionveron.org\/en\/wp-json\/wp\/v2\/media?parent=774"}],"wp:term":[{"taxonomy":"category","embeddable":true,"href":"https:\/\/www.fundacionveron.org\/en\/wp-json\/wp\/v2\/categories?post=774"},{"taxonomy":"post_tag","embeddable":true,"href":"https:\/\/www.fundacionveron.org\/en\/wp-json\/wp\/v2\/tags?post=774"}],"curies":[{"name":"wp","href":"https:\/\/api.w.org\/{rel}","templated":true}]}}