{"id":7663,"date":"2024-10-04T16:10:26","date_gmt":"2024-10-04T14:10:26","guid":{"rendered":"https:\/\/www.fundacionveron.org\/?p=7663"},"modified":"2024-10-04T16:32:42","modified_gmt":"2024-10-04T14:32:42","slug":"carta-a-mi-me-encanta-ir-aunque-es-duro","status":"publish","type":"post","link":"https:\/\/www.fundacionveron.org\/en\/carta-a-mi-me-encanta-ir-aunque-es-duro\/","title":{"rendered":"Letter: I Love Going, Even Though It's Tough"},"content":{"rendered":"<p>El voluntario Ant\u00f3n Fernandez nos envi\u00f3 hace unos d\u00edas el informe de su viaje, y al final conclu\u00eda con una carta que hemos querido compartir con vosotros:<\/p>\n<p style=\"text-align: justify;\"><em>Acabas de llegar a Honduras. El sol brilla intenso y hace calor. Todo es muy colorido: la naturaleza es exuberante y los coches est\u00e1n decorados con luces, pegatinas y alerones. Se escucha m\u00fasica en muchas esquinas y hay un constante olor a comida callejera.<\/em><\/p>\n<p style=\"text-align: justify;\"><em>En la escuela del vidrio, te encuentras con unos alumnos uniformados y bien educados, as\u00ed como con unos profesores c\u00e1lidos y acogedores, en un ambiente limpio y ordenado.<\/em><\/p>\n<p style=\"text-align: justify;\"><em>Durante unos d\u00edas, parece que has olvidado por qu\u00e9 est\u00e1s all\u00ed, hasta que en una conversaci\u00f3n con Elisa, la directora, preguntas por una alumna que te cay\u00f3 bien. Esta ni\u00f1a, que ahora tiene 13 a\u00f1os, tuvo que presenciar un acto de violencia extrema cuando ten\u00eda tan solo nueve. La historia te sobrecoge, pero est\u00e1s en la escuela y trabajando, as\u00ed que mantienes la compostura. Al d\u00eda siguiente, preguntas por otro alumno al azar, quiz\u00e1 uno que es muy participativo en clase. Esta vez te cuentan sobre un padre ausente y una madre que acaba de emigrar a otro pa\u00eds en busca de una vida mejor, mientras el ni\u00f1o lleva a\u00f1os esperando a que ella regrese a recogerlo. Pasan los d\u00edas y sigues escuchando m\u00e1s historias: embarazos adolescentes, violencia intrafamiliar, inundaciones, etc. Pronto, se te quitan las ganas de seguir preguntando.<\/em><\/p>\n<p style=\"text-align: justify;\"><em>Te das cuenta de que estos alumnos no solo se enfrentan a la falta de recursos, sino que tambi\u00e9n son v\u00edctimas del miedo, del crimen organizado y de gobiernos irresponsables. Es dif\u00edcil evitar el pesimismo; la situaci\u00f3n parece no tener soluci\u00f3n.<\/em><\/p>\n<p style=\"text-align: justify;\"><em>Sin embargo, en la escuela ves a los ni\u00f1os y adolescentes comport\u00e1ndose como lo que son: ni\u00f1os y adolescentes. Tienen un lugar seguro donde estar, una raci\u00f3n completa de comida y la posibilidad de un futuro mejor. La escuela del vidrio les ofrece una alternativa a lo que hay fuera: desempleo o empleos precarios, captaci\u00f3n por bandas o emigraci\u00f3n ilegal, entre otras opciones. <strong>Es imposible cambiar la situaci\u00f3n de un pa\u00eds sin la voluntad de sus dirigentes, pero proyectos locales como la escuela del vidrio han cambiado, cambian y seguir\u00e1n cambiando muchas vidas para mejor.<\/strong><\/em><\/p>\n<p>&nbsp;<\/p>\n<p>Gracias Ant\u00f3n y Catu por venir y querer volver, por vuestra mirada y dedicaci\u00f3n.<\/p>","protected":false},"excerpt":{"rendered":"<p>El voluntario Ant\u00f3n Fernandez nos envi\u00f3 hace unos d\u00edas el informe de su viaje, y&#8230;<\/p>","protected":false},"author":8,"featured_media":7669,"comment_status":"closed","ping_status":"open","sticky":false,"template":"","format":"standard","meta":{"_monsterinsights_skip_tracking":false,"_monsterinsights_sitenote_active":false,"_monsterinsights_sitenote_note":"","_monsterinsights_sitenote_category":0,"_price":"","_stock":"","_tribe_ticket_header":"","_tribe_default_ticket_provider":"","_ticket_start_date":"","_ticket_end_date":"","_tribe_ticket_show_description":"","_tribe_ticket_show_not_going":false,"_tribe_ticket_use_global_stock":"","_tribe_ticket_global_stock_level":"","_global_stock_mode":"","_global_stock_cap":"","_tribe_rsvp_for_event":"","_tribe_ticket_going_count":"","_tribe_ticket_not_going_count":"","_tribe_tickets_list":"[]","_tribe_ticket_has_attendee_info_fields":false,"footnotes":""},"categories":[374,484,1],"tags":[],"class_list":["post-7663","post","type-post","status-publish","format-standard","has-post-thumbnail","hentry","category-blog","category-diario-de-una-voluntaria","category-fundacion-veron"],"wpcf_dashboard":"<div class=\"woocommerce\"><div class=\"woocommerce-info\">Please log in first? <a class=\"wpneoShowLogin\" href=\"#\">Click here to login<\/a><\/div><div class=\"wpneo_login_form_div\" style=\"display: none;\"><form name=\"loginform\" id=\"loginform\" action=\"https:\/\/www.fundacionveron.org\/en\/gestion\/\" method=\"post\"><p class=\"login-username\">\n\t\t\t\t<label for=\"user_login\">Username or Email Address<\/label>\n\t\t\t\t<input type=\"text\" name=\"log\" id=\"user_login\" autocomplete=\"username\" class=\"input\" value=\"\" size=\"20\" \/>\n\t\t\t<\/p><p class=\"login-password\">\n\t\t\t\t<label for=\"user_pass\">Password<\/label>\n\t\t\t\t<input type=\"password\" name=\"pwd\" id=\"user_pass\" autocomplete=\"current-password\" spellcheck=\"false\" class=\"input\" value=\"\" size=\"20\" \/>\n\t\t\t<\/p><p class=\"login-remember\"><label><input name=\"rememberme\" type=\"checkbox\" id=\"rememberme\" value=\"forever\" \/> Remember Me<\/label><\/p><p class=\"login-submit\">\n\t\t\t\t<input type=\"submit\" name=\"wp-submit\" id=\"wp-submit\" class=\"button button-primary\" value=\"Log In\" \/>\n\t\t\t\t<input type=\"hidden\" name=\"redirect_to\" value=\"https:\/\/www.fundacionveron.org\/en\/wp-json\/wp\/v2\/posts\/7663\" \/>\n\t\t\t<\/p><\/form><\/div><\/div>","_links":{"self":[{"href":"https:\/\/www.fundacionveron.org\/en\/wp-json\/wp\/v2\/posts\/7663","targetHints":{"allow":["GET"]}}],"collection":[{"href":"https:\/\/www.fundacionveron.org\/en\/wp-json\/wp\/v2\/posts"}],"about":[{"href":"https:\/\/www.fundacionveron.org\/en\/wp-json\/wp\/v2\/types\/post"}],"author":[{"embeddable":true,"href":"https:\/\/www.fundacionveron.org\/en\/wp-json\/wp\/v2\/users\/8"}],"replies":[{"embeddable":true,"href":"https:\/\/www.fundacionveron.org\/en\/wp-json\/wp\/v2\/comments?post=7663"}],"version-history":[{"count":0,"href":"https:\/\/www.fundacionveron.org\/en\/wp-json\/wp\/v2\/posts\/7663\/revisions"}],"wp:featuredmedia":[{"embeddable":true,"href":"https:\/\/www.fundacionveron.org\/en\/wp-json\/wp\/v2\/media\/7669"}],"wp:attachment":[{"href":"https:\/\/www.fundacionveron.org\/en\/wp-json\/wp\/v2\/media?parent=7663"}],"wp:term":[{"taxonomy":"category","embeddable":true,"href":"https:\/\/www.fundacionveron.org\/en\/wp-json\/wp\/v2\/categories?post=7663"},{"taxonomy":"post_tag","embeddable":true,"href":"https:\/\/www.fundacionveron.org\/en\/wp-json\/wp\/v2\/tags?post=7663"}],"curies":[{"name":"wp","href":"https:\/\/api.w.org\/{rel}","templated":true}]}}