{"id":7644,"date":"2024-09-16T22:10:29","date_gmt":"2024-09-16T20:10:29","guid":{"rendered":"https:\/\/www.fundacionveron.org\/?p=7644"},"modified":"2024-09-16T22:10:29","modified_gmt":"2024-09-16T20:10:29","slug":"diario-34-incansables","status":"publish","type":"post","link":"https:\/\/www.fundacionveron.org\/en\/diario-34-incansables\/","title":{"rendered":"Diario 34: Incansables"},"content":{"rendered":"<p style=\"text-align: justify;\"><span style=\"font-weight: 400;\">Llevamos trabajando con <a href=\"https:\/\/www.instagram.com\/dcvitral1\/#\">Daniel Castillo<\/a> a\u00f1o y medio, le conocimos gracias al a\u00f1o internacional del vidrio, vino a la Escuela por primera vez en junio de 2022. En ese viaje coincidi\u00f3 con Romero Gurman y parte fundamental del patronato de la fundaci\u00f3n, Rafa, Alfredo y Jose Antonio.\u00a0<\/span><\/p>\n<p style=\"text-align: justify;\"><span style=\"font-weight: 400;\">A parte de ser un reconocido artista en vidrio es una persona que se le conoce por su car\u00e1cter, es muy directo, muy apasionado, pero tambi\u00e9n divertido y cercano.\u00a0<\/span><\/p>\n<p style=\"text-align: justify;\"><span style=\"font-weight: 400;\">Nosotras cuando le conocimos en este \u00faltimo viaje que hicimos en febrero nos cay\u00f3 fenomenal, tanto \u00e9l como su ayudante William. Ambos tienen unas historias de resiliencia que han marcado mucho sus vidas y que hacen que sean <strong>un ejemplo perfecto para los estudiantes<\/strong> de nuestra peculiar escuela.\u00a0<\/span><\/p>\n<p style=\"text-align: justify;\"><span style=\"font-weight: 400;\">Daniel tuvo que emigrar de Colombia a Canad\u00e1 con dos hijos peque\u00f1os y con las manos en los bolsillos, cuando lleg\u00f3 ah\u00ed en los primeros dos meses ya hab\u00eda conseguido hacerse con un peque\u00f1o taller de malamuerte y hab\u00eda comenzado a dar a conocer sus obras, es una persona con una visi\u00f3n impecable y <strong>es completamente incansable<\/strong>. De verdad, es una locura verle trabajar porque su ambici\u00f3n no es de esas que agobia a uno o parece amenazante, si no lo contrario, transmite todo con un entusiasmo y <strong>gestiona los proyectos con una ilusi\u00f3n que es muy dif\u00edcil que no le salgan.\u00a0<\/strong><\/span><\/p>\n<p style=\"text-align: justify;\"><span style=\"font-weight: 400;\">Desde esa primera vez que lleg\u00f3 Daniel a conocer el proyecto de la escuela, y desde el primer <a href=\"https:\/\/www.instagram.com\/tv\/CZwv32JuR76\/?utm_source=ig_web_copy_link&amp;igsh=MzRlODBiNWFlZA==\">live en instagram<\/a> que hicimos en febrero de 2022 ha llovido mucho (en Honduras m\u00e1s). Ten\u00edamos casi 50 alumnos menos en la escuela, Lahat hac\u00eda pedidos y cada vez ten\u00eda m\u00e1s contactos pero no hab\u00eda vuelto a hacer vidrieras desde que trabajamos con La Real F\u00e1brica de Cristales y todos conceb\u00edamos el proyecto como una marca \u00fanicamente de inserci\u00f3n laboral. Que es maravilloso y lo que los estudiantes necesitan, pero nos faltaba la parte de profesionalizar m\u00e1s y <strong>conseguir darlo a conocer y ganar beneficio de ello para apoyar a la Escuela con sus gastos.<\/strong>\u00a0<\/span><\/p>\n<p style=\"text-align: justify;\"><span style=\"font-weight: 400;\"><strong>Ahora Lahat tiene su taller propio, precioso, enorme, super bien situado y con unas obras propias expuestas en el mismo que ninguno de los chicos habr\u00eda so\u00f1ado hace a\u00f1os poder hacer.<\/strong> Ha sido un cambio largo, pero poco a poco vamos dando con teclas, con gente maravillosa que verdaderamente impulsa el proyecto hacia adelante, a parte de que <strong>el equipo<\/strong> que tenemos de base <strong>tiene una capacidad de aprendizaje, de esfuerzo y de dedicaci\u00f3n verdaderamente admirable e impecable.\u00a0<\/strong><\/span><\/p>\n<p style=\"text-align: justify;\"><span style=\"font-weight: 400;\">Todo esto nos lleva a lo que vemos anunciando estos d\u00edas por redes, <strong>en Lahat est\u00e1n preparando su pedido m\u00e1s grande<\/strong> y especial hasta la fecha. El proyecto de la <strong><a href=\"https:\/\/www.facebook.com\/100063685414396\/posts\/720117085061526\/\">Catedral de San Marcos de Ocotepeque<\/a>.<\/strong>\u00a0<\/span><\/p>\n<p style=\"text-align: justify;\"><img loading=\"lazy\" decoding=\"async\" class=\"wp-image-7640 alignright\" src=\"https:\/\/www.fundacionveron.org\/wp-content\/uploads\/2024\/09\/WhatsApp-Image-2024-09-16-at-10.00.06-152x300.jpeg\" alt=\"\" width=\"157\" height=\"310\" srcset=\"https:\/\/www.fundacionveron.org\/wp-content\/uploads\/2024\/09\/WhatsApp-Image-2024-09-16-at-10.00.06-152x300.jpeg 152w, https:\/\/www.fundacionveron.org\/wp-content\/uploads\/2024\/09\/WhatsApp-Image-2024-09-16-at-10.00.06-518x1024.jpeg 518w, https:\/\/www.fundacionveron.org\/wp-content\/uploads\/2024\/09\/WhatsApp-Image-2024-09-16-at-10.00.06-6x12.jpeg 6w, https:\/\/www.fundacionveron.org\/wp-content\/uploads\/2024\/09\/WhatsApp-Image-2024-09-16-at-10.00.06-600x1185.jpeg 600w, https:\/\/www.fundacionveron.org\/wp-content\/uploads\/2024\/09\/WhatsApp-Image-2024-09-16-at-10.00.06.jpeg 648w\" sizes=\"auto, (max-width: 157px) 100vw, 157px\" \/><\/p>\n<p style=\"text-align: justify;\"><span style=\"font-weight: 400;\">Ocotepeque es una de las ciudades con m\u00e1s historia y cultura de Honduras, est\u00e1 lej\u00edsimos de El Progreso, son 6 horas en coche (recordatorio de la precariedad de las carreteras en honduras) y es una ciudad peque\u00f1a pero con mucha historia. Y gracias a nuestra querida amiga Ana Barrientos (colaboradora con la Fundaci\u00f3n y la escuela desde sus inicios) hemos conseguido dar a conocer el taller y al Padre Nery, <\/span><span style=\"font-weight: 400;\">encargado de la Catedral le ha parecido una idea estupenda decorar la misma con vitrales hechos por Lahat. Por ahora se entregar\u00e1n dos vitrales, pero tenemos la posibilidad que acaben siendo 9 los encargados. Sin duda, el pedido m\u00e1s grande y especial que hemos tenido.\u00a0<\/span><\/p>\n<p style=\"text-align: justify;\"><span style=\"font-weight: 400;\">S\u00e9 que me paso el d\u00eda diciendo que es lo m\u00e1s hasta la fecha, pero es que <strong>llevamos unos a\u00f1os creciendo much\u00edsimo<\/strong>, invirtiendo much\u00edsimo tiempo, dinero y esfuerzo en darnos a conocer y en conseguir <strong>que la gente apue<\/strong><\/span><strong>ste por este proyecto y estos j\u00f3venes<\/strong> que trabajan tanto y que se entusiasman tanto por su futuro y por todo lo que est\u00e1n consiguiendo.<\/p>\n<p style=\"text-align: justify;\"><span style=\"font-weight: 400;\">Os dejo por aqu\u00ed una foto del primer vitral, acaban de arrancar con el seguido y est\u00e1n cortando todo el vidrio, os seguiremos informando.<\/span><\/p>","protected":false},"excerpt":{"rendered":"<p>Llevamos trabajando con Daniel Castillo a\u00f1o y medio, le conocimos gracias al a\u00f1o internacional del&#8230;<\/p>","protected":false},"author":8,"featured_media":7646,"comment_status":"closed","ping_status":"open","sticky":false,"template":"","format":"standard","meta":{"_monsterinsights_skip_tracking":false,"_monsterinsights_sitenote_active":false,"_monsterinsights_sitenote_note":"","_monsterinsights_sitenote_category":0,"_price":"","_stock":"","_tribe_ticket_header":"","_tribe_default_ticket_provider":"","_ticket_start_date":"","_ticket_end_date":"","_tribe_ticket_show_description":"","_tribe_ticket_show_not_going":false,"_tribe_ticket_use_global_stock":"","_tribe_ticket_global_stock_level":"","_global_stock_mode":"","_global_stock_cap":"","_tribe_rsvp_for_event":"","_tribe_ticket_going_count":"","_tribe_ticket_not_going_count":"","_tribe_tickets_list":"[]","_tribe_ticket_has_attendee_info_fields":false,"footnotes":""},"categories":[374,484,6,1],"tags":[],"class_list":["post-7644","post","type-post","status-publish","format-standard","has-post-thumbnail","hentry","category-blog","category-diario-de-una-voluntaria","category-educacion-juventud-e-innovacion","category-fundacion-veron"],"wpcf_dashboard":"<div class=\"woocommerce\"><div class=\"woocommerce-info\">Please log in first? <a class=\"wpneoShowLogin\" href=\"#\">Click here to login<\/a><\/div><div class=\"wpneo_login_form_div\" style=\"display: none;\"><form name=\"loginform\" id=\"loginform\" action=\"https:\/\/www.fundacionveron.org\/en\/gestion\/\" method=\"post\"><p class=\"login-username\">\n\t\t\t\t<label for=\"user_login\">Username or Email Address<\/label>\n\t\t\t\t<input type=\"text\" name=\"log\" id=\"user_login\" autocomplete=\"username\" class=\"input\" value=\"\" size=\"20\" \/>\n\t\t\t<\/p><p class=\"login-password\">\n\t\t\t\t<label for=\"user_pass\">Password<\/label>\n\t\t\t\t<input type=\"password\" name=\"pwd\" id=\"user_pass\" autocomplete=\"current-password\" spellcheck=\"false\" class=\"input\" value=\"\" size=\"20\" \/>\n\t\t\t<\/p><p class=\"login-remember\"><label><input name=\"rememberme\" type=\"checkbox\" id=\"rememberme\" value=\"forever\" \/> Remember Me<\/label><\/p><p class=\"login-submit\">\n\t\t\t\t<input type=\"submit\" name=\"wp-submit\" id=\"wp-submit\" class=\"button button-primary\" value=\"Log In\" \/>\n\t\t\t\t<input type=\"hidden\" name=\"redirect_to\" value=\"https:\/\/www.fundacionveron.org\/en\/wp-json\/wp\/v2\/posts\/7644\" \/>\n\t\t\t<\/p><\/form><\/div><\/div>","_links":{"self":[{"href":"https:\/\/www.fundacionveron.org\/en\/wp-json\/wp\/v2\/posts\/7644","targetHints":{"allow":["GET"]}}],"collection":[{"href":"https:\/\/www.fundacionveron.org\/en\/wp-json\/wp\/v2\/posts"}],"about":[{"href":"https:\/\/www.fundacionveron.org\/en\/wp-json\/wp\/v2\/types\/post"}],"author":[{"embeddable":true,"href":"https:\/\/www.fundacionveron.org\/en\/wp-json\/wp\/v2\/users\/8"}],"replies":[{"embeddable":true,"href":"https:\/\/www.fundacionveron.org\/en\/wp-json\/wp\/v2\/comments?post=7644"}],"version-history":[{"count":0,"href":"https:\/\/www.fundacionveron.org\/en\/wp-json\/wp\/v2\/posts\/7644\/revisions"}],"wp:featuredmedia":[{"embeddable":true,"href":"https:\/\/www.fundacionveron.org\/en\/wp-json\/wp\/v2\/media\/7646"}],"wp:attachment":[{"href":"https:\/\/www.fundacionveron.org\/en\/wp-json\/wp\/v2\/media?parent=7644"}],"wp:term":[{"taxonomy":"category","embeddable":true,"href":"https:\/\/www.fundacionveron.org\/en\/wp-json\/wp\/v2\/categories?post=7644"},{"taxonomy":"post_tag","embeddable":true,"href":"https:\/\/www.fundacionveron.org\/en\/wp-json\/wp\/v2\/tags?post=7644"}],"curies":[{"name":"wp","href":"https:\/\/api.w.org\/{rel}","templated":true}]}}