{"id":7379,"date":"2024-06-18T16:28:12","date_gmt":"2024-06-18T14:28:12","guid":{"rendered":"https:\/\/www.fundacionveron.org\/?p=7379"},"modified":"2024-06-19T11:49:23","modified_gmt":"2024-06-19T09:49:23","slug":"diario-33-el-reverso-mas-bonito-del-mundo","status":"publish","type":"post","link":"https:\/\/www.fundacionveron.org\/en\/diario-33-el-reverso-mas-bonito-del-mundo\/","title":{"rendered":"Diario 33: el reverso m\u00e1s bonito del mundo"},"content":{"rendered":"<p style=\"text-align: justify;\"><span style=\"font-weight: 400;\">Un cl\u00e1sico en el tercer sector, estar hablando con amigos mientras tomas algo sobre los proyectos que tienes, los voluntarios y los viajes a terreno. Y que de repente uno mire tu cerveza (o lo que te est\u00e9s tomando) y te diga, porque claro, esto \u00bfCu\u00e1ntas comidas cubre? o, <strong>cu\u00e1ntos libros pueden darse con lo que nos hemos gastado hoy en la cena, o en el viaje que estamos organizando.\u00a0<\/strong><\/span><\/p>\n<p style=\"text-align: justify;\"><span style=\"font-weight: 400;\">Cl\u00e1sico, clasicazo vamos.\u00a0<\/span><\/p>\n<p><img loading=\"lazy\" decoding=\"async\" class=\"size-medium wp-image-7380 alignright\" style=\"text-align: justify;\" src=\"https:\/\/www.fundacionveron.org\/wp-content\/uploads\/2024\/06\/Historias-Beca-Comedor-14-169x300.jpg\" alt=\"\" width=\"169\" height=\"300\" srcset=\"https:\/\/www.fundacionveron.org\/wp-content\/uploads\/2024\/06\/Historias-Beca-Comedor-14-169x300.jpg 169w, https:\/\/www.fundacionveron.org\/wp-content\/uploads\/2024\/06\/Historias-Beca-Comedor-14-576x1024.jpg 576w, https:\/\/www.fundacionveron.org\/wp-content\/uploads\/2024\/06\/Historias-Beca-Comedor-14-768x1365.jpg 768w, https:\/\/www.fundacionveron.org\/wp-content\/uploads\/2024\/06\/Historias-Beca-Comedor-14-864x1536.jpg 864w, https:\/\/www.fundacionveron.org\/wp-content\/uploads\/2024\/06\/Historias-Beca-Comedor-14-700x1244.jpg 700w, https:\/\/www.fundacionveron.org\/wp-content\/uploads\/2024\/06\/Historias-Beca-Comedor-14-600x1067.jpg 600w, https:\/\/www.fundacionveron.org\/wp-content\/uploads\/2024\/06\/Historias-Beca-Comedor-14.jpg 1080w\" sizes=\"auto, (max-width: 169px) 100vw, 169px\" \/><\/p>\n<p style=\"text-align: justify;\"><span style=\"font-weight: 400;\">Y yo, te lo cuento. Ayer tomando algo con mis amigas me gast\u00e9 10,30\u20ac, con ese dinero podr\u00eda haber pagado dos semanas de beca comedor de Zeni, que estudia en la escuela y a la que pod\u00e9is conocer en el documental, o de Wilson, que es el t\u00edo m\u00e1s trabajador y ahorrativo del mundo o de much\u00edsimos otros como Zila, Kenet, Yeimi, Daniel y los 143 estudiantes restantes que tenemos en la Escuela.\u00a0<\/span><\/p>\n<p style=\"text-align: justify;\"><span style=\"font-weight: 400;\">Tambi\u00e9n, el fin de semana me fui a Mil\u00e1n, me gast\u00e9 80\u20ac en los vuelos, 100\u20ac en las dos noches que estuve en el airbnb y unos 60\u20ac en comidas por d\u00eda casi (he redondeado para arriba). Con lo que me gast\u00e9 <strong>podr\u00eda haber pagado dos d\u00edas enteros de beca comedor para todo el cole<\/strong>, para todos esos 150 nombres que tienen una historia, una casa y una cama que comparten con primos, hermanos y padres\u2026\u00a0<\/span><\/p>\n<p style=\"text-align: justify;\"><span style=\"font-weight: 400;\">Y escribo esto diciendo, <strong>que qu\u00e9 bien que me pueda ir<\/strong>, que bien que pueda disfrutar de esto sin sentirme mal <strong>y<\/strong> <strong>que bien que tambi\u00e9n dono sin pensar los viajes que me he perdido o que podr\u00eda haber hecho con ese dinero<\/strong>.\u00a0<\/span><\/p>\n<p style=\"text-align: justify;\"><span style=\"font-weight: 400;\"><img loading=\"lazy\" decoding=\"async\" class=\"size-medium wp-image-7381 alignleft\" src=\"https:\/\/www.fundacionveron.org\/wp-content\/uploads\/2024\/06\/Historias-Beca-Comedor-8-169x300.jpg\" alt=\"\" width=\"169\" height=\"300\" srcset=\"https:\/\/www.fundacionveron.org\/wp-content\/uploads\/2024\/06\/Historias-Beca-Comedor-8-169x300.jpg 169w, https:\/\/www.fundacionveron.org\/wp-content\/uploads\/2024\/06\/Historias-Beca-Comedor-8-576x1024.jpg 576w, https:\/\/www.fundacionveron.org\/wp-content\/uploads\/2024\/06\/Historias-Beca-Comedor-8-768x1365.jpg 768w, https:\/\/www.fundacionveron.org\/wp-content\/uploads\/2024\/06\/Historias-Beca-Comedor-8-864x1536.jpg 864w, https:\/\/www.fundacionveron.org\/wp-content\/uploads\/2024\/06\/Historias-Beca-Comedor-8-700x1244.jpg 700w, https:\/\/www.fundacionveron.org\/wp-content\/uploads\/2024\/06\/Historias-Beca-Comedor-8-600x1067.jpg 600w, https:\/\/www.fundacionveron.org\/wp-content\/uploads\/2024\/06\/Historias-Beca-Comedor-8.jpg 1080w\" sizes=\"auto, (max-width: 169px) 100vw, 169px\" \/>Dono en proporci\u00f3n a lo que creo que puedo dar para luego hacer cosas que me gustan y que he so\u00f1ado toda mi vida con hacer. Como ir al Lago di Como.\u00a0<\/span><\/p>\n<p style=\"text-align: justify;\"><strong>Dono sabiendo que hay detr\u00e1s nombres y apellidos trabajando muy fuerte para luego ellos poder tener una vida digna y un trabajo que alg\u00fan d\u00eda les permita incluso donar.\u00a0<\/strong><\/p>\n<p style=\"text-align: justify;\"><span style=\"font-weight: 400;\">Hoy nada m\u00e1s abrir el correo hemos visto que uno de los antiguos alumnos del cole que ahora trabaja en Lahat, a parte de trabajar para su t\u00edo como mec\u00e1nico (desde que tiene como 13 a\u00f1os) y que a parte est\u00e1 empezando a trabajar como tatuador (que es su sue\u00f1o). Pues bien, este chaval, que no tiene ni 20 a\u00f1os y que lleva toda la vida ahorrando y trabajando ha entrado en la web para donar 5\u20ac a beca comedor.\u00a0<\/span><\/p>\n<p style=\"text-align: justify;\"><span style=\"font-weight: 400;\">Cuando pasan estas cosas, <strong>el resto<\/strong> del d\u00eda ya <strong>es propina<\/strong>. T\u00fa ya has ganado, <strong>cuando un beneficiario crece y aprecia y quiere tanto el proyecto como para dar<\/strong>, gracias a su esfuerzo y el de la escuela y la fundaci\u00f3n, uno ya ha ganado. <strong>Ya todo ha merecido la pena<\/strong>.\u00a0<\/span><\/p>\n<p style=\"text-align: justify;\"><span style=\"font-weight: 400;\">El cl\u00e1sico de las fundaciones tiene el reverso m\u00e1s bonito del mundo. <span style=\"color: #62c0bb;\"><strong>Nunca das pensando que pierdes<\/strong><\/span>. <strong>Y nunca gastas pensando que malgastas.\u00a0<\/strong><\/span><\/p>\n<p style=\"text-align: center;\"><span style=\"font-weight: 400;\">Seguimos con Beca Comedor y cerramos en 2 semanas \u00bfte animas?<\/span><\/p>\n<p style=\"text-align: center;\"><a class=\"maxbutton-1 maxbutton maxbutton-hazte-socio\" target=\"_blank\" rel=\"noopener\" href=\"https:\/\/www.fundacionveron.org\/crowdfunding\/beca-comedor-2024\/\"><span class='mb-text'>Claro que s\u00ed!<\/span><\/a><\/p>","protected":false},"excerpt":{"rendered":"<p>Un cl\u00e1sico en el tercer sector, estar hablando con amigos mientras tomas algo sobre los&#8230;<\/p>","protected":false},"author":8,"featured_media":7383,"comment_status":"closed","ping_status":"open","sticky":false,"template":"","format":"standard","meta":{"_monsterinsights_skip_tracking":false,"_monsterinsights_sitenote_active":false,"_monsterinsights_sitenote_note":"","_monsterinsights_sitenote_category":0,"_price":"","_stock":"","_tribe_ticket_header":"","_tribe_default_ticket_provider":"","_ticket_start_date":"","_ticket_end_date":"","_tribe_ticket_show_description":"","_tribe_ticket_show_not_going":false,"_tribe_ticket_use_global_stock":"","_tribe_ticket_global_stock_level":"","_global_stock_mode":"","_global_stock_cap":"","_tribe_rsvp_for_event":"","_tribe_ticket_going_count":"","_tribe_ticket_not_going_count":"","_tribe_tickets_list":"[]","_tribe_ticket_has_attendee_info_fields":false,"footnotes":""},"categories":[374,484,1],"tags":[],"class_list":["post-7379","post","type-post","status-publish","format-standard","has-post-thumbnail","hentry","category-blog","category-diario-de-una-voluntaria","category-fundacion-veron"],"wpcf_dashboard":"<div class=\"woocommerce\"><div class=\"woocommerce-info\">Please log in first? <a class=\"wpneoShowLogin\" href=\"#\">Click here to login<\/a><\/div><div class=\"wpneo_login_form_div\" style=\"display: none;\"><form name=\"loginform\" id=\"loginform\" action=\"https:\/\/www.fundacionveron.org\/en\/gestion\/\" method=\"post\"><p class=\"login-username\">\n\t\t\t\t<label for=\"user_login\">Username or Email Address<\/label>\n\t\t\t\t<input type=\"text\" name=\"log\" id=\"user_login\" autocomplete=\"username\" class=\"input\" value=\"\" size=\"20\" \/>\n\t\t\t<\/p><p class=\"login-password\">\n\t\t\t\t<label for=\"user_pass\">Password<\/label>\n\t\t\t\t<input type=\"password\" name=\"pwd\" id=\"user_pass\" autocomplete=\"current-password\" spellcheck=\"false\" class=\"input\" value=\"\" size=\"20\" \/>\n\t\t\t<\/p><p class=\"login-remember\"><label><input name=\"rememberme\" type=\"checkbox\" id=\"rememberme\" value=\"forever\" \/> Remember Me<\/label><\/p><p class=\"login-submit\">\n\t\t\t\t<input type=\"submit\" name=\"wp-submit\" id=\"wp-submit\" class=\"button button-primary\" value=\"Log In\" \/>\n\t\t\t\t<input type=\"hidden\" name=\"redirect_to\" value=\"https:\/\/www.fundacionveron.org\/en\/wp-json\/wp\/v2\/posts\/7379\" \/>\n\t\t\t<\/p><\/form><\/div><\/div>","_links":{"self":[{"href":"https:\/\/www.fundacionveron.org\/en\/wp-json\/wp\/v2\/posts\/7379","targetHints":{"allow":["GET"]}}],"collection":[{"href":"https:\/\/www.fundacionveron.org\/en\/wp-json\/wp\/v2\/posts"}],"about":[{"href":"https:\/\/www.fundacionveron.org\/en\/wp-json\/wp\/v2\/types\/post"}],"author":[{"embeddable":true,"href":"https:\/\/www.fundacionveron.org\/en\/wp-json\/wp\/v2\/users\/8"}],"replies":[{"embeddable":true,"href":"https:\/\/www.fundacionveron.org\/en\/wp-json\/wp\/v2\/comments?post=7379"}],"version-history":[{"count":0,"href":"https:\/\/www.fundacionveron.org\/en\/wp-json\/wp\/v2\/posts\/7379\/revisions"}],"wp:featuredmedia":[{"embeddable":true,"href":"https:\/\/www.fundacionveron.org\/en\/wp-json\/wp\/v2\/media\/7383"}],"wp:attachment":[{"href":"https:\/\/www.fundacionveron.org\/en\/wp-json\/wp\/v2\/media?parent=7379"}],"wp:term":[{"taxonomy":"category","embeddable":true,"href":"https:\/\/www.fundacionveron.org\/en\/wp-json\/wp\/v2\/categories?post=7379"},{"taxonomy":"post_tag","embeddable":true,"href":"https:\/\/www.fundacionveron.org\/en\/wp-json\/wp\/v2\/tags?post=7379"}],"curies":[{"name":"wp","href":"https:\/\/api.w.org\/{rel}","templated":true}]}}