{"id":6778,"date":"2023-12-21T14:38:56","date_gmt":"2023-12-21T12:38:56","guid":{"rendered":"https:\/\/www.fundacionveron.org\/?p=6778"},"modified":"2023-12-21T14:38:56","modified_gmt":"2023-12-21T12:38:56","slug":"diario-26-bye-bye-2023","status":"publish","type":"post","link":"https:\/\/www.fundacionveron.org\/en\/diario-26-bye-bye-2023\/","title":{"rendered":"Diario 26: Bye Bye 2023"},"content":{"rendered":"<p><span style=\"font-weight: 400;\">Ahora s\u00ed que s\u00ed agur 2023<\/span><\/p>\n<p>&nbsp;<\/p>\n<p><span style=\"font-weight: 400;\">Ya ten\u00e9is el documental subido a nuestro canal de <a href=\"https:\/\/www.youtube.com\/watch?v=OWd9YRQxZes\">YouTube<\/a>, esto m\u00e1s que un blog o un diario es una carta a coraz\u00f3n abierto de la persona que la escribe hacia ti, querido lector, querido donante.\u00a0<\/span><\/p>\n<p><span style=\"font-weight: 400;\">Ha sido un trabajo tedioso, no os voy a enga\u00f1ar, la preparaci\u00f3n previa requiere de mil firmas y mil personas diferentes. Desde cartas de la directora de la escuela para invitar a Luc\u00eda a hacer el proyecto, hasta cartas de la fundaci\u00f3n, papeles de consentimiento, por parte de los padres, de los 135 ni\u00f1os, m\u00e1s sus familias (en este paso del proyecto hemos sido poco eco, la verdad) hasta toda la organizaci\u00f3n de material, de gesti\u00f3n de horarios, quer\u00edamos grabarlo todo y nos habr\u00eda gustado grabarlos a todos. Ense\u00f1aros todos los sitios, y ya no solo para ense\u00f1aros a vosotros sino tambi\u00e9n para que los chicos se sintieran escuchados e importantes. Pero al final hay que elegir y en eso se tarda.\u00a0<\/span><\/p>\n<p><span style=\"font-weight: 400;\">La propia experiencia de las grabaciones y las semanas en terreno fueron agitadas pero muy muy satisfactorias, nosotras mismas entendimos mil cosas m\u00e1s sobre el pa\u00eds y el proyecto mientras hac\u00edamos las entrevistas, fue la excusa perfecta para dedicar tiempo de calidad para hablar con ciertos beneficiarios y fue un verdadero regalo poder pasar tiempo con ellos en sus casas.\u00a0<\/span><\/p>\n<p><span style=\"font-weight: 400;\">La post producci\u00f3n y la gesti\u00f3n del evento fueron emocionantes a la par que r\u00e1pidas y estresantes. La verdad es que hemos aprendido much\u00edsimo. Yo ya tengo un master, me den o no el t\u00edtulo.\u00a0<\/span><\/p>\n<p><span style=\"font-weight: 400;\">Pero no hemos terminado, c\u00f3mo no.\u00a0<\/span><\/p>\n<p><span style=\"font-weight: 400;\">Ahora viene la parte de distribuci\u00f3n, de visitas, del feedback de la gente que no nos conoce de nada.\u00a0<\/span><\/p>\n<p><span style=\"font-weight: 400;\">La idea principal del documental era ense\u00f1ar el proyecto al mayor n\u00famero de gente posible y de la mejor manera posible. Las maneras est\u00e1n, nos faltan los n\u00fameros.\u00a0<\/span><\/p>\n<p><span style=\"font-weight: 400;\">\u00bfNos ayudas?\u00a0<\/span><\/p>\n<p><span style=\"font-weight: 400;\">P\u00e1saselo a cinco personas que crees que le pueda gustar y no te olvides de dejar tu comentario sobre qu\u00e9 te ha parecido.\u00a0<\/span><\/p>\n<p><span style=\"font-weight: 400;\">Nos vemos entre pantallas hasta el pr\u00f3ximo aviso.\u00a0<\/span><\/p>\n<p>\u00a1Felices fiestas!<\/p>","protected":false},"excerpt":{"rendered":"<p>Ahora s\u00ed que s\u00ed agur 2023 &nbsp; Ya ten\u00e9is el documental subido a nuestro canal&#8230;<\/p>","protected":false},"author":8,"featured_media":6779,"comment_status":"closed","ping_status":"open","sticky":false,"template":"","format":"standard","meta":{"_monsterinsights_skip_tracking":false,"_monsterinsights_sitenote_active":false,"_monsterinsights_sitenote_note":"","_monsterinsights_sitenote_category":0,"_price":"","_stock":"","_tribe_ticket_header":"","_tribe_default_ticket_provider":"","_ticket_start_date":"","_ticket_end_date":"","_tribe_ticket_show_description":"","_tribe_ticket_show_not_going":false,"_tribe_ticket_use_global_stock":"","_tribe_ticket_global_stock_level":"","_global_stock_mode":"","_global_stock_cap":"","_tribe_rsvp_for_event":"","_tribe_ticket_going_count":"","_tribe_ticket_not_going_count":"","_tribe_tickets_list":"[]","_tribe_ticket_has_attendee_info_fields":false,"footnotes":""},"categories":[374,484,421,1,4],"tags":[516,23,517],"class_list":["post-6778","post","type-post","status-publish","format-standard","has-post-thumbnail","hentry","category-blog","category-diario-de-una-voluntaria","category-escuela-de-vidrio","category-fundacion-veron","category-fundacion-veron-en-espana","tag-docuemental","tag-fundacion-veron","tag-honduras-cambia"],"wpcf_dashboard":"<div class=\"woocommerce\"><div class=\"woocommerce-info\">Please log in first? <a class=\"wpneoShowLogin\" href=\"#\">Click here to login<\/a><\/div><div class=\"wpneo_login_form_div\" style=\"display: none;\"><form name=\"loginform\" id=\"loginform\" action=\"https:\/\/www.fundacionveron.org\/en\/gestion\/\" method=\"post\"><p class=\"login-username\">\n\t\t\t\t<label for=\"user_login\">Username or Email Address<\/label>\n\t\t\t\t<input type=\"text\" name=\"log\" id=\"user_login\" autocomplete=\"username\" class=\"input\" value=\"\" size=\"20\" \/>\n\t\t\t<\/p><p class=\"login-password\">\n\t\t\t\t<label for=\"user_pass\">Password<\/label>\n\t\t\t\t<input type=\"password\" name=\"pwd\" id=\"user_pass\" autocomplete=\"current-password\" spellcheck=\"false\" class=\"input\" value=\"\" size=\"20\" \/>\n\t\t\t<\/p><p class=\"login-remember\"><label><input name=\"rememberme\" type=\"checkbox\" id=\"rememberme\" value=\"forever\" \/> Remember Me<\/label><\/p><p class=\"login-submit\">\n\t\t\t\t<input type=\"submit\" name=\"wp-submit\" id=\"wp-submit\" class=\"button button-primary\" value=\"Log In\" \/>\n\t\t\t\t<input type=\"hidden\" name=\"redirect_to\" value=\"https:\/\/www.fundacionveron.org\/en\/wp-json\/wp\/v2\/posts\/6778\" \/>\n\t\t\t<\/p><\/form><\/div><\/div>","_links":{"self":[{"href":"https:\/\/www.fundacionveron.org\/en\/wp-json\/wp\/v2\/posts\/6778","targetHints":{"allow":["GET"]}}],"collection":[{"href":"https:\/\/www.fundacionveron.org\/en\/wp-json\/wp\/v2\/posts"}],"about":[{"href":"https:\/\/www.fundacionveron.org\/en\/wp-json\/wp\/v2\/types\/post"}],"author":[{"embeddable":true,"href":"https:\/\/www.fundacionveron.org\/en\/wp-json\/wp\/v2\/users\/8"}],"replies":[{"embeddable":true,"href":"https:\/\/www.fundacionveron.org\/en\/wp-json\/wp\/v2\/comments?post=6778"}],"version-history":[{"count":0,"href":"https:\/\/www.fundacionveron.org\/en\/wp-json\/wp\/v2\/posts\/6778\/revisions"}],"wp:featuredmedia":[{"embeddable":true,"href":"https:\/\/www.fundacionveron.org\/en\/wp-json\/wp\/v2\/media\/6779"}],"wp:attachment":[{"href":"https:\/\/www.fundacionveron.org\/en\/wp-json\/wp\/v2\/media?parent=6778"}],"wp:term":[{"taxonomy":"category","embeddable":true,"href":"https:\/\/www.fundacionveron.org\/en\/wp-json\/wp\/v2\/categories?post=6778"},{"taxonomy":"post_tag","embeddable":true,"href":"https:\/\/www.fundacionveron.org\/en\/wp-json\/wp\/v2\/tags?post=6778"}],"curies":[{"name":"wp","href":"https:\/\/api.w.org\/{rel}","templated":true}]}}