{"id":5826,"date":"2023-02-03T13:33:25","date_gmt":"2023-02-03T11:33:25","guid":{"rendered":"https:\/\/www.fundacionveron.org\/?p=5826"},"modified":"2023-02-03T13:33:25","modified_gmt":"2023-02-03T11:33:25","slug":"empieza-el-curso-2023","status":"publish","type":"post","link":"https:\/\/www.fundacionveron.org\/en\/empieza-el-curso-2023\/","title":{"rendered":"Empieza el curso 2023"},"content":{"rendered":"<p><span style=\"font-weight: 400;\"><img loading=\"lazy\" decoding=\"async\" class=\"size-medium wp-image-5829 alignleft\" src=\"https:\/\/www.fundacionveron.org\/wp-content\/uploads\/2023\/02\/IMG_1892-225x300.jpg\" alt=\"\" width=\"225\" height=\"300\" srcset=\"https:\/\/www.fundacionveron.org\/wp-content\/uploads\/2023\/02\/IMG_1892-225x300.jpg 225w, https:\/\/www.fundacionveron.org\/wp-content\/uploads\/2023\/02\/IMG_1892-768x1024.jpg 768w, https:\/\/www.fundacionveron.org\/wp-content\/uploads\/2023\/02\/IMG_1892-1152x1536.jpg 1152w, https:\/\/www.fundacionveron.org\/wp-content\/uploads\/2023\/02\/IMG_1892-1536x2048.jpg 1536w, https:\/\/www.fundacionveron.org\/wp-content\/uploads\/2023\/02\/IMG_1892-600x800.jpg 600w, https:\/\/www.fundacionveron.org\/wp-content\/uploads\/2023\/02\/IMG_1892-700x933.jpg 700w, https:\/\/www.fundacionveron.org\/wp-content\/uploads\/2023\/02\/IMG_1892-scaled.jpg 1920w\" sizes=\"auto, (max-width: 225px) 100vw, 225px\" \/>Empieza el <strong>nuevo curso 2023<\/strong> en la Escuela del Vidrio y tenemos muchas, muchas novedades que contaros!<\/span><\/p>\n<p><span style=\"font-weight: 400;\">Lo primero, este a\u00f1o en la Escuela la familia crece, somos m\u00e1s que nunca. Este curso tenemos <\/span><b>135 alumnos<\/b><span style=\"font-weight: 400;\">: 67 en la t\u00e9cnica en Cocina y Turismo, 57 en la t\u00e9cnica en Vidrio,\u00a0 y 11 en D\u00e9cimo\/Und\u00e9cimo (graduados de la t\u00e9cnica).<\/span><\/p>\n<p><span style=\"font-weight: 400;\">Diferente al a\u00f1o anterior, en 2023 nuestros alumnos <strong>empiezan la t\u00e9cnica en su primer a\u00f1o<\/strong>, cuando entran en s\u00e9ptimo grado, y as\u00ed se graduar\u00e1n de la t\u00e9cnica o en Vidrio o en Cocina a la misma vez que se graduen de noveno grado. De ah\u00ed, podr\u00e1n elegir entre continuar sus estudios con el Bachillerato, o hacer sus pr\u00e1cticas de dos a\u00f1os en nuestros proyectos de inserci\u00f3n laboral, Lahat (para los t\u00e9cnicos en Vidrio) o Food Truck (para los t\u00e9cnicos en Cocina).<\/span><\/p>\n<p><span style=\"font-weight: 400;\">Tambi\u00e9n diferente a otros a\u00f1os, <strong>hemos empezado a becar a nuestros alumnos al 85%, 90% y 95%<\/strong> en vez de simplemente al 100%. Esto no significa que los que no puedan permit\u00edrselo se queden fuera de la Escuela, sino que los alumnos m\u00e1s necesitados estar\u00e1n becados al 100% y los otros pagar\u00e1n una cantidad simb\u00f3lica. Esto, a largo plazo,\u00a0 nos permitir\u00e1 implementar m\u00e1s proyectos y mejorar para llegar a a\u00fan m\u00e1s beneficiarios en las comunidades m\u00e1s necesitadas.\u00a0<\/span><\/p>\n<p><span style=\"font-weight: 400;\">Adem\u00e1s, este a\u00f1o<strong> tenemos cambios en el profesorado<\/strong>. Este curso, contamos con 4 profesoras en el \u00e1rea de Cocina y Turismo: Diana, chef experta Directora de la t\u00e9cnica y del Food Truck; Suyapa, profesora de panader\u00eda y de ingl\u00e9s para el sector tur\u00edstico; y Kristel y Valeska, graduadas de la t\u00e9cnica en Cocina en el 2021. En el \u00e1rea de Vidrio, tendremos a Larisa y a Nelson, los dos graduados de la t\u00e9cnica en Vidrio en el 2015 y el 2016 respectivamente; y a Maryuri y a Kenia como asistentes, graduadas de la t\u00e9cnica en Vidrio en 2021. Tristemente este a\u00f1o Cristhian ha decidido dejarnos como profesor. Cristhian estuvo de maestro en la Escuela desde el 2015, cuando se gradu\u00f3 de la t\u00e9cnica en Vidrio. Le deseamos todo lo mejor en sus proyectos nuevos!<img loading=\"lazy\" decoding=\"async\" class=\"size-medium wp-image-5830 alignright\" src=\"https:\/\/www.fundacionveron.org\/wp-content\/uploads\/2023\/02\/IMG_1958-225x300.jpg\" alt=\"\" width=\"225\" height=\"300\" srcset=\"https:\/\/www.fundacionveron.org\/wp-content\/uploads\/2023\/02\/IMG_1958-225x300.jpg 225w, https:\/\/www.fundacionveron.org\/wp-content\/uploads\/2023\/02\/IMG_1958-768x1024.jpg 768w, https:\/\/www.fundacionveron.org\/wp-content\/uploads\/2023\/02\/IMG_1958-1152x1536.jpg 1152w, https:\/\/www.fundacionveron.org\/wp-content\/uploads\/2023\/02\/IMG_1958-1536x2048.jpg 1536w, https:\/\/www.fundacionveron.org\/wp-content\/uploads\/2023\/02\/IMG_1958-600x800.jpg 600w, https:\/\/www.fundacionveron.org\/wp-content\/uploads\/2023\/02\/IMG_1958-700x933.jpg 700w, https:\/\/www.fundacionveron.org\/wp-content\/uploads\/2023\/02\/IMG_1958-scaled.jpg 1920w\" sizes=\"auto, (max-width: 225px) 100vw, 225px\" \/><\/span><\/p>\n<p><span style=\"font-weight: 400;\">Este a\u00f1o <strong>nosotros tambi\u00e9n debutamos proyectos nuevos<\/strong>. Con el fin de <strong>hacer la Escuela m\u00e1s sostenible y buena para el medio ambiente<\/strong>, hemos adquirido unas placas solares, que est\u00e1n funcionando de maravilla, y un sistema de biog\u00e1s, para convertir los desechos org\u00e1nicos de la cocina en gas para luego utilizar en las estufas.\u00a0<\/span><\/p>\n<p><span style=\"font-weight: 400;\">Al mismo tiempo <strong>hemos iniciado el proceso de mover los proyectos de inserci\u00f3n laboral<\/strong> ya mencionados, Lahat y Food Truck, <strong>a otra escuela t\u00e9cnica<\/strong> en la ciudad de El Progreso, donde los negocios podr\u00e1n crecer, y nosotros renovar el taller en donde se encuentra Lahat actualmente, en tres aulas nuevas: un taller de panader\u00eda y dos clases para la educaci\u00f3n b\u00e1sica. Esto en el futuro significa poder acoger m\u00e1s alumnos en la Escuela, y as\u00ed tener un impacto positivo a\u00fan m\u00e1s grande en las comunidades cercanas.<\/span><\/p>\n<p><span style=\"font-weight: 400;\">El lema para este 2023 es \u201c<strong>SI PUEDO LOGRARLO<\/strong>\u201d. \u00c1nimo a nuestros chicos y chicas!<\/span><\/p>\n<p><span style=\"font-weight: 400;\">Se vienen cosas muuuuy interesantes\u2026 <strong>stay tuned<\/strong>!!!!!\u00a0<\/span><\/p>","protected":false},"excerpt":{"rendered":"<p>Empieza el nuevo curso 2023 en la Escuela del Vidrio y tenemos muchas, muchas novedades&#8230;<\/p>","protected":false},"author":8,"featured_media":5827,"comment_status":"closed","ping_status":"open","sticky":false,"template":"","format":"standard","meta":{"_monsterinsights_skip_tracking":false,"_monsterinsights_sitenote_active":false,"_monsterinsights_sitenote_note":"","_monsterinsights_sitenote_category":0,"_price":"","_stock":"","_tribe_ticket_header":"","_tribe_default_ticket_provider":"","_ticket_start_date":"","_ticket_end_date":"","_tribe_ticket_show_description":"","_tribe_ticket_show_not_going":false,"_tribe_ticket_use_global_stock":"","_tribe_ticket_global_stock_level":"","_global_stock_mode":"","_global_stock_cap":"","_tribe_rsvp_for_event":"","_tribe_ticket_going_count":"","_tribe_ticket_not_going_count":"","_tribe_tickets_list":"[]","_tribe_ticket_has_attendee_info_fields":false,"footnotes":""},"categories":[374,6,421,1,5],"tags":[451,406,15,133,24,71,28,144,104,279,23,25,26,102],"class_list":["post-5826","post","type-post","status-publish","format-standard","has-post-thumbnail","hentry","category-blog","category-educacion-juventud-e-innovacion","category-escuela-de-vidrio","category-fundacion-veron","category-fundacion-veron-en-honduras","tag-ayuda-a-honduras","tag-cocina-y-turismo","tag-educacion","tag-educacion-en-honduras","tag-el-progreso","tag-emprendimiento","tag-escuela-del-vidrio","tag-escuela-del-vidrio-de-honduras","tag-escuela-del-vidrio-y-hosteleria","tag-food-truck-solidario","tag-fundacion-veron","tag-honduras","tag-jovenes","tag-vidrio"],"wpcf_dashboard":"<div class=\"woocommerce\"><div class=\"woocommerce-info\">Please log in first? <a class=\"wpneoShowLogin\" href=\"#\">Click here to login<\/a><\/div><div class=\"wpneo_login_form_div\" style=\"display: none;\"><form name=\"loginform\" id=\"loginform\" action=\"https:\/\/www.fundacionveron.org\/en\/gestion\/\" method=\"post\"><p class=\"login-username\">\n\t\t\t\t<label for=\"user_login\">Username or Email Address<\/label>\n\t\t\t\t<input type=\"text\" name=\"log\" id=\"user_login\" autocomplete=\"username\" class=\"input\" value=\"\" size=\"20\" \/>\n\t\t\t<\/p><p class=\"login-password\">\n\t\t\t\t<label for=\"user_pass\">Password<\/label>\n\t\t\t\t<input type=\"password\" name=\"pwd\" id=\"user_pass\" autocomplete=\"current-password\" spellcheck=\"false\" class=\"input\" value=\"\" size=\"20\" \/>\n\t\t\t<\/p><p class=\"login-remember\"><label><input name=\"rememberme\" type=\"checkbox\" id=\"rememberme\" value=\"forever\" \/> Remember Me<\/label><\/p><p class=\"login-submit\">\n\t\t\t\t<input type=\"submit\" name=\"wp-submit\" id=\"wp-submit\" class=\"button button-primary\" value=\"Log In\" \/>\n\t\t\t\t<input type=\"hidden\" name=\"redirect_to\" value=\"https:\/\/www.fundacionveron.org\/en\/wp-json\/wp\/v2\/posts\/5826\" \/>\n\t\t\t<\/p><\/form><\/div><\/div>","_links":{"self":[{"href":"https:\/\/www.fundacionveron.org\/en\/wp-json\/wp\/v2\/posts\/5826","targetHints":{"allow":["GET"]}}],"collection":[{"href":"https:\/\/www.fundacionveron.org\/en\/wp-json\/wp\/v2\/posts"}],"about":[{"href":"https:\/\/www.fundacionveron.org\/en\/wp-json\/wp\/v2\/types\/post"}],"author":[{"embeddable":true,"href":"https:\/\/www.fundacionveron.org\/en\/wp-json\/wp\/v2\/users\/8"}],"replies":[{"embeddable":true,"href":"https:\/\/www.fundacionveron.org\/en\/wp-json\/wp\/v2\/comments?post=5826"}],"version-history":[{"count":0,"href":"https:\/\/www.fundacionveron.org\/en\/wp-json\/wp\/v2\/posts\/5826\/revisions"}],"wp:featuredmedia":[{"embeddable":true,"href":"https:\/\/www.fundacionveron.org\/en\/wp-json\/wp\/v2\/media\/5827"}],"wp:attachment":[{"href":"https:\/\/www.fundacionveron.org\/en\/wp-json\/wp\/v2\/media?parent=5826"}],"wp:term":[{"taxonomy":"category","embeddable":true,"href":"https:\/\/www.fundacionveron.org\/en\/wp-json\/wp\/v2\/categories?post=5826"},{"taxonomy":"post_tag","embeddable":true,"href":"https:\/\/www.fundacionveron.org\/en\/wp-json\/wp\/v2\/tags?post=5826"}],"curies":[{"name":"wp","href":"https:\/\/api.w.org\/{rel}","templated":true}]}}