{"id":5568,"date":"2022-07-28T13:32:23","date_gmt":"2022-07-28T11:32:23","guid":{"rendered":"https:\/\/www.fundacionveron.org\/?p=5568"},"modified":"2022-07-28T13:32:23","modified_gmt":"2022-07-28T11:32:23","slug":"la-importancia-de-una-juventud-educada","status":"publish","type":"post","link":"https:\/\/www.fundacionveron.org\/en\/la-importancia-de-una-juventud-educada\/","title":{"rendered":"La importancia de una juventud educada"},"content":{"rendered":"<p>El 15 de julio se celebr\u00f3 el D\u00eda Internacional de las Habilidades de los J\u00f3venes, declarado por la ONU con el fin de resaltar y celebrar la importancia de la educaci\u00f3n y la formaci\u00f3n profesional para la juventud. Los j\u00f3venes suelen estar a la vanguardia de los movimientos sociales, liderando cambios globales. Algunos ejemplos famosos incluyen las protestas contra la Guerra de Vietnam, los movimientos por los derechos ind\u00edgenas y Black Lives Matter. Los j\u00f3venes, y en particular los estudiantes, tienen la devoci\u00f3n de hacer del mundo un lugar m\u00e1s igualitario, ya que son ellos quienes en el futuro se beneficiar\u00e1n de una sociedad m\u00e1s equitativa socialmente, as\u00ed como sufrir\u00e1n las consecuencias de una sociedad m\u00e1s desigual. Para que nuestros j\u00f3venes sean miembros funcionales de la sociedad, sea contribuyendo a los movimientos sociales, contribuyendo al crecimiento de la econom\u00eda o apoyando a las generaciones mayores jubiladas, la educaci\u00f3n es absolutamente crucial.<\/p>\n<p>La educaci\u00f3n, ya sea primaria, secundaria o formaci\u00f3n profesional, es clave para un futuro m\u00e1s saludable y pr\u00f3spero, y permite a las familias salir de la pobreza. En Honduras, alguien con una educaci\u00f3n primaria ganar\u00e1 un 74.5% m\u00e1s que una persona sin educaci\u00f3n a lo largo de su vida. Hay una correlaci\u00f3n clara entre a\u00f1os de estudio y la felicidad, el salud, nivel de ingresos y tasas de delincuencia disminuidas. El acceso a todos los tipos de educaci\u00f3n es particularmente importante en pa\u00edses con una gran poblaci\u00f3n joven. En Honduras, el 50,6% de la poblaci\u00f3n tiene menos de 24 a\u00f1os (comparado con un 24% en Espa\u00f1a, por ejemplo). A medida que crece la poblaci\u00f3n joven, tambi\u00e9n lo hacen los problemas a los que se enfrenta. El desempleo juvenil y la delincuencia podr\u00edan ser problemas a\u00fan mayores en Honduras si continua creciendo el porcentaje de la poblaci\u00f3n juvenil que no est\u00e1 en el colegio.<\/p>\n<p>Lamentablemente, la calidad y el acceso a la educaci\u00f3n en Honduras est\u00e1n siendo amenazados, sobre todo desde el principio de la pandemia. Adem\u00e1s, los miembros m\u00e1s vulnerables de la sociedad, las mujeres, los que viven en zonas rurales y los pobres, se ven afectados de manera desproporcionada por esta falta de educaci\u00f3n. La pandemia cerr\u00f3 las puertas de los colegios por todo el mundo, y en pa\u00edses m\u00e1s pobres como Honduras, muchos ni\u00f1os no han regresado desde entonces. Las familias que no tienen acceso al internet (como es para el 60% de los hondure\u00f1os) han tenido dificultades para continuar con la educaci\u00f3n de sus hijos desde el inicio de la pandemia.<\/p>\n<p>El cambio clim\u00e1tico es otra amenaza para la educaci\u00f3n. Como estamos viendo continuamente en todo el mundo, sus impactos tambi\u00e9n afectan de manera desproporcionada a los m\u00e1s desafortunados. Los huracanes son cada vez m\u00e1s frecuentes y mortales, y como resultado de dos grandes huracanes en 2020, 114.015 estudiantes hondure\u00f1os se vieron afectados. Los j\u00f3venes tienen una capacidad incre\u00edble para impulsar el cambio y el crecimiento econ\u00f3mico en un pa\u00eds. Pero para que esto siga siendo verdad, mejorar el nivel y el acceso a la educaci\u00f3n es imprescindible.<\/p>","protected":false},"excerpt":{"rendered":"<p>El 15 de julio se celebr\u00f3 el D\u00eda Internacional de las Habilidades de los J\u00f3venes,&#8230;<\/p>","protected":false},"author":25,"featured_media":5569,"comment_status":"closed","ping_status":"open","sticky":false,"template":"","format":"standard","meta":{"_monsterinsights_skip_tracking":false,"_monsterinsights_sitenote_active":false,"_monsterinsights_sitenote_note":"","_monsterinsights_sitenote_category":0,"_price":"","_stock":"","_tribe_ticket_header":"","_tribe_default_ticket_provider":"","_ticket_start_date":"","_ticket_end_date":"","_tribe_ticket_show_description":"","_tribe_ticket_show_not_going":false,"_tribe_ticket_use_global_stock":"","_tribe_ticket_global_stock_level":"","_global_stock_mode":"","_global_stock_cap":"","_tribe_rsvp_for_event":"","_tribe_ticket_going_count":"","_tribe_ticket_not_going_count":"","_tribe_tickets_list":"[]","_tribe_ticket_has_attendee_info_fields":false,"footnotes":""},"categories":[6,5],"tags":[451,274,15,133,110,25,26,446],"class_list":["post-5568","post","type-post","status-publish","format-standard","has-post-thumbnail","hentry","category-educacion-juventud-e-innovacion","category-fundacion-veron-en-honduras","tag-ayuda-a-honduras","tag-derecho-a-la-educacion","tag-educacion","tag-educacion-en-honduras","tag-empleo-juvenil","tag-honduras","tag-jovenes","tag-juventud-en-honduras"],"wpcf_dashboard":"<div class=\"woocommerce\"><div class=\"woocommerce-info\">Please log in first? <a class=\"wpneoShowLogin\" href=\"#\">Click here to login<\/a><\/div><div class=\"wpneo_login_form_div\" style=\"display: none;\"><form name=\"loginform\" id=\"loginform\" action=\"https:\/\/www.fundacionveron.org\/en\/gestion\/\" method=\"post\"><p class=\"login-username\">\n\t\t\t\t<label for=\"user_login\">Username or Email Address<\/label>\n\t\t\t\t<input type=\"text\" name=\"log\" id=\"user_login\" autocomplete=\"username\" class=\"input\" value=\"\" size=\"20\" \/>\n\t\t\t<\/p><p class=\"login-password\">\n\t\t\t\t<label for=\"user_pass\">Password<\/label>\n\t\t\t\t<input type=\"password\" name=\"pwd\" id=\"user_pass\" autocomplete=\"current-password\" spellcheck=\"false\" class=\"input\" value=\"\" size=\"20\" \/>\n\t\t\t<\/p><p class=\"login-remember\"><label><input name=\"rememberme\" type=\"checkbox\" id=\"rememberme\" value=\"forever\" \/> Remember Me<\/label><\/p><p class=\"login-submit\">\n\t\t\t\t<input type=\"submit\" name=\"wp-submit\" id=\"wp-submit\" class=\"button button-primary\" value=\"Log In\" \/>\n\t\t\t\t<input type=\"hidden\" name=\"redirect_to\" value=\"https:\/\/www.fundacionveron.org\/en\/wp-json\/wp\/v2\/posts\/5568\" \/>\n\t\t\t<\/p><\/form><\/div><\/div>","_links":{"self":[{"href":"https:\/\/www.fundacionveron.org\/en\/wp-json\/wp\/v2\/posts\/5568","targetHints":{"allow":["GET"]}}],"collection":[{"href":"https:\/\/www.fundacionveron.org\/en\/wp-json\/wp\/v2\/posts"}],"about":[{"href":"https:\/\/www.fundacionveron.org\/en\/wp-json\/wp\/v2\/types\/post"}],"author":[{"embeddable":true,"href":"https:\/\/www.fundacionveron.org\/en\/wp-json\/wp\/v2\/users\/25"}],"replies":[{"embeddable":true,"href":"https:\/\/www.fundacionveron.org\/en\/wp-json\/wp\/v2\/comments?post=5568"}],"version-history":[{"count":0,"href":"https:\/\/www.fundacionveron.org\/en\/wp-json\/wp\/v2\/posts\/5568\/revisions"}],"wp:featuredmedia":[{"embeddable":true,"href":"https:\/\/www.fundacionveron.org\/en\/wp-json\/wp\/v2\/media\/5569"}],"wp:attachment":[{"href":"https:\/\/www.fundacionveron.org\/en\/wp-json\/wp\/v2\/media?parent=5568"}],"wp:term":[{"taxonomy":"category","embeddable":true,"href":"https:\/\/www.fundacionveron.org\/en\/wp-json\/wp\/v2\/categories?post=5568"},{"taxonomy":"post_tag","embeddable":true,"href":"https:\/\/www.fundacionveron.org\/en\/wp-json\/wp\/v2\/tags?post=5568"}],"curies":[{"name":"wp","href":"https:\/\/api.w.org\/{rel}","templated":true}]}}