{"id":532,"date":"2015-05-22T11:20:13","date_gmt":"2015-05-22T11:20:13","guid":{"rendered":"http:\/\/www.escueladelvidrio.org\/?p=532"},"modified":"2023-01-20T11:44:39","modified_gmt":"2023-01-20T09:44:39","slug":"evento-de-inauguracion-del-edificio-de-la-escuela-del-vidrio","status":"publish","type":"post","link":"https:\/\/www.fundacionveron.org\/en\/evento-de-inauguracion-del-edificio-de-la-escuela-del-vidrio\/","title":{"rendered":"EVENTO DE INAUGURACI\u00d3N DEL EDIFICIO DE LA ESCUELA DEL VIDRIO"},"content":{"rendered":"<p style=\"text-align: justify;\">Hace tiempo que trabajamos para construir nuestra propia escuela y por fin estamos ya a punto de Inaugurar lo que ser\u00e1 el edificio de la Escuela del Vidrio. El hecho de tener un espacio as\u00ed, nos permitir\u00e1 ofrecer m\u00e1s variedad de especialidades, adem\u00e1s de los actuales Estudios T\u00e9cnicos en Vidrio y Especializaci\u00f3n en Vidrio.<\/p>\n<p style=\"text-align: justify;\">Vamos al evento de Inauguraci\u00f3n, \u00bfc\u00f3mo hemos conseguido organizarlo todo?<\/p>\n\n<p style=\"text-align: justify;\">Comenzamos manifestando las querencias, lo que ten\u00edamos en mente y que quer\u00edamos hacer realidad para el evento: quer\u00edamos MAGIA, quer\u00edamos DAR IMPORTANCIA A LA EDUCACI\u00d3N, quer\u00edamos AGRADECER el apoyo que se nos ha brindado y quer\u00edamos HACER PROTAGONISTAS A NUESTROS ALUMNOS y a que trabajamos por ellos y por su futuro.<\/p>\n<p style=\"text-align: justify;\">As\u00ed que \u00a1manos a la obra! \u00bfC\u00f3mo encaj\u00e1bamos todo eso en un evento en Honduras? Est\u00e1bamos planteando algo diferente. As\u00ed que el primer paso fue mostrar una propuesta de lo que ocurrir\u00eda a la Asociaci\u00f3n Amigos de la Escuela del Vidrio. Los miembros de esta asociaci\u00f3n lo vieron diferente pero con buenos ojos, ya que resultaba que quer\u00edan tambi\u00e9n hacer algo especial para los chicos.<\/p>\n<p style=\"text-align: justify;\">Comenzamos con la gesti\u00f3n del evento partiendo de esas querencias u objetivos:<\/p>\n<p style=\"text-align: justify;\">MAGIA Contactamos con Julio S\u00e1nchez y Elena Torner, dos magos de la Escuela Tamariz de Magia, los cuales estuvieron muy contentos por poder participar en un evento de un proyecto de cooperaci\u00f3n en Honduras. Ellos cuentan adem\u00e1s con Carlos Udina, aprendiz de mago, quien les asistir\u00e1 en las actividades que tenemos preparadas.<\/p>\n<p style=\"text-align: justify;\">DAR IMPORTANCIA A LA EDUCACI\u00d3N Con nuestro evento de Inauguraci\u00f3n queremos hacer ver que es posible crear ese cambio econ\u00f3mico-social en Honduras invirtiendo en Educaci\u00f3n. La importancia de educar a los ni\u00f1os y j\u00f3venes es esencial para sentar las bases de un desarrollo real y estable.<\/p>\n<p style=\"text-align: justify;\">AGRADECER el apoyo que se nos ha brindado, realizando un bonito obsequio para los invitados a este evento. M\u00ba Concepci\u00f3n Ju\u00e1rez, responsable acad\u00e9mico de la Escuela del Vidrio, ha coordinado a profesores y alumnos para poder ofrecer un obsequio bien bonito a todos los asistentes, adem\u00e1s de unas placas de agradecimiento a las instituciones que han colaborado con nosotros. Tambi\u00e9n contamos con Julius, un reconocido chef espa\u00f1ol, y Gustavo, un magn\u00edfico chef hondure\u00f1o, quienes trabajan juntos para dise\u00f1ar un men\u00fa de catering que todos disfrutaremos en este d\u00eda.<\/p>\n<p style=\"text-align: justify;\">HACER PROTAGONISTAS A NUESTROS ALUMNOS. Ellos son los que nos dar\u00e1n la bienvenida al evento de inauguraci\u00f3n de SU escuela y guiar\u00e1n los discursos de los ponentes a trav\u00e9s de la magia. \u00a1Ser\u00e1 claramente sorprendente!<\/p>\n<p style=\"text-align: justify;\">Adem\u00e1s, para que los que quieran apoyarnos, lo hagan con disfrute, en la inauguraci\u00f3n habr\u00e1 un mercadito donde pueden adquirir desde camisetas a piezas de vidrio, a cambio de una donaci\u00f3n al proyecto. Si alguna persona quiere ser donante, e invertir altruistamente en la educaci\u00f3n de los j\u00f3venes, tambi\u00e9n podr\u00e1 hacerlo.<\/p>\n<p style=\"text-align: justify;\">Gracias al apoyo de Juan Bendeck y Marisa Handal, de Televisi\u00f3n El Progreso, y de Amanda Hall y Dunia Pedromo de la Organizaci\u00f3n OYE de Honduras, se har\u00e1 video y fotograf\u00eda de toso lo ocurrido en el evento y en los d\u00edas anteriores.<\/p>\n<p style=\"text-align: justify;\">As\u00ed que, amigos, \u00a1estad atentos a las publicaciones!<\/p>","protected":false},"excerpt":{"rendered":"<p>Hace tiempo que trabajamos para construir nuestra propia escuela y por fin estamos ya a&#8230;<\/p>","protected":false},"author":8,"featured_media":533,"comment_status":"open","ping_status":"open","sticky":false,"template":"","format":"standard","meta":{"_monsterinsights_skip_tracking":false,"_monsterinsights_sitenote_active":false,"_monsterinsights_sitenote_note":"","_monsterinsights_sitenote_category":0,"_price":"","_stock":"","_tribe_ticket_header":"","_tribe_default_ticket_provider":"","_ticket_start_date":"","_ticket_end_date":"","_tribe_ticket_show_description":"","_tribe_ticket_show_not_going":false,"_tribe_ticket_use_global_stock":"","_tribe_ticket_global_stock_level":"","_global_stock_mode":"","_global_stock_cap":"","_tribe_rsvp_for_event":"","_tribe_ticket_going_count":"","_tribe_ticket_not_going_count":"","_tribe_tickets_list":"[]","_tribe_ticket_has_attendee_info_fields":false,"footnotes":""},"categories":[374,421],"tags":[],"class_list":["post-532","post","type-post","status-publish","format-standard","has-post-thumbnail","hentry","category-blog","category-escuela-de-vidrio"],"wpcf_dashboard":"<div class=\"woocommerce\"><div class=\"woocommerce-info\">Please log in first? <a class=\"wpneoShowLogin\" href=\"#\">Click here to login<\/a><\/div><div class=\"wpneo_login_form_div\" style=\"display: none;\"><form name=\"loginform\" id=\"loginform\" action=\"https:\/\/www.fundacionveron.org\/en\/gestion\/\" method=\"post\"><p class=\"login-username\">\n\t\t\t\t<label for=\"user_login\">Username or Email Address<\/label>\n\t\t\t\t<input type=\"text\" name=\"log\" id=\"user_login\" autocomplete=\"username\" class=\"input\" value=\"\" size=\"20\" \/>\n\t\t\t<\/p><p class=\"login-password\">\n\t\t\t\t<label for=\"user_pass\">Password<\/label>\n\t\t\t\t<input type=\"password\" name=\"pwd\" id=\"user_pass\" autocomplete=\"current-password\" spellcheck=\"false\" class=\"input\" value=\"\" size=\"20\" \/>\n\t\t\t<\/p><p class=\"login-remember\"><label><input name=\"rememberme\" type=\"checkbox\" id=\"rememberme\" value=\"forever\" \/> Remember Me<\/label><\/p><p class=\"login-submit\">\n\t\t\t\t<input type=\"submit\" name=\"wp-submit\" id=\"wp-submit\" class=\"button button-primary\" value=\"Log In\" \/>\n\t\t\t\t<input type=\"hidden\" name=\"redirect_to\" value=\"https:\/\/www.fundacionveron.org\/en\/wp-json\/wp\/v2\/posts\/532\" \/>\n\t\t\t<\/p><\/form><\/div><\/div>","_links":{"self":[{"href":"https:\/\/www.fundacionveron.org\/en\/wp-json\/wp\/v2\/posts\/532","targetHints":{"allow":["GET"]}}],"collection":[{"href":"https:\/\/www.fundacionveron.org\/en\/wp-json\/wp\/v2\/posts"}],"about":[{"href":"https:\/\/www.fundacionveron.org\/en\/wp-json\/wp\/v2\/types\/post"}],"author":[{"embeddable":true,"href":"https:\/\/www.fundacionveron.org\/en\/wp-json\/wp\/v2\/users\/8"}],"replies":[{"embeddable":true,"href":"https:\/\/www.fundacionveron.org\/en\/wp-json\/wp\/v2\/comments?post=532"}],"version-history":[{"count":0,"href":"https:\/\/www.fundacionveron.org\/en\/wp-json\/wp\/v2\/posts\/532\/revisions"}],"wp:featuredmedia":[{"embeddable":true,"href":"https:\/\/www.fundacionveron.org\/en\/wp-json\/"}],"wp:attachment":[{"href":"https:\/\/www.fundacionveron.org\/en\/wp-json\/wp\/v2\/media?parent=532"}],"wp:term":[{"taxonomy":"category","embeddable":true,"href":"https:\/\/www.fundacionveron.org\/en\/wp-json\/wp\/v2\/categories?post=532"},{"taxonomy":"post_tag","embeddable":true,"href":"https:\/\/www.fundacionveron.org\/en\/wp-json\/wp\/v2\/tags?post=532"}],"curies":[{"name":"wp","href":"https:\/\/api.w.org\/{rel}","templated":true}]}}