{"id":5141,"date":"2022-01-25T14:08:45","date_gmt":"2022-01-25T12:08:45","guid":{"rendered":"https:\/\/www.fundacionveron.org\/?p=5141"},"modified":"2023-08-28T11:09:48","modified_gmt":"2023-08-28T09:09:48","slug":"vuelta-al-cole","status":"publish","type":"post","link":"https:\/\/www.fundacionveron.org\/en\/vuelta-al-cole\/","title":{"rendered":"Vuelta al cole"},"content":{"rendered":"<p><span style=\"font-weight: 400;\">Cuando empezaba nuestro verano escrib\u00ed algunas l\u00edneas para un post de sensibilizaci\u00f3n. Lo dej\u00e9 en el caj\u00f3n porque en realidad las vacaciones de verano en Honduras son de noviembre a finales de enero y me pareci\u00f3 que subir eso y luego seguir subiendo fotos de los j\u00f3venes en el colegio no ten\u00eda mucho sentido. Pero ahora s\u00ed. Nuestros chicos y chicas vuelven a las aulas el lunes que viene, vuelven de sus vacaciones de verano y de navidad, comienzan nuevo curso, pero \u00bfcon m\u00e1s o con menos ilusi\u00f3n de lo que lo empez\u00e1bamos nosotros?<\/span><\/p>\n<p><img loading=\"lazy\" decoding=\"async\" class=\"wp-image-5143 alignright\" src=\"https:\/\/www.fundacionveron.org\/wp-content\/uploads\/2022\/01\/29FF657D-98CA-407B-B5FD-0EE9A053E522-169x300.jpg\" alt=\"\" width=\"399\" height=\"708\" srcset=\"https:\/\/www.fundacionveron.org\/wp-content\/uploads\/2022\/01\/29FF657D-98CA-407B-B5FD-0EE9A053E522-169x300.jpg 169w, https:\/\/www.fundacionveron.org\/wp-content\/uploads\/2022\/01\/29FF657D-98CA-407B-B5FD-0EE9A053E522-576x1024.jpg 576w\" sizes=\"auto, (max-width: 399px) 100vw, 399px\" \/><\/p>\n<p><span style=\"font-weight: 400;\">El texto empezaba as\u00ed: \u201cTodo era m\u00e1s f\u00e1cil cuando \u00e9ramos peque\u00f1os. Nos mandaban a campamentos, donde volv\u00edamos a ser quien nos diera la gana, alejados de los estereotipos y de los grupitos del cole. De repente, eras la simp\u00e1tica, o la valiente o la divertida. Y campamento tras campamento \u00edbamos defini\u00e9ndonos, como quer\u00edamos presentarnos hacia los dem\u00e1s. Luego estaban las vacaciones con la familia, en la playa, haciendo alg\u00fan viaje o en el pueblo. La \u00fanica preocupaci\u00f3n eran las recuperaciones para los despistados como yo. <\/span><span style=\"font-weight: 400;\">Cuando \u00e9ramos peque\u00f1os molaba porque\u00a0nada pesaba sobre nuestros hombros y solo ten\u00edamos que disfrutar.\u00a0<\/span><\/p>\n<p><span style=\"font-weight: 400;\">Luego vienen los veranos de la adolescencia, donde averiguas lo divertido que era pasarse horas y horas con tus amigas conociendo a gente random. Donde empezaban los primeros viajes solas, las primeras salidas, los primeros ligues y la \u00fanica preocupaci\u00f3n que ten\u00edamos era c\u00f3mo conseguir dinero para poder salir todos los d\u00edas de verano. Los viajes, el planear, Interrail, Bruselas, Menorca o C\u00e1diz. Trabajar durante una semanilla para hacer hucha para la pr\u00f3xima salida al sur o al norte. Y bueno, los conciertos y los festivales.\u00a0<\/span><\/p>\n<p><span style=\"font-weight: 400;\">Os preguntar\u00e9is porqu\u00e9 os cuento todo esto desde nuestra cuenta de la fundaci\u00f3n. Aqu\u00ed no hemos venido a dar envidia, pero, seguro que nuestros seguidores se han sentido identificados con alguno de estos planazos.\u00a0<\/span><span style=\"font-weight: 400;\">Con todo esto quiero decir, deciros, algo que ya sabemos pero que no est\u00e1 mal recordarlo de vez en cuando. Que hemos tenido suerte. <\/span><span style=\"font-weight: 400;\">Que mientras estos meses se llenan las redes de gente en las playas, en las piscinas de casas privadas, en barcos o simplemente en Madrid tomando algo con tus amigos. En muchas otras partes del mundo. Donde s\u00ed hay redes sociales pero no hay casi privilegios. Los veranos se convierten en una cosa muy diferente.\u00bb<\/span><\/p>\n<p><span style=\"font-weight: 400;\">La verdad es que el verano es maravilloso, es divertido y es relajante, pero s\u00f3lo cuando uno se lo puede permitir. Sino es un horror. Porque hay que estar pendiente de los hijos cuando uno est\u00e1 trabajando. Porque en determinadas edades, dependiendo de las necesidades pueden acabar en muy malas compa\u00f1\u00edas. En La Escuela tenemos a j\u00f3venes de 11 a\u00f1os hasta gente de 21. Cuando se supone que tiene que pasar los mejores veranos de sus vidas, muchos de ellos lo \u00fanico que quieren es poder volver a la rutina escolar, donde tienen una comida decente, donde se sienten acogidos, donde tienen amigos que con las mismas inquietudes, donde pueden dedicar su tiempo a ellos mismos, a su aprendizaje y su futuro, en vez de ayudar a sus padres con el trabajo o a cuidar a sus hermanos peque\u00f1os.\u00a0<\/span><\/p>\n<p><img loading=\"lazy\" decoding=\"async\" class=\"wp-image-5154 alignleft\" src=\"https:\/\/www.fundacionveron.org\/wp-content\/uploads\/2022\/01\/IMG_1897-225x300.jpg\" alt=\"\" width=\"304\" height=\"406\" srcset=\"https:\/\/www.fundacionveron.org\/wp-content\/uploads\/2022\/01\/IMG_1897-225x300.jpg 225w, https:\/\/www.fundacionveron.org\/wp-content\/uploads\/2022\/01\/IMG_1897-768x1024.jpg 768w, https:\/\/www.fundacionveron.org\/wp-content\/uploads\/2022\/01\/IMG_1897-1152x1536.jpg 1152w, https:\/\/www.fundacionveron.org\/wp-content\/uploads\/2022\/01\/IMG_1897-1536x2048.jpg 1536w, https:\/\/www.fundacionveron.org\/wp-content\/uploads\/2022\/01\/IMG_1897-600x800.jpg 600w, https:\/\/www.fundacionveron.org\/wp-content\/uploads\/2022\/01\/IMG_1897-700x933.jpg 700w, https:\/\/www.fundacionveron.org\/wp-content\/uploads\/2022\/01\/IMG_1897-scaled.jpg 1920w\" sizes=\"auto, (max-width: 304px) 100vw, 304px\" \/><\/p>\n<p>Germ\u00e1n (Representante de Fundaci\u00f3n Ver\u00f3n en Honduras) el otro d\u00eda nos dec\u00eda: \u00abno es lo mismo cuando les vemos en la escuela bien bonitos, bien arregladitos, a lo que hay en la realidad de sus casas\u00bb. La realidad de sus casas no aparece en las redes sociales. Muchas veces todo lo que no se ve dice mucho m\u00e1s que el resto.<\/p>\n<p>Con todo esto quiero decir que el inicio de un curso, la vuelta al cole, esa tan odiada para nosotros, con esos anuncios de El Corte Ingl\u00e9s, con esos letreros enormes que nos atormentaban la mita del verano, para otros, es un respiro de aire fresco. Es la vuelta a una estabilidad a la que de otra manera, no estar\u00edan acostumbrados. Y justo por eso para nuestros profesores es un poco menos duro volver al trabajo, porque vuelven a un colegio alegre, movido, y lo m\u00e1s importante, agradecido.<\/p>\n<p>En la escuela nuestros chicos y chicas est\u00e1n \u00abbien bonitos\u00bb como dice Germ\u00e1n, porque est\u00e1n bien tranquilos, bien vestidos, bien alimentados. Porque est\u00e1n bien. En resumidas cuentas. Estudiando mucho, que no es poco, pero bien. A mi me habr\u00eda gustado leer esto cuando era peque\u00f1a y volv\u00eda con todo el peso del mundo sobre mis hombros a un rutinario septiembre.<\/p>\n<p>Feliz y alegre vuelta al cole a nuestros hondure\u00f1os!<\/p>","protected":false},"excerpt":{"rendered":"<p>Cuando empezaba nuestro verano escrib\u00ed algunas l\u00edneas para un post de sensibilizaci\u00f3n. Lo dej\u00e9 en&#8230;<\/p>","protected":false},"author":8,"featured_media":0,"comment_status":"closed","ping_status":"open","sticky":false,"template":"","format":"standard","meta":{"_monsterinsights_skip_tracking":false,"_monsterinsights_sitenote_active":false,"_monsterinsights_sitenote_note":"","_monsterinsights_sitenote_category":0,"_price":"","_stock":"","_tribe_ticket_header":"","_tribe_default_ticket_provider":"","_ticket_start_date":"","_ticket_end_date":"","_tribe_ticket_show_description":"","_tribe_ticket_show_not_going":false,"_tribe_ticket_use_global_stock":"","_tribe_ticket_global_stock_level":"","_global_stock_mode":"","_global_stock_cap":"","_tribe_rsvp_for_event":"","_tribe_ticket_going_count":"","_tribe_ticket_not_going_count":"","_tribe_tickets_list":"[]","_tribe_ticket_has_attendee_info_fields":false,"footnotes":""},"categories":[374,421,1,4,5],"tags":[28,25,217,479],"class_list":["post-5141","post","type-post","status-publish","format-standard","hentry","category-blog","category-escuela-de-vidrio","category-fundacion-veron","category-fundacion-veron-en-espana","category-fundacion-veron-en-honduras","tag-escuela-del-vidrio","tag-honduras","tag-vacaciones","tag-vuelta-al-cole"],"wpcf_dashboard":"<div class=\"woocommerce\"><div class=\"woocommerce-info\">Please log in first? <a class=\"wpneoShowLogin\" href=\"#\">Click here to login<\/a><\/div><div class=\"wpneo_login_form_div\" style=\"display: none;\"><form name=\"loginform\" id=\"loginform\" action=\"https:\/\/www.fundacionveron.org\/en\/gestion\/\" method=\"post\"><p class=\"login-username\">\n\t\t\t\t<label for=\"user_login\">Username or Email Address<\/label>\n\t\t\t\t<input type=\"text\" name=\"log\" id=\"user_login\" autocomplete=\"username\" class=\"input\" value=\"\" size=\"20\" \/>\n\t\t\t<\/p><p class=\"login-password\">\n\t\t\t\t<label for=\"user_pass\">Password<\/label>\n\t\t\t\t<input type=\"password\" name=\"pwd\" id=\"user_pass\" autocomplete=\"current-password\" spellcheck=\"false\" class=\"input\" value=\"\" size=\"20\" \/>\n\t\t\t<\/p><p class=\"login-remember\"><label><input name=\"rememberme\" type=\"checkbox\" id=\"rememberme\" value=\"forever\" \/> Remember Me<\/label><\/p><p class=\"login-submit\">\n\t\t\t\t<input type=\"submit\" name=\"wp-submit\" id=\"wp-submit\" class=\"button button-primary\" value=\"Log In\" \/>\n\t\t\t\t<input type=\"hidden\" name=\"redirect_to\" value=\"https:\/\/www.fundacionveron.org\/en\/wp-json\/wp\/v2\/posts\/5141\" \/>\n\t\t\t<\/p><\/form><\/div><\/div>","_links":{"self":[{"href":"https:\/\/www.fundacionveron.org\/en\/wp-json\/wp\/v2\/posts\/5141","targetHints":{"allow":["GET"]}}],"collection":[{"href":"https:\/\/www.fundacionveron.org\/en\/wp-json\/wp\/v2\/posts"}],"about":[{"href":"https:\/\/www.fundacionveron.org\/en\/wp-json\/wp\/v2\/types\/post"}],"author":[{"embeddable":true,"href":"https:\/\/www.fundacionveron.org\/en\/wp-json\/wp\/v2\/users\/8"}],"replies":[{"embeddable":true,"href":"https:\/\/www.fundacionveron.org\/en\/wp-json\/wp\/v2\/comments?post=5141"}],"version-history":[{"count":0,"href":"https:\/\/www.fundacionveron.org\/en\/wp-json\/wp\/v2\/posts\/5141\/revisions"}],"wp:attachment":[{"href":"https:\/\/www.fundacionveron.org\/en\/wp-json\/wp\/v2\/media?parent=5141"}],"wp:term":[{"taxonomy":"category","embeddable":true,"href":"https:\/\/www.fundacionveron.org\/en\/wp-json\/wp\/v2\/categories?post=5141"},{"taxonomy":"post_tag","embeddable":true,"href":"https:\/\/www.fundacionveron.org\/en\/wp-json\/wp\/v2\/tags?post=5141"}],"curies":[{"name":"wp","href":"https:\/\/api.w.org\/{rel}","templated":true}]}}