{"id":4533,"date":"2018-06-13T09:27:33","date_gmt":"2018-06-13T09:27:33","guid":{"rendered":"http:\/\/www.escueladelvidrio.org\/?p=2189"},"modified":"2023-01-20T11:44:29","modified_gmt":"2023-01-20T09:44:29","slug":"valoresmedioambiente","status":"publish","type":"post","link":"https:\/\/www.fundacionveron.org\/en\/valoresmedioambiente\/","title":{"rendered":"Fomentando Valores en Pro del Medio Ambiente"},"content":{"rendered":"<p style=\"text-align: justify;\">En este mes de mayo se realizaron diferentes actividades en Honduras fomentando la protecci\u00f3n del medio ambiente, el desarrollo art\u00edstico, y se form\u00f3 a los ni\u00f1os y j\u00f3venes sobre el tema de la explotaci\u00f3n infantil con el objetivo de lograr que los ni\u00f1os conozcan cu\u00e1les son sus derechos relacionados a la educaci\u00f3n. Se realizaron actividades en los centros educativos celebrando el d\u00eda del \u00c1rbol nacional y al mismo tiempo incentivando a los ni\u00f1os y j\u00f3venes la importancia de nuestra flora.<\/p>\n<p style=\"text-align: justify;\">\nLos centros educativos fomentaron la protecci\u00f3n del medio ambiente a trav\u00e9s de la reforestaci\u00f3n, sembrando \u00e1rboles en las orillas de los r\u00edos, mismo que dar\u00e1n seguimiento al crecimiento de los \u00e1rboles sembrados.<\/p>\n<p style=\"text-align: justify;\">\nEn el marco del d\u00eda nacional del \u00e1rbol las autoridades de la Secretar\u00eda de Educaci\u00f3n, estudiantes, maestros, y representantes del Instituto de Conservaci\u00f3n Forestal (ICF), conmemoraron el d\u00eda nacional del \u00e1rbol con campa\u00f1as de reforestaci\u00f3n, al mismo tiempo que anunciaron que con el apoyo de los estudiantes de \u00faltimo a\u00f1o en los centros educativos se reforestar\u00e1n m\u00e1s de 30 mil<br \/>\nhect\u00e1reas de bosques en el pa\u00eds. La directora del departamento de Educaci\u00f3n y Comunicaci\u00f3n Ambiental de la Secretar\u00eda de Educaci\u00f3n (DECOAS), Arely Argueta, se\u00f1al\u00f3 que como parte de un compromiso de la naci\u00f3n los 2.2 millones de estudiantes en 23 mil centros educativos en el pa\u00eds est\u00e1n listos para iniciar con el proceso de la recuperaci\u00f3n de los recursos naturales. Tenemos que fortalecer nuestro planeta con el apoyo de nuestros estudiantes y docentes y con la capacitaci\u00f3n de las autoridades de la Secretar\u00eda de Educaci\u00f3n se va a iniciar este proceso despu\u00e9s de que el instituto de Conservaci\u00f3n Forestal (ICF), asigne las hect\u00e1reas que le toca reforestar a los estudiantes y maestros del sistema educativo.<\/p>\n<p style=\"text-align: justify;\">Por su parte el director del Instituto de Conservaci\u00f3n Forestal Arnaldo Bueso, manifest\u00f3 que lo importante es que las autoridades educativas est\u00e1n anuentes a apoyar la reforestaci\u00f3n de m\u00e1s de 30 mil hect\u00e1reas de bosques en un periodo de cinco a\u00f1os.<\/p>\n<p style=\"text-align: justify;\">\nEste a\u00f1o se ha tratado de incorporar nuevos h\u00e1bitos en los estudiantes para el cuidado del medio ambiente sobre todo en estos momentos que resentimos la ausencia de los \u00e1rboles que se han cortado, ya que estamos sufriendo la escasez del agua, altas temperaturas y sobre todo la ausencia de los \u00e1rboles que nos dan ox\u00edgeno, con esta campa\u00f1a que se realizaron en escuelas e Institutos se espera lograr una mayor conciencia en pro del medio ambiente.<\/p>","protected":false},"excerpt":{"rendered":"<p>En este mes de mayo se realizaron diferentes actividades en Honduras fomentando la protecci\u00f3n del&#8230;<\/p>","protected":false},"author":8,"featured_media":2191,"comment_status":"closed","ping_status":"open","sticky":false,"template":"","format":"standard","meta":{"_monsterinsights_skip_tracking":false,"_monsterinsights_sitenote_active":false,"_monsterinsights_sitenote_note":"","_monsterinsights_sitenote_category":0,"_price":"","_stock":"","_tribe_ticket_header":"","_tribe_default_ticket_provider":"","_ticket_start_date":"","_ticket_end_date":"","_tribe_ticket_show_description":"","_tribe_ticket_show_not_going":false,"_tribe_ticket_use_global_stock":"","_tribe_ticket_global_stock_level":"","_global_stock_mode":"","_global_stock_cap":"","_tribe_rsvp_for_event":"","_tribe_ticket_going_count":"","_tribe_ticket_not_going_count":"","_tribe_tickets_list":"[]","_tribe_ticket_has_attendee_info_fields":false,"footnotes":""},"categories":[374,421],"tags":[394,25,26,395,126],"class_list":["post-4533","post","type-post","status-publish","format-standard","has-post-thumbnail","hentry","category-blog","category-escuela-de-vidrio","tag-estudiantes","tag-honduras","tag-jovenes","tag-medio-ambiente","tag-valores"],"wpcf_dashboard":"<div class=\"woocommerce\"><div class=\"woocommerce-info\">Please log in first? <a class=\"wpneoShowLogin\" href=\"#\">Click here to login<\/a><\/div><div class=\"wpneo_login_form_div\" style=\"display: none;\"><form name=\"loginform\" id=\"loginform\" action=\"https:\/\/www.fundacionveron.org\/en\/gestion\/\" method=\"post\"><p class=\"login-username\">\n\t\t\t\t<label for=\"user_login\">Username or Email Address<\/label>\n\t\t\t\t<input type=\"text\" name=\"log\" id=\"user_login\" autocomplete=\"username\" class=\"input\" value=\"\" size=\"20\" \/>\n\t\t\t<\/p><p class=\"login-password\">\n\t\t\t\t<label for=\"user_pass\">Password<\/label>\n\t\t\t\t<input type=\"password\" name=\"pwd\" id=\"user_pass\" autocomplete=\"current-password\" spellcheck=\"false\" class=\"input\" value=\"\" size=\"20\" \/>\n\t\t\t<\/p><p class=\"login-remember\"><label><input name=\"rememberme\" type=\"checkbox\" id=\"rememberme\" value=\"forever\" \/> Remember Me<\/label><\/p><p class=\"login-submit\">\n\t\t\t\t<input type=\"submit\" name=\"wp-submit\" id=\"wp-submit\" class=\"button button-primary\" value=\"Log In\" \/>\n\t\t\t\t<input type=\"hidden\" name=\"redirect_to\" value=\"https:\/\/www.fundacionveron.org\/en\/wp-json\/wp\/v2\/posts\/4533\" \/>\n\t\t\t<\/p><\/form><\/div><\/div>","_links":{"self":[{"href":"https:\/\/www.fundacionveron.org\/en\/wp-json\/wp\/v2\/posts\/4533","targetHints":{"allow":["GET"]}}],"collection":[{"href":"https:\/\/www.fundacionveron.org\/en\/wp-json\/wp\/v2\/posts"}],"about":[{"href":"https:\/\/www.fundacionveron.org\/en\/wp-json\/wp\/v2\/types\/post"}],"author":[{"embeddable":true,"href":"https:\/\/www.fundacionveron.org\/en\/wp-json\/wp\/v2\/users\/8"}],"replies":[{"embeddable":true,"href":"https:\/\/www.fundacionveron.org\/en\/wp-json\/wp\/v2\/comments?post=4533"}],"version-history":[{"count":0,"href":"https:\/\/www.fundacionveron.org\/en\/wp-json\/wp\/v2\/posts\/4533\/revisions"}],"wp:featuredmedia":[{"embeddable":true,"href":"https:\/\/www.fundacionveron.org\/en\/wp-json\/"}],"wp:attachment":[{"href":"https:\/\/www.fundacionveron.org\/en\/wp-json\/wp\/v2\/media?parent=4533"}],"wp:term":[{"taxonomy":"category","embeddable":true,"href":"https:\/\/www.fundacionveron.org\/en\/wp-json\/wp\/v2\/categories?post=4533"},{"taxonomy":"post_tag","embeddable":true,"href":"https:\/\/www.fundacionveron.org\/en\/wp-json\/wp\/v2\/tags?post=4533"}],"curies":[{"name":"wp","href":"https:\/\/api.w.org\/{rel}","templated":true}]}}