{"id":4528,"date":"2017-11-09T10:23:19","date_gmt":"2017-11-09T08:23:19","guid":{"rendered":"http:\/\/www.escueladelvidrio.org\/?p=2107"},"modified":"2023-08-28T12:18:05","modified_gmt":"2023-08-28T10:18:05","slug":"historias-de-jovenes-hondurenos-con-exito","status":"publish","type":"post","link":"https:\/\/www.fundacionveron.org\/en\/historias-de-jovenes-hondurenos-con-exito\/","title":{"rendered":"Historias de J\u00f3venes Hondure\u00f1os con \u00c9xito"},"content":{"rendered":"<p>&nbsp;<\/p>\n<p style=\"text-align: justify;\">Cintia es una peque\u00f1a catracha (hondure\u00f1a) que a pesar de su corta edad ya destaca a nivel internacional por su esp\u00edritu de servicio a trav\u00e9s de las tecnolog\u00edas de in<a href=\"http:\/\/www.escueladelvidrio.org\/wp-content\/uploads\/2017\/11\/cintia.jpg\"><img loading=\"lazy\" decoding=\"async\" class=\"size-medium wp-image-2108 alignright\" src=\"http:\/\/www.escueladelvidrio.org\/wp-content\/uploads\/2017\/11\/cintia-300x187.jpg\" alt=\"\" width=\"300\" height=\"187\" \/><\/a>formaci\u00f3n.<\/p>\n<p style=\"text-align: justify;\">Desde sus 15 a\u00f1os ense\u00f1a computaci\u00f3n a ni\u00f1os y adultos de su comunidad Plan Grande, en el departamento de Col\u00f3n, y tambi\u00e9n en las comunidades aleda\u00f1as. Este proceso no fue sencillo para Cintia, ya que su comunidad estaba alejada de las dem\u00e1s comunidades y solo se pod\u00eda transportar por v\u00eda mar\u00edtima. Este esfuerzo le vali\u00f3 para que la Red de Desarrollo Sostenible Honduras (RDS-HN) y EL Programa Peque\u00f1as Donaciones de Naciones Unidas le ofrecieran su apoyo para crear la primera plataforma hondure\u00f1a en l\u00ednea enfocada en capacitar y sensibilizar en la prevenci\u00f3n del embarazo temprano y el cambio clim\u00e1tico, lo cual le permiti\u00f3 a Cintia tener un mayor impacto en los j\u00f3venes de estas comunidades.<\/p>\n<p style=\"text-align: justify;\">Gracias a estas iniciativas, Cintia fue escogida como una de las ganadoras del programa\u00a0<strong><em>\u201925 under 25\u2032<\/em><\/strong>\u00a0de la\u00a0<strong>Internet Society<\/strong>\u00a0en conmemoraci\u00f3n del 25 aniversario de la organizaci\u00f3n.<\/p>\n<p style=\"text-align: justify;\">El programa enaltece a j\u00f3venes de todo el mundo que est\u00e1n actuando y usando el Internet como una herramienta para hacer el bien.<\/p>\n<p style=\"text-align: justify;\">En las Instituciones en Honduras se fomentan esta formaci\u00f3n, pero no todas las veces pueden llegar a ser historias de \u00e9xito, ya que muchos de estos centros de formaci\u00f3n no cuentan con\u00a0 recursos adecuados.<\/p>\n<p style=\"text-align: justify;\">Otro joven que puso el nombre de Honduras muy alto es el alumno Isaac Kaleb Castro G\u00f3mez, de 10mo\u00a0 grado del Instituto Alfonso Milson del municipio de Tela, represent\u00f3 a nuestro pa\u00eds en el \u00abConcurso de Oratoria Flores de la Di\u00e1spora Africana y Otras Culturas\u00bb la cual se desarroll\u00f3 en el hermano pa\u00eds de Costa Rica. Obteniendo el Primer lugar HONDURAS, Segundo lugar Panam\u00e1 y\u00a0Tercer lugar El Salvador.<\/p>\n<p style=\"text-align: justify;\">En Honduras contamos con muchos j\u00f3venes talentosos, creativos y con los deseos de superaci\u00f3n y sobre todos orgullosos de ser Hondure\u00f1os, muchas veces cuentan m\u00e1s en nuestro pa\u00eds las noticias de crimen e inseguridad y se deja a un lado las cosas buenas que en nuestro pa\u00eds suceden, con esto queremos motivar a que cada joven estudiante ya se de educaci\u00f3n media o de educaci\u00f3n superior, a seguir esforz\u00e1ndose en todo momento los dos ejemplos anteriores son diferentes \u00e1mbito social pero hay algo que les une y es el amor a nuestro pa\u00eds.<\/p>\n<p>&nbsp;<\/p>\n<p>&nbsp;<\/p>","protected":false},"excerpt":{"rendered":"<p>&nbsp; Cintia es una peque\u00f1a catracha (hondure\u00f1a) que a pesar de su corta edad ya&#8230;<\/p>","protected":false},"author":8,"featured_media":0,"comment_status":"closed","ping_status":"open","sticky":false,"template":"","format":"standard","meta":{"_monsterinsights_skip_tracking":false,"_monsterinsights_sitenote_active":false,"_monsterinsights_sitenote_note":"","_monsterinsights_sitenote_category":0,"_price":"","_stock":"","_tribe_ticket_header":"","_tribe_default_ticket_provider":"","_ticket_start_date":"","_ticket_end_date":"","_tribe_ticket_show_description":"","_tribe_ticket_show_not_going":false,"_tribe_ticket_use_global_stock":"","_tribe_ticket_global_stock_level":"","_global_stock_mode":"","_global_stock_cap":"","_tribe_rsvp_for_event":"","_tribe_ticket_going_count":"","_tribe_ticket_not_going_count":"","_tribe_tickets_list":"[]","_tribe_ticket_has_attendee_info_fields":false,"footnotes":""},"categories":[374,421],"tags":[383,25,26],"class_list":["post-4528","post","type-post","status-publish","format-standard","hentry","category-blog","category-escuela-de-vidrio","tag-exito","tag-honduras","tag-jovenes"],"wpcf_dashboard":"<div class=\"woocommerce\"><div class=\"woocommerce-info\">Please log in first? <a class=\"wpneoShowLogin\" href=\"#\">Click here to login<\/a><\/div><div class=\"wpneo_login_form_div\" style=\"display: none;\"><form name=\"loginform\" id=\"loginform\" action=\"https:\/\/www.fundacionveron.org\/en\/gestion\/\" method=\"post\"><p class=\"login-username\">\n\t\t\t\t<label for=\"user_login\">Username or Email Address<\/label>\n\t\t\t\t<input type=\"text\" name=\"log\" id=\"user_login\" autocomplete=\"username\" class=\"input\" value=\"\" size=\"20\" \/>\n\t\t\t<\/p><p class=\"login-password\">\n\t\t\t\t<label for=\"user_pass\">Password<\/label>\n\t\t\t\t<input type=\"password\" name=\"pwd\" id=\"user_pass\" autocomplete=\"current-password\" spellcheck=\"false\" class=\"input\" value=\"\" size=\"20\" \/>\n\t\t\t<\/p><p class=\"login-remember\"><label><input name=\"rememberme\" type=\"checkbox\" id=\"rememberme\" value=\"forever\" \/> Remember Me<\/label><\/p><p class=\"login-submit\">\n\t\t\t\t<input type=\"submit\" name=\"wp-submit\" id=\"wp-submit\" class=\"button button-primary\" value=\"Log In\" \/>\n\t\t\t\t<input type=\"hidden\" name=\"redirect_to\" value=\"https:\/\/www.fundacionveron.org\/en\/wp-json\/wp\/v2\/posts\/4528\" \/>\n\t\t\t<\/p><\/form><\/div><\/div>","_links":{"self":[{"href":"https:\/\/www.fundacionveron.org\/en\/wp-json\/wp\/v2\/posts\/4528","targetHints":{"allow":["GET"]}}],"collection":[{"href":"https:\/\/www.fundacionveron.org\/en\/wp-json\/wp\/v2\/posts"}],"about":[{"href":"https:\/\/www.fundacionveron.org\/en\/wp-json\/wp\/v2\/types\/post"}],"author":[{"embeddable":true,"href":"https:\/\/www.fundacionveron.org\/en\/wp-json\/wp\/v2\/users\/8"}],"replies":[{"embeddable":true,"href":"https:\/\/www.fundacionveron.org\/en\/wp-json\/wp\/v2\/comments?post=4528"}],"version-history":[{"count":0,"href":"https:\/\/www.fundacionveron.org\/en\/wp-json\/wp\/v2\/posts\/4528\/revisions"}],"wp:attachment":[{"href":"https:\/\/www.fundacionveron.org\/en\/wp-json\/wp\/v2\/media?parent=4528"}],"wp:term":[{"taxonomy":"category","embeddable":true,"href":"https:\/\/www.fundacionveron.org\/en\/wp-json\/wp\/v2\/categories?post=4528"},{"taxonomy":"post_tag","embeddable":true,"href":"https:\/\/www.fundacionveron.org\/en\/wp-json\/wp\/v2\/tags?post=4528"}],"curies":[{"name":"wp","href":"https:\/\/api.w.org\/{rel}","templated":true}]}}