{"id":447,"date":"2016-09-27T10:49:55","date_gmt":"2016-09-27T08:49:55","guid":{"rendered":"https:\/\/www.fundacionveron.org\/?p=447"},"modified":"2019-07-04T12:22:34","modified_gmt":"2019-07-04T10:22:34","slug":"formacionprofesoresev","status":"publish","type":"post","link":"https:\/\/www.fundacionveron.org\/en\/formacionprofesoresev\/","title":{"rendered":"Formaci\u00f3n de los Futuros Profesores de la Escuela del Vidrio en Honduras"},"content":{"rendered":"<p style=\"text-align: justify;\">\u00a1Ya han llegado las j\u00f3venes promesas de Honduras! Cuatro j\u00f3venes que ser\u00e1n los futuros profesores de la Escuela del Vidrio de Camalote. Ellos son Larisa, Joel, El\u00edas y Juan Carlos. Han venido a Espa\u00f1a junto a\u00a0Rosa, la Coordinadora de los Estudios del Vidrio en la escuela de Honduras.<\/p>\n<p style=\"text-align: justify;\">El vuelo en s\u00ed ya ha sido una gran experiencia para ellos. Fue la primera vez que cog\u00edan un avi\u00f3n y \u00a1ya han saltado el charco! Vinieron algo cansados, pero muy ilusionados por esta gran oportunidad que les ofrece Fundaci\u00f3n Ver\u00f3n.<\/p>\n<p style=\"text-align: justify;\"><img loading=\"lazy\" decoding=\"async\" class=\"alignnone size-medium wp-image-450\" src=\"https:\/\/www.fundacionveron.org\/wp-content\/uploads\/2016\/09\/IMG-20160927-WA0008-225x300.jpg\" alt=\"IMG-20160927-WA0008\" width=\"225\" height=\"300\" \/><img loading=\"lazy\" decoding=\"async\" class=\"alignnone size-medium wp-image-451\" src=\"https:\/\/www.fundacionveron.org\/wp-content\/uploads\/2016\/09\/IMG-20160927-WA0016-225x300.jpg\" alt=\"IMG-20160927-WA0016\" width=\"225\" height=\"300\" \/><img loading=\"lazy\" decoding=\"async\" class=\"alignnone size-medium wp-image-452\" src=\"https:\/\/www.fundacionveron.org\/wp-content\/uploads\/2016\/09\/IMG-20160926-WA0005-225x300.jpg\" alt=\"IMG-20160926-WA0005\" width=\"225\" height=\"300\" \/><img loading=\"lazy\" decoding=\"async\" class=\"alignnone size-medium wp-image-453\" src=\"https:\/\/www.fundacionveron.org\/wp-content\/uploads\/2016\/09\/IMG-20160926-WA0010-225x300.jpg\" alt=\"IMG-20160926-WA0010\" width=\"225\" height=\"300\" \/><\/p>\n<p style=\"text-align: justify;\">\n<p style=\"text-align: justify;\">\n<p style=\"text-align: justify;\">El Programa de Formaci\u00f3n para estos futuros profesores de la Escuela del Vidrio comienza con dos semanas en la Real F\u00e1brica de Cristales de La Granja de San Ildefonso. All\u00ed tienen programadas desde capacitaciones en la gesti\u00f3n de stock y talleres hasta clases de dise\u00f1o con grandes profesionales y pr\u00e1cticas de vidrio soplado.<\/p>\n<p style=\"text-align: justify;\">\u00a1Esperamos que disfruten y aprendan mucho en esta primera etapa de la formaci\u00f3n!<\/p>\n<p style=\"text-align: justify;\">\n<p>&nbsp;\t\t<\/p>","protected":false},"excerpt":{"rendered":"<p>\u00a1Ya han llegado las j\u00f3venes promesas de Honduras! Cuatro j\u00f3venes que ser\u00e1n los futuros profesores&#8230;<\/p>","protected":false},"author":8,"featured_media":448,"comment_status":"closed","ping_status":"open","sticky":false,"template":"","format":"standard","meta":{"_monsterinsights_skip_tracking":false,"_monsterinsights_sitenote_active":false,"_monsterinsights_sitenote_note":"","_monsterinsights_sitenote_category":0,"_price":"","_stock":"","_tribe_ticket_header":"","_tribe_default_ticket_provider":"","_ticket_start_date":"","_ticket_end_date":"","_tribe_ticket_show_description":"","_tribe_ticket_show_not_going":false,"_tribe_ticket_use_global_stock":"","_tribe_ticket_global_stock_level":"","_global_stock_mode":"","_global_stock_cap":"","_tribe_rsvp_for_event":"","_tribe_ticket_going_count":"","_tribe_ticket_not_going_count":"","_tribe_tickets_list":"[]","_tribe_ticket_has_attendee_info_fields":false,"footnotes":""},"categories":[4],"tags":[209,25,228,230,229,102],"class_list":["post-447","post","type-post","status-publish","format-standard","has-post-thumbnail","hentry","category-fundacion-veron-en-espana","tag-formacion-de-formadores","tag-honduras","tag-hondurenos-en-segovia","tag-la-granja","tag-segovia","tag-vidrio"],"wpcf_dashboard":"<div class=\"woocommerce\"><div class=\"woocommerce-info\">Please log in first? <a class=\"wpneoShowLogin\" href=\"#\">Click here to login<\/a><\/div><div class=\"wpneo_login_form_div\" style=\"display: none;\"><form name=\"loginform\" id=\"loginform\" action=\"https:\/\/www.fundacionveron.org\/en\/gestion\/\" method=\"post\"><p class=\"login-username\">\n\t\t\t\t<label for=\"user_login\">Username or Email Address<\/label>\n\t\t\t\t<input type=\"text\" name=\"log\" id=\"user_login\" autocomplete=\"username\" class=\"input\" value=\"\" size=\"20\" \/>\n\t\t\t<\/p><p class=\"login-password\">\n\t\t\t\t<label for=\"user_pass\">Password<\/label>\n\t\t\t\t<input type=\"password\" name=\"pwd\" id=\"user_pass\" autocomplete=\"current-password\" spellcheck=\"false\" class=\"input\" value=\"\" size=\"20\" \/>\n\t\t\t<\/p><p class=\"login-remember\"><label><input name=\"rememberme\" type=\"checkbox\" id=\"rememberme\" value=\"forever\" \/> Remember Me<\/label><\/p><p class=\"login-submit\">\n\t\t\t\t<input type=\"submit\" name=\"wp-submit\" id=\"wp-submit\" class=\"button button-primary\" value=\"Log In\" \/>\n\t\t\t\t<input type=\"hidden\" name=\"redirect_to\" value=\"https:\/\/www.fundacionveron.org\/en\/wp-json\/wp\/v2\/posts\/447\" \/>\n\t\t\t<\/p><\/form><\/div><\/div>","_links":{"self":[{"href":"https:\/\/www.fundacionveron.org\/en\/wp-json\/wp\/v2\/posts\/447","targetHints":{"allow":["GET"]}}],"collection":[{"href":"https:\/\/www.fundacionveron.org\/en\/wp-json\/wp\/v2\/posts"}],"about":[{"href":"https:\/\/www.fundacionveron.org\/en\/wp-json\/wp\/v2\/types\/post"}],"author":[{"embeddable":true,"href":"https:\/\/www.fundacionveron.org\/en\/wp-json\/wp\/v2\/users\/8"}],"replies":[{"embeddable":true,"href":"https:\/\/www.fundacionveron.org\/en\/wp-json\/wp\/v2\/comments?post=447"}],"version-history":[{"count":0,"href":"https:\/\/www.fundacionveron.org\/en\/wp-json\/wp\/v2\/posts\/447\/revisions"}],"wp:featuredmedia":[{"embeddable":true,"href":"https:\/\/www.fundacionveron.org\/en\/wp-json\/"}],"wp:attachment":[{"href":"https:\/\/www.fundacionveron.org\/en\/wp-json\/wp\/v2\/media?parent=447"}],"wp:term":[{"taxonomy":"category","embeddable":true,"href":"https:\/\/www.fundacionveron.org\/en\/wp-json\/wp\/v2\/categories?post=447"},{"taxonomy":"post_tag","embeddable":true,"href":"https:\/\/www.fundacionveron.org\/en\/wp-json\/wp\/v2\/tags?post=447"}],"curies":[{"name":"wp","href":"https:\/\/api.w.org\/{rel}","templated":true}]}}