{"id":409,"date":"2016-08-19T10:16:14","date_gmt":"2016-08-19T08:16:14","guid":{"rendered":"https:\/\/www.fundacionveron.org\/?p=409"},"modified":"2019-07-04T12:25:58","modified_gmt":"2019-07-04T10:25:58","slug":"voluntariadomagiamajara2016","status":"publish","type":"post","link":"https:\/\/www.fundacionveron.org\/en\/voluntariadomagiamajara2016\/","title":{"rendered":"Programa de Voluntariado Agosto 2016 con Magia Majara"},"content":{"rendered":"<p style=\"text-align: justify;\">Del 8 al 16 de agosto, los voluntarios y magos Julio y Germ\u00e1n, realizaron un Curso de Relaciones P\u00fablicas y Magia Promocional en la <a href=\"http:\/\/www.escueladelvidrio.org\/\">Glass School<\/a>.<\/p>\n<p style=\"text-align: justify;\">A trav\u00e9s de la ense\u00f1anza de juegos de magia, los j\u00f3venes alumnos y los miembros de LAHAT, han aprendido la comunicaci\u00f3n verbal y no verbal y su efectividad en cinco puntos: la voz + las manos + la mirada + el cuerpo + los pies. Un formato de educaci\u00f3n alternativa innovador que ha surtido efecto y que vemos que es importante para que los j\u00f3venes ganen autoestima, seguridad y capacidad de comunicaci\u00f3n para lograr sus ventas y sustento.<\/p>\n<p style=\"text-align: justify;\">Los j\u00f3venes han disfrutado muchos las clases de este curso. Ven\u00edan ilusionados a hacernos trucos de magia que hab\u00edan aprendido. El primer d\u00eda Julio y Germ\u00e1n seleccionaron a dos alumnos que presentar\u00edan un juego en la Televisi\u00f3n y otro en la radio.\u00a0Para la televisi\u00f3n (TeleProgreso Atardecer Cultural \u2013 jueves 11 4pm) fue Nelson de 3\u00ba de Vidrio y para la radio (Radio Progreso \u2013 viernes 12 4pm) seleccionaron a Maycol de 2\u00ba de Vidrio.<\/p>\n<p style=\"text-align: justify;\"><img loading=\"lazy\" decoding=\"async\" class=\"alignnone size-medium wp-image-412\" src=\"https:\/\/www.fundacionveron.org\/wp-content\/uploads\/2016\/08\/IMG_20160811_160001-300x225.jpg\" alt=\"IMG_20160811_160001\" width=\"300\" height=\"225\" \/> <img loading=\"lazy\" decoding=\"async\" class=\"alignnone wp-image-413\" src=\"https:\/\/www.fundacionveron.org\/wp-content\/uploads\/2016\/08\/IMG-20160812-WA0016-300x169.jpg\" alt=\"IMG-20160812-WA0016\" width=\"396\" height=\"223\" \/><\/p>\n<p style=\"text-align: justify;\">Adem\u00e1s de las clases, los magos junto a la coordinadora del proyecto han estado realizando v\u00eddeos promocionales que han ido publicando en la p\u00e1gina de Facebook de la <a href=\"https:\/\/www.facebook.com\/escueladelvidriohonduras\/\">Glass School<\/a>, como medio para crear expectativa (t\u00e9cnica Teaser) para el evento de venta de LAHAT en el Mall MegaPlaza El Progreso, el cual tuvo lugar el s\u00e1bado 13 de agosto. Durante la venta, los magos y algunos alumnos que vinieron, animaron a las personas que por all\u00ed estaban haci\u00e9ndoles juegos de magia, e invit\u00e1ndolos\u00a0a acercarse al Stand de LAHAT y a adquirir un kit para participar en el evento Color Run del pr\u00f3ximo domingo 28 de agosto, en favor de los j\u00f3venes y su educaci\u00f3n.<\/p>\n<p style=\"text-align: justify;\">El d\u00eda lunes 15 de agosto fue el \u00faltimo d\u00eda del Programa de Voluntariado. Realizamos clases te\u00f3ricas sobre la Magia Promocional, por Julio y Germ\u00e1n, y las Relaciones P\u00fablicas, por Marta Ruiz. Y como regalo a los estudiantes y equipo de la Escuela del Vidrio, los magos voluntarios prepararon un show de magia s\u00f3lo para ellos. Adem\u00e1s finalizamos el programa de voluntariado con un convivio para todos con limonada y pastelitos. En ese momento Marta, Julio y Germ\u00e1n se dirigieron a los estudiantes y profesores para darles las gracias por la acogida que tuvieron con los voluntarios, \u00abya que ha sido una semana muy divertida tanto para ellos como para nosotros. Lo hemos pasado genial\u00bb. Estudiantes y profesores tambi\u00e9n tuvieron unas palabras para ellos en agradecimiento.<\/p>\n<p>&nbsp;\t\t<\/p>","protected":false},"excerpt":{"rendered":"<p>Del 8 al 16 de agosto, los voluntarios y magos Julio y Germ\u00e1n, realizaron un&#8230;<\/p>","protected":false},"author":8,"featured_media":411,"comment_status":"closed","ping_status":"open","sticky":false,"template":"","format":"standard","meta":{"_monsterinsights_skip_tracking":false,"_monsterinsights_sitenote_active":false,"_monsterinsights_sitenote_note":"","_monsterinsights_sitenote_category":0,"_price":"","_stock":"","_tribe_ticket_header":"","_tribe_default_ticket_provider":"","_ticket_start_date":"","_ticket_end_date":"","_tribe_ticket_show_description":"","_tribe_ticket_show_not_going":false,"_tribe_ticket_use_global_stock":"","_tribe_ticket_global_stock_level":"","_global_stock_mode":"","_global_stock_cap":"","_tribe_rsvp_for_event":"","_tribe_ticket_going_count":"","_tribe_ticket_not_going_count":"","_tribe_tickets_list":"[]","_tribe_ticket_has_attendee_info_fields":false,"footnotes":""},"categories":[5],"tags":[25,63,198],"class_list":["post-409","post","type-post","status-publish","format-standard","has-post-thumbnail","hentry","category-fundacion-veron-en-honduras","tag-honduras","tag-magia-majara","tag-voluntariado-profesional"],"wpcf_dashboard":"<div class=\"woocommerce\"><div class=\"woocommerce-info\">Please log in first? <a class=\"wpneoShowLogin\" href=\"#\">Click here to login<\/a><\/div><div class=\"wpneo_login_form_div\" style=\"display: none;\"><form name=\"loginform\" id=\"loginform\" action=\"https:\/\/www.fundacionveron.org\/en\/gestion\/\" method=\"post\"><p class=\"login-username\">\n\t\t\t\t<label for=\"user_login\">Username or Email Address<\/label>\n\t\t\t\t<input type=\"text\" name=\"log\" id=\"user_login\" autocomplete=\"username\" class=\"input\" value=\"\" size=\"20\" \/>\n\t\t\t<\/p><p class=\"login-password\">\n\t\t\t\t<label for=\"user_pass\">Password<\/label>\n\t\t\t\t<input type=\"password\" name=\"pwd\" id=\"user_pass\" autocomplete=\"current-password\" spellcheck=\"false\" class=\"input\" value=\"\" size=\"20\" \/>\n\t\t\t<\/p><p class=\"login-remember\"><label><input name=\"rememberme\" type=\"checkbox\" id=\"rememberme\" value=\"forever\" \/> Remember Me<\/label><\/p><p class=\"login-submit\">\n\t\t\t\t<input type=\"submit\" name=\"wp-submit\" id=\"wp-submit\" class=\"button button-primary\" value=\"Log In\" \/>\n\t\t\t\t<input type=\"hidden\" name=\"redirect_to\" value=\"https:\/\/www.fundacionveron.org\/en\/wp-json\/wp\/v2\/posts\/409\" \/>\n\t\t\t<\/p><\/form><\/div><\/div>","_links":{"self":[{"href":"https:\/\/www.fundacionveron.org\/en\/wp-json\/wp\/v2\/posts\/409","targetHints":{"allow":["GET"]}}],"collection":[{"href":"https:\/\/www.fundacionveron.org\/en\/wp-json\/wp\/v2\/posts"}],"about":[{"href":"https:\/\/www.fundacionveron.org\/en\/wp-json\/wp\/v2\/types\/post"}],"author":[{"embeddable":true,"href":"https:\/\/www.fundacionveron.org\/en\/wp-json\/wp\/v2\/users\/8"}],"replies":[{"embeddable":true,"href":"https:\/\/www.fundacionveron.org\/en\/wp-json\/wp\/v2\/comments?post=409"}],"version-history":[{"count":0,"href":"https:\/\/www.fundacionveron.org\/en\/wp-json\/wp\/v2\/posts\/409\/revisions"}],"wp:featuredmedia":[{"embeddable":true,"href":"https:\/\/www.fundacionveron.org\/en\/wp-json\/"}],"wp:attachment":[{"href":"https:\/\/www.fundacionveron.org\/en\/wp-json\/wp\/v2\/media?parent=409"}],"wp:term":[{"taxonomy":"category","embeddable":true,"href":"https:\/\/www.fundacionveron.org\/en\/wp-json\/wp\/v2\/categories?post=409"},{"taxonomy":"post_tag","embeddable":true,"href":"https:\/\/www.fundacionveron.org\/en\/wp-json\/wp\/v2\/tags?post=409"}],"curies":[{"name":"wp","href":"https:\/\/api.w.org\/{rel}","templated":true}]}}