{"id":3909,"date":"2021-02-03T11:19:37","date_gmt":"2021-02-03T09:19:37","guid":{"rendered":"https:\/\/www.fundacionveron.org\/?p=3909"},"modified":"2023-08-28T11:32:34","modified_gmt":"2023-08-28T09:32:34","slug":"dime-cuanto-donas-y-te-dire-a-que-equivale","status":"publish","type":"post","link":"https:\/\/www.fundacionveron.org\/en\/dime-cuanto-donas-y-te-dire-a-que-equivale\/","title":{"rendered":"Dime cu\u00e1nto donas y te dir\u00e9 a qu\u00e9 equivale"},"content":{"rendered":"<p>La RAE define el verbo <strong>confiar<\/strong> como \u201cDepositar en alguien, sin m\u00e1s seguridad que la buena fe y la opini\u00f3n que de \u00e9l se tiene, la hacienda, el secreto o cualquier otra cosa\u201d<\/p>\r\n\r\n\r\n\r\n<p>Desde luego, inspirar hoy un sentimiento as\u00ed es fant\u00e1stico y dice mucho del que lo provoca y del que lo otorga, pero el conocimiento de <strong>c\u00f3mo se traducen en realidades tus donaciones<\/strong>, es importante.<\/p>\r\n\r\n\r\n\r\n<p>Por supuesto, puedes consultar en nuestra p\u00e1gina de <strong>TRANSPARENCIA<\/strong>, principio innegable de la Fundaci\u00f3n Ver\u00f3n desde su nacimiento, las auditorias que se realizan o las memorias financieras, pero no son lecturas muy amenas, as\u00ed que \u00e9sta es nuestra manera de mostrarte c\u00f3mo gracias a ti, se consiguen resultados. No olvides, adem\u00e1s, que cada uno de ellos tiene una onda expansiva sobre la comunidad que <strong>multiplica sus efectos<\/strong>, por lo que no hay acci\u00f3n peque\u00f1a, <strong>todo cuenta m\u00e1s de lo que imaginas<\/strong>. Cada aportaci\u00f3n que se recibe, se emplea o mejor dicho se exprime <strong>\u00edntegramente en los proyectos<\/strong>, pues en Ver\u00f3n s\u00f3lo trabajan voluntarios y tiene la suerte de contar con un Patronato activ\u00edsimo, formado por profesionales que aportan su know how sin reservas en cada actividad que se acomete.<\/p>\r\n\r\n\r\n\r\n<p>&nbsp;<\/p>\r\n\r\n\r\n\r\n<h3 class=\"wp-block-heading\">\u00bf<strong>A qu\u00e9 equivalen tus donaciones<\/strong>?<\/h3>\r\n\r\n\r\n\r\n<p>&nbsp;<\/p>\r\n\r\n\r\n\r\n<p>Para que te hagas una idea clara, vamos a tomar como referencia dos ejes:<\/p>\r\n\r\n\r\n\r\n<ul class=\"wp-block-list\">\r\n<li>Las becas de los estudiantes de la Escuela del Vidrio y otros gastos de la misma<\/li>\r\n<li>Otros proyectos:\r\n<ul>\r\n<li>\u00a0University Scholarships<\/li>\r\n<li>Lahat<\/li>\r\n<li>Food Truck<\/li>\r\n<li>Escuela de Madres y Padres y Huertos familiares<\/li>\r\n<\/ul>\r\n<\/li>\r\n<\/ul>\r\n\r\n\r\n\r\n<p><em>Si te haces socio, ten en cuenta que el gasto de cada domiciliaci\u00f3n es de 0,61\u20ac. Es decir, si quieres donar los libros y examinaciones de secundaria de un\/a alumn@ el gasto es 7,91+0,61. Si lo haces al trimestre, el gasto de domiciliaci\u00f3n nos lo pasar\u00e1n cada trimestre.<\/em><\/p>\r\n\r\n\r\n\r\n\r\n\r\n<h4 class=\"wp-block-heading\">\u00a0<\/h4>\r\n\r\n\r\n\r\n<p>&nbsp;<\/p>\r\n\r\n\r\n\r\n<h4 class=\"wp-block-heading\">Glass School<\/h4>\r\n\r\n\r\n\r\n<p>Tipo de cambio a 23\/08\/2021 Euro Lempira: 27,79 \/ N\u00ba de estudiantes 90 \/ N\u00ba de meses al a\u00f1o 10<\/p>\r\n\r\n\r\n\r\n<table class=\"wp-block-table has-subtle-pale-pink-background-color has-background is-style-stripes\">\r\n<tbody>\r\n<tr>\r\n<td style=\"text-align: left;\"><strong>Detalle<\/strong><\/td>\r\n<td><strong>Mes\/alumno<\/strong><\/td>\r\n<td><strong>A\u00f1o\/alumno<\/strong><\/td>\r\n<td><b>\u00a0Total al mes<\/b><\/td>\r\n<td><strong>Total anual<\/strong><\/td>\r\n<\/tr>\r\n<tr>\r\n<td style=\"text-align: left;\"><strong>Beca de material t\u00e9cnico (Formaci\u00f3n Profesional)<\/strong><\/td>\r\n<td>10,08<\/td>\r\n<td>100,81<\/td>\r\n<td>907,33<\/td>\r\n<td>9.073,33<\/td>\r\n<\/tr>\r\n<tr>\r\n<td style=\"text-align: left;\"><strong>Beca de material escolar<\/strong><\/td>\r\n<td>3,47<\/td>\r\n<td>34,75<\/td>\r\n<td>312,73<\/td>\r\n<td>3.127,31<\/td>\r\n<\/tr>\r\n<tr>\r\n<td style=\"text-align: left;\"><strong>Beca de Educaci\u00f3n Secundaria<\/strong><\/td>\r\n<td>10,64<\/td>\r\n<td>106,37<\/td>\r\n<td>957,34<\/td>\r\n<td>9.573,44<\/td>\r\n<\/tr>\r\n<tr>\r\n<td style=\"text-align: left;\"><strong>Beca Comedor<\/strong><\/td>\r\n<td>16,79<\/td>\r\n<td>167,87<\/td>\r\n<td>1.510,80<\/td>\r\n<td>15,107,95<\/td>\r\n<\/tr>\r\n<tr>\r\n<td style=\"text-align: left;\"><strong>Uniform<\/strong><\/td>\r\n<td>0,78<\/td>\r\n<td>7,8<\/td>\r\n<td>70,24<\/td>\r\n<td>702,41<\/td>\r\n<\/tr>\r\n<tr>\r\n<td style=\"text-align: left;\"><strong>Beca Seguro m\u00e9dico<\/strong><\/td>\r\n<td>1,31<\/td>\r\n<td>13,13<\/td>\r\n<td>118,21<\/td>\r\n<td>1.182,08<\/td>\r\n<\/tr>\r\n<tr>\r\n<td style=\"text-align: left;\"><strong>Totales<\/strong><\/td>\r\n<td>43,07<\/td>\r\n<td>431<\/td>\r\n<td>3876,65<\/td>\r\n<td>38.766,52<\/td>\r\n<\/tr>\r\n<\/tbody>\r\n<\/table>\r\n<p>\r\n\r\n\r\n\r\n\r\n<p>&nbsp;<\/p>\r\n\r\n\r\n\r\n<h4 class=\"wp-block-heading\">Other Projects<\/h4>\r\n\r\n\r\n\r\n<p>Tipo de cambio a 23\/08\/2021 Euro Lempira: 27,79 \/ N\u00ba de estudiantes 90 \/N\u00ba de meses al a\u00f1o 12, excepto Escuela de Madres y Padres que son 10.<\/p>\r\n<p>&nbsp;<\/p>\r\n<table width=\"0\">\r\n<tbody>\r\n<tr>\r\n<td>\r\n<p style=\"text-align: left;\"><strong>Other Projects<\/strong><\/p>\r\n<\/td>\r\n<td>\r\n<p><strong>Mes\/beneficiario<\/strong><\/p>\r\n<\/td>\r\n<td>\r\n<p><strong>A\u00f1o beneficiario<\/strong><\/p>\r\n<\/td>\r\n<td>\r\n<p><strong>Total al mes<\/strong><\/p>\r\n<\/td>\r\n<td>\r\n<p><strong>Total al a\u00f1o<\/strong><\/p>\r\n<\/td>\r\n<td>\r\n<p><strong>N de beneficiarios<\/strong><\/p>\r\n<\/td>\r\n<\/tr>\r\n<tr>\r\n<td>\r\n<p style=\"text-align: left;\"><strong>School for Parents<\/strong><\/p>\r\n<\/td>\r\n<td>\r\n<p style=\"text-align: center;\">0,25<\/p>\r\n<\/td>\r\n<td style=\"text-align: center;\">\r\n<p>2,50<\/p>\r\n<\/td>\r\n<td style=\"text-align: center;\">\r\n<p>17,99<\/p>\r\n<\/td>\r\n<td style=\"text-align: center;\">\r\n<p>179,92<\/p>\r\n<\/td>\r\n<td>\r\n<p style=\"text-align: center;\">72<\/p>\r\n<\/td>\r\n<\/tr>\r\n<tr>\r\n<td>\r\n<p style=\"text-align: left;\"><strong>Beca universitaria de Greisy<\/strong><\/p>\r\n<\/td>\r\n<td>\r\n<p style=\"text-align: center;\">107,95<\/p>\r\n<\/td>\r\n<td style=\"text-align: center;\">\r\n<p>1.295,43<\/p>\r\n<\/td>\r\n<td style=\"text-align: center;\">\r\n<p>107,95<\/p>\r\n<\/td>\r\n<td style=\"text-align: center;\">\r\n<p>1.295,43<\/p>\r\n<\/td>\r\n<td>\r\n<p style=\"text-align: center;\">1<\/p>\r\n<\/td>\r\n<\/tr>\r\n<tr>\r\n<td>\r\n<p style=\"text-align: left;\"><strong>Beca universitaria de Nelson<\/strong><\/p>\r\n<\/td>\r\n<td>\r\n<p style=\"text-align: center;\">104,35<\/p>\r\n<\/td>\r\n<td style=\"text-align: center;\">\r\n<p>1.252,25<\/p>\r\n<\/td>\r\n<td style=\"text-align: center;\">\r\n<p>104,35<\/p>\r\n<\/td>\r\n<td style=\"text-align: center;\">\r\n<p>1.252,25<\/p>\r\n<\/td>\r\n<td>\r\n<p style=\"text-align: center;\">1<\/p>\r\n<\/td>\r\n<\/tr>\r\n<tr>\r\n<td>\r\n<p style=\"text-align: left;\"><strong>Lahat \u00b7 Vidrio de Honduras<\/strong><\/p>\r\n<\/td>\r\n<td>\r\n<p style=\"text-align: center;\">19,87<\/p>\r\n<\/td>\r\n<td style=\"text-align: center;\">\r\n<p>238,48<\/p>\r\n<\/td>\r\n<td style=\"text-align: center;\">\r\n<p>317,97<\/p>\r\n<\/td>\r\n<td style=\"text-align: center;\">\r\n<p>3.815,67<\/p>\r\n<\/td>\r\n<td>\r\n<p style=\"text-align: center;\">16<\/p>\r\n<\/td>\r\n<\/tr>\r\n<tr>\r\n<td>\r\n<p style=\"text-align: left;\"><strong>The Food Truck<\/strong><\/p>\r\n<\/td>\r\n<td style=\"text-align: center;\">\r\n<p>25,02<\/p>\r\n<\/td>\r\n<td style=\"text-align: center;\">\r\n<p>300,24<\/p>\r\n<\/td>\r\n<td style=\"text-align: center;\">\r\n<p>400,32<\/p>\r\n<\/td>\r\n<td style=\"text-align: center;\">\r\n<p>4.803,89<\/p>\r\n<\/td>\r\n<td>\r\n<p style=\"text-align: center;\">16<\/p>\r\n<\/td>\r\n<\/tr>\r\n<tr>\r\n<td>\r\n<p style=\"text-align: left;\"><strong>Family Vegetable Gardens<\/strong><\/p>\r\n<\/td>\r\n<td>\r\n<p style=\"text-align: center;\">0,21<\/p>\r\n<\/td>\r\n<td style=\"text-align: center;\">\r\n<p>2,57<\/p>\r\n<\/td>\r\n<td style=\"text-align: center;\">\r\n<p>6,00<\/p>\r\n<\/td>\r\n<td style=\"text-align: center;\">\r\n<p>71,97<\/p>\r\n<\/td>\r\n<td>\r\n<p style=\"text-align: center;\">28<\/p>\r\n<\/td>\r\n<\/tr>\r\n<\/tbody>\r\n<\/table>\r\n<figure class=\"wp-block-image\"><br \/>\r\n<figcaption>Los huertos familiares, la escuela de padres o Greisy, que hoy estudia Derecho, son ejemplos de c\u00f3mo la EV va a\u00fan m\u00e1s all\u00e1 de una formaci\u00f3n de calidad<\/figcaption>\r\n<\/figure>\r\n\r\n\r\n\r\n<p>&nbsp;<\/p>\r\n\r\n\r\n\r\n<h4 class=\"wp-block-heading\"><strong>Becas de estudios superiores y proyectos comunitarios<\/strong><\/h4>\r\n\r\n\r\n\r\n<p>&nbsp;<\/p>\r\n\r\n\r\n\r\n<table class=\"wp-block-table has-subtle-pale-pink-background-color has-background is-style-stripes\">\r\n<tbody>\r\n<tr>\r\n<td><strong>Detalle<\/strong><\/td>\r\n<td><strong>Media mensual<\/strong><\/td>\r\n<td><strong>Total anual<\/strong><\/td>\r\n<\/tr>\r\n<tr>\r\n<td><strong>Beca Estudios Universitarios de Derecho<\/strong><\/td>\r\n<td><strong>101,59 <\/strong><\/td>\r\n<td>1.219,10<\/td>\r\n<\/tr>\r\n<tr>\r\n<td><strong>Beca Estudios Universitarios de Inform\u00e1tica<\/strong><\/td>\r\n<td><strong>98,21 <\/strong><\/td>\r\n<td>1.178,47<\/td>\r\n<\/tr>\r\n<tr>\r\n<td><strong>Beca Estudios Universitarios de Turismo<\/strong><\/td>\r\n<td><strong>22,58 <\/strong><\/td>\r\n<td>270,91<\/td>\r\n<\/tr>\r\n<tr>\r\n<td><strong>Subtotal Estudios Universitarios<\/strong><\/td>\r\n<td><strong>222,38<\/strong><\/td>\r\n<td><strong>2.668,48<\/strong><\/td>\r\n<\/tr>\r\n<tr>\r\n<td><strong>La Escuela de Padres <\/strong><\/td>\r\n<td><strong>14,11<\/strong><\/td>\r\n<td><strong>169.32<\/strong><\/td>\r\n<\/tr>\r\n<tr>\r\n<td><strong>Los Huertos Familiares \u00a0(28 familias)<\/strong><\/td>\r\n<td><strong>5,65<\/strong><\/td>\r\n<td><strong>67,73<\/strong><\/td>\r\n<\/tr>\r\n<tr>\r\n<td><strong>Subtotal Ayudas Comunitarias <\/strong><\/td>\r\n<td><strong>19,76<\/strong><\/td>\r\n<td><strong>237,05<\/strong><\/td>\r\n<\/tr>\r\n<\/tbody>\r\n<\/table>\r\n\r\n\r\n\r\n<p>&nbsp;<\/p>\r\n\r\n\r\n\r\n<h3 class=\"wp-block-heading\"><strong>No olvides que tus donaciones desgravan hasta en un 80%<\/strong><\/h3>\r\n\r\n\r\n\r\n<p>&nbsp;<\/p>\r\n\r\n\r\n\r\n<p>Ahora que conoces el desglose de la mayor parte de los gastos, puedes hacer las combinaciones que quieras. Imagina que haces una aportaci\u00f3n, por ejemplo, de <strong>15 \u20ac al mes<\/strong>. Tendr\u00edamos que restar, como te indicamos antes, el gasto que carga el banco por domiciliaci\u00f3n bancaria: 0,61 \u20ac, es decir, nos quedar\u00edan <strong>14,39 \u20ac<\/strong>. As\u00ed que, has conseguido que uno de nuestros alumnos pueda comer en la Escuela y adem\u00e1s est\u00e9 cubierto ante cualquier imprevisto, o que tenga a su disposici\u00f3n todo el material necesario para formase tanto en sus estudios te\u00f3ricos como t\u00e9cnicos y, adem\u00e1s, pueda contar con una formaci\u00f3n de valor a\u00f1adido impartida por voluntarios en terreno. Tambi\u00e9n puede que con esa aportaci\u00f3n hayas hecho posible una de las salidas del Food Truck Solidario, para que los alumnos de cocina hagan pr\u00e1cticas reales que faciliten su incorporaci\u00f3n al mercado laboral, y, adem\u00e1s hayas contribuido a que 28 familias aprendan t\u00e9cnicas de cultivo ecol\u00f3gico y monten su propio huerto para alimentarse; \u00a0o que hayas contribuido a sufragar los gastos en Recursos Humanos de la Escuela, porque sin ellos, no se habr\u00eda alcanzado el nivel de excelencia del que sin duda pueden estar orgullosos.\u00a0 Incluso, hay alumnos que una vez finalizados sus estudios en la Escuela se han planteado estudios universitarios, algo dif\u00edcil de imaginar cuando ingresaron en ella, el esfuerzo que hacen es incre\u00edble y tu aportaci\u00f3n lo hace posible.<\/p>\r\n\r\n\r\n\r\n<p><strong>Ahora que sabes c\u00f3mo tu donaci\u00f3n se convierte en mejoras y educaci\u00f3n<\/strong>, nos gustar\u00eda que te sintieras feliz por \u00a0formar parte del presente y del futuro de unos j\u00f3venes que no escatiman esfuerzos , y, si todav\u00eda tienes alguna duda sobre c\u00f3mo se emplean las aportaciones de los socios o las donaciones que llegan a la Fundaci\u00f3n Ver\u00f3n, escr\u00edbenos, responderemos a todas tus preguntas. Estamos aqu\u00ed: <a href=\"mailto:hola@fundacionveron.org\">hola@fundacionveron.org<\/a>. \u00a0<\/p>\r\n\r\n\r\n\r\n<p><strong>No olvides adem\u00e1s que <a href=\"https:\/\/www.fundacionveron.org\/deducciones-fiscales-que-nos-ayudan-a-colaborar\/\" target=\"_blank\" rel=\"noreferrer noopener\" aria-label=\"tus donaciones desgravan (abre en una nueva pesta\u00f1a)\">tus donaciones desgravan<\/a> hasta un 80%, <\/strong>as\u00ed que, te cuesta mucho menos de lo que crees. Si quieres conocerlo sin enredarte, tambi\u00e9n dedicamos un post en este blog a ello d\u00f3nde lo ver\u00e1s clar\u00edsimo.<\/p>","protected":false},"excerpt":{"rendered":"<p>La RAE define el verbo confiar como \u201cDepositar en alguien, sin m\u00e1s seguridad que la&#8230;<\/p>","protected":false},"author":7,"featured_media":0,"comment_status":"closed","ping_status":"open","sticky":false,"template":"","format":"standard","meta":{"_monsterinsights_skip_tracking":false,"_monsterinsights_sitenote_active":false,"_monsterinsights_sitenote_note":"","_monsterinsights_sitenote_category":0,"_price":"","_stock":"","_tribe_ticket_header":"","_tribe_default_ticket_provider":"","_ticket_start_date":"","_ticket_end_date":"","_tribe_ticket_show_description":"","_tribe_ticket_show_not_going":false,"_tribe_ticket_use_global_stock":"","_tribe_ticket_global_stock_level":"","_global_stock_mode":"","_global_stock_cap":"","_tribe_rsvp_for_event":"","_tribe_ticket_going_count":"","_tribe_ticket_not_going_count":"","_tribe_tickets_list":"[]","_tribe_ticket_has_attendee_info_fields":false,"footnotes":""},"categories":[1],"tags":[347,348,51,108,25],"class_list":["post-3909","post","type-post","status-publish","format-standard","hentry","category-fundacion-veron","tag-becas-universitarias","tag-desgravacion-por-donaciones","tag-donacion","tag-formacion-profesional","tag-honduras"],"wpcf_dashboard":"<div class=\"woocommerce\"><div class=\"woocommerce-info\">Please log in first? <a class=\"wpneoShowLogin\" href=\"#\">Click here to login<\/a><\/div><div class=\"wpneo_login_form_div\" style=\"display: none;\"><form name=\"loginform\" id=\"loginform\" action=\"https:\/\/www.fundacionveron.org\/en\/gestion\/\" method=\"post\"><p class=\"login-username\">\n\t\t\t\t<label for=\"user_login\">Username or Email Address<\/label>\n\t\t\t\t<input type=\"text\" name=\"log\" id=\"user_login\" autocomplete=\"username\" class=\"input\" value=\"\" size=\"20\" \/>\n\t\t\t<\/p><p class=\"login-password\">\n\t\t\t\t<label for=\"user_pass\">Password<\/label>\n\t\t\t\t<input type=\"password\" name=\"pwd\" id=\"user_pass\" autocomplete=\"current-password\" spellcheck=\"false\" class=\"input\" value=\"\" size=\"20\" \/>\n\t\t\t<\/p><p class=\"login-remember\"><label><input name=\"rememberme\" type=\"checkbox\" id=\"rememberme\" value=\"forever\" \/> Remember Me<\/label><\/p><p class=\"login-submit\">\n\t\t\t\t<input type=\"submit\" name=\"wp-submit\" id=\"wp-submit\" class=\"button button-primary\" value=\"Log In\" \/>\n\t\t\t\t<input type=\"hidden\" name=\"redirect_to\" value=\"https:\/\/www.fundacionveron.org\/en\/wp-json\/wp\/v2\/posts\/3909\" \/>\n\t\t\t<\/p><\/form><\/div><\/div>","_links":{"self":[{"href":"https:\/\/www.fundacionveron.org\/en\/wp-json\/wp\/v2\/posts\/3909","targetHints":{"allow":["GET"]}}],"collection":[{"href":"https:\/\/www.fundacionveron.org\/en\/wp-json\/wp\/v2\/posts"}],"about":[{"href":"https:\/\/www.fundacionveron.org\/en\/wp-json\/wp\/v2\/types\/post"}],"author":[{"embeddable":true,"href":"https:\/\/www.fundacionveron.org\/en\/wp-json\/wp\/v2\/users\/7"}],"replies":[{"embeddable":true,"href":"https:\/\/www.fundacionveron.org\/en\/wp-json\/wp\/v2\/comments?post=3909"}],"version-history":[{"count":0,"href":"https:\/\/www.fundacionveron.org\/en\/wp-json\/wp\/v2\/posts\/3909\/revisions"}],"wp:attachment":[{"href":"https:\/\/www.fundacionveron.org\/en\/wp-json\/wp\/v2\/media?parent=3909"}],"wp:term":[{"taxonomy":"category","embeddable":true,"href":"https:\/\/www.fundacionveron.org\/en\/wp-json\/wp\/v2\/categories?post=3909"},{"taxonomy":"post_tag","embeddable":true,"href":"https:\/\/www.fundacionveron.org\/en\/wp-json\/wp\/v2\/tags?post=3909"}],"curies":[{"name":"wp","href":"https:\/\/api.w.org\/{rel}","templated":true}]}}