{"id":3423,"date":"2020-05-19T09:37:50","date_gmt":"2020-05-19T07:37:50","guid":{"rendered":"https:\/\/www.fundacionveron.org\/?p=3423"},"modified":"2023-08-28T11:56:01","modified_gmt":"2023-08-28T09:56:01","slug":"deducciones-fiscales-que-nos-ayudan-a-colaborar","status":"publish","type":"post","link":"https:\/\/www.fundacionveron.org\/en\/deducciones-fiscales-que-nos-ayudan-a-colaborar\/","title":{"rendered":"Deducciones Fiscales que nos ayudan a Colaborar"},"content":{"rendered":"<p>Las buenas noticias existen. El <a href=\"https:\/\/www.boe.es\/eli\/es\/rdl\/2020\/05\/05\/17\" target=\"_blank\" rel=\"noreferrer noopener\" aria-label=\"Real Decreto Ley 17\/2020 (abre en una nueva pesta\u00f1a)\">Real Decreto Ley 17\/2020<\/a>, publicado el pasado 6 de mayo en el BOE, regula un incremento de las deducciones fiscales por donaci\u00f3n en el IRPF. \u00bfQu\u00e9 quiere decir? Que con muy poco, se puede hacer much\u00edsimo.<\/p>\r\n\r\n\r\n\r\n<p>Hemos hecho los c\u00e1lculos para que veas c\u00f3mo tu cuota mensual, al final del a\u00f1o, se ve muy reducida, porque en la declaraci\u00f3n de la Renta, si te sale a devolver, <strong>te retornar\u00e1n el 80% de los primeros 150\u20ac<\/strong> y <strong>el 35% del resto<\/strong>; y, si te sale a pagar, te descontar\u00e1n esos mismos porcentajes correspondientes a tu donaci\u00f3n del montante de tu pago.<\/p>\r\n\r\n\r\n\r\n<figure class=\"wp-block-image\"><img loading=\"lazy\" decoding=\"async\" width=\"960\" height=\"483\" class=\"wp-image-3465\" src=\"https:\/\/www.fundacionveron.org\/wp-content\/uploads\/2020\/05\/Deducciones-fiscales.jpg\" alt=\"\" srcset=\"https:\/\/www.fundacionveron.org\/wp-content\/uploads\/2020\/05\/Deducciones-fiscales.jpg 960w, https:\/\/www.fundacionveron.org\/wp-content\/uploads\/2020\/05\/Deducciones-fiscales-600x302.jpg 600w, https:\/\/www.fundacionveron.org\/wp-content\/uploads\/2020\/05\/Deducciones-fiscales-300x151.jpg 300w, https:\/\/www.fundacionveron.org\/wp-content\/uploads\/2020\/05\/Deducciones-fiscales-768x386.jpg 768w, https:\/\/www.fundacionveron.org\/wp-content\/uploads\/2020\/05\/Deducciones-fiscales-700x352.jpg 700w\" sizes=\"auto, (max-width: 960px) 100vw, 960px\" \/><\/figure>\r\n\r\n\r\n\r\n<p>El Impuesto de Sociedades no ha sufrido cambios, sigue regul\u00e1ndose por la <a href=\"https:\/\/www.boe.es\/buscar\/act.php?id=BOE-A-2002-25039\" target=\"_blank\" rel=\"noreferrer noopener\" aria-label=\"Ley 49\/2002 (abre en una nueva pesta\u00f1a)\">Ley 49\/2002<\/a>, de 23 de diciembre, pero nos ha parecido \u00fatil recordarlo.<\/p>\r\n\r\n\r\n\r\n<p>As\u00ed que f\u00edjate, unas simples operaciones matem\u00e1ticas y sabr\u00e1s exactamente cu\u00e1nto te devuelven de tus donaciones, m\u00e1s de la mitad o casi la mitad, de lo que aportas.<\/p>\r\n\r\n\r\n\r\n<table class=\"wp-block-table aligncenter has-subtle-pale-green-background-color has-background\">\r\n<tbody>\r\n<tr>\r\n<td><strong>Donate<\/strong><\/td>\r\n<td><strong>Deducci\u00f3n en el IRPF<\/strong><\/td>\r\n<td><strong>Valor Final<\/strong><\/td>\r\n<\/tr>\r\n<tr>\r\n<td><strong>150\u20ac<\/strong><\/td>\r\n<td><strong>80 % = 120 \u20ac<\/strong><\/td>\r\n<td><strong>30 \u20ac<\/strong><\/td>\r\n<\/tr>\r\n<tr>\r\n<td><strong>200 \u20ac<\/strong><\/td>\r\n<td><strong>120 + 17,5 = 137,5 \u20ac<\/strong><\/td>\r\n<td><strong>62,5 \u20ac<\/strong><\/td>\r\n<\/tr>\r\n<tr>\r\n<td><strong>300 \u20ac<\/strong><\/td>\r\n<td><strong>120 + 52,5 = 172,5 \u20ac<\/strong><\/td>\r\n<td><strong>127,5 \u20ac<\/strong><\/td>\r\n<\/tr>\r\n<tr>\r\n<td><strong>500 \u20ac<\/strong><\/td>\r\n<td><strong>120 + 122,5 = 242,5 \u20ac<\/strong><\/td>\r\n<td><strong>257,5 \u20ac<\/strong><\/td>\r\n<\/tr>\r\n<\/tbody>\r\n<\/table>\r\n\r\n\r\n\r\n<p>Y \u00bfporqu\u00e9 asociarse o donar a la <strong>Fundaci\u00f3n Ver\u00f3n<\/strong>? Porque, cuando te haces socio de la Fundaci\u00f3n Ver\u00f3n, est\u00e1s ayudando a m\u00e1s de 100 j\u00f3venes a que se formen para acceder a un trabajo de calidad, tambi\u00e9n a sus familias y a su comunidad. Les est\u00e1s dando acceso a la educaci\u00f3n. Adem\u00e1s est\u00e1s ayudando a que otros contin\u00faen sus estudios o emprendan, en definitiva, est\u00e1s construyendo un mundo mejor. Estamos hablando de la <strong><a href=\"https:\/\/es-es.facebook.com\/escueladelvidriohonduras\/\" target=\"_blank\" rel=\"noreferrer noopener\" aria-label=\"Escuela del Vidrio en Honduras, (abre en una nueva pesta\u00f1a)\">Escuela del<\/a><\/strong> <strong><a href=\"https:\/\/es-es.facebook.com\/escueladelvidriohonduras\/\" target=\"_blank\" rel=\"noreferrer noopener\" aria-label=\"Escuela del Vidrio en Honduras, (abre en una nueva pesta\u00f1a)\">Vidrio en Honduras<\/a><\/strong><a href=\"https:\/\/es-es.facebook.com\/escueladelvidriohonduras\/\" target=\"_blank\" rel=\"noreferrer noopener\" aria-label=\"Escuela del Vidrio en Honduras, (abre en una nueva pesta\u00f1a)\">,<\/a> que es el principal proyecto de Ver\u00f3n, pero no el \u00fanico, hay mucho m\u00e1s.<\/p>\r\n\r\n\r\n\r\n<p>Conoce la Escuela, mejor verlo a que te lo cuente:<\/p>\r\n\r\n\r\n\r\n<figure class=\"wp-block-embed-youtube wp-block-embed is-type-video is-provider-youtube wp-embed-aspect-16-9 wp-has-aspect-ratio\">\r\n<div class=\"wp-block-embed__wrapper\">https:\/\/youtu.be\/Q8ZWuNSCrAc<\/div>\r\n<\/figure>\r\n\r\n\r\n\r\n<p>Y eso era antes de que el Covid 19 obligara a cerrarla y a centrar los esfuerzos en el reparto de alimentos a las familias, por un lado, y en la docencia a distancia, nada f\u00e1cil, por otro. Todo un reto a\u00f1adido. Por ello cada aportaci\u00f3n es important\u00edsima.<\/p>\r\n\r\n\r\n\r\n<ul class=\"wp-block-gallery columns-2 is-cropped wp-block-gallery-1 is-layout-flex wp-block-gallery-is-layout-flex\">\r\n<li class=\"blocks-gallery-item\">\u00a0<\/li>\r\n<li class=\"blocks-gallery-item\">\u00a0<\/li>\r\n<\/ul>\r\n\r\n<p>Si tienes cualquier duda, contacta con nosotros, te informaremos de lo que precises.\u00a0<\/p>\r\n<p>&nbsp;<\/p>\r\n\r\n<p style=\"text-align: center;\"><strong>#separtedelasoluci\u00f3n<\/strong><\/p>","protected":false},"excerpt":{"rendered":"<p>Las buenas noticias existen. El Real Decreto Ley 17\/2020, publicado el pasado 6 de mayo&#8230;<\/p>","protected":false},"author":7,"featured_media":0,"comment_status":"closed","ping_status":"open","sticky":false,"template":"","format":"standard","meta":{"_monsterinsights_skip_tracking":false,"_monsterinsights_sitenote_active":false,"_monsterinsights_sitenote_note":"","_monsterinsights_sitenote_category":0,"_price":"","_stock":"","_tribe_ticket_header":"","_tribe_default_ticket_provider":"","_ticket_start_date":"","_ticket_end_date":"","_tribe_ticket_show_description":"","_tribe_ticket_show_not_going":false,"_tribe_ticket_use_global_stock":"","_tribe_ticket_global_stock_level":"","_global_stock_mode":"","_global_stock_cap":"","_tribe_rsvp_for_event":"","_tribe_ticket_going_count":"","_tribe_ticket_not_going_count":"","_tribe_tickets_list":"[]","_tribe_ticket_has_attendee_info_fields":false,"footnotes":""},"categories":[4],"tags":[312,309,144,311,310],"class_list":["post-3423","post","type-post","status-publish","format-standard","hentry","category-fundacion-veron-en-espana","tag-aumento-de-las-deducciones-por-donacion","tag-deducciones-por-donaciones","tag-escuela-del-vidrio-de-honduras","tag-real-decreto-ley-17-2020","tag-ventajas-fiscales-por-donacion"],"wpcf_dashboard":"<div class=\"woocommerce\"><div class=\"woocommerce-info\">Please log in first? <a class=\"wpneoShowLogin\" href=\"#\">Click here to login<\/a><\/div><div class=\"wpneo_login_form_div\" style=\"display: none;\"><form name=\"loginform\" id=\"loginform\" action=\"https:\/\/www.fundacionveron.org\/en\/gestion\/\" method=\"post\"><p class=\"login-username\">\n\t\t\t\t<label for=\"user_login\">Username or Email Address<\/label>\n\t\t\t\t<input type=\"text\" name=\"log\" id=\"user_login\" autocomplete=\"username\" class=\"input\" value=\"\" size=\"20\" \/>\n\t\t\t<\/p><p class=\"login-password\">\n\t\t\t\t<label for=\"user_pass\">Password<\/label>\n\t\t\t\t<input type=\"password\" name=\"pwd\" id=\"user_pass\" autocomplete=\"current-password\" spellcheck=\"false\" class=\"input\" value=\"\" size=\"20\" \/>\n\t\t\t<\/p><p class=\"login-remember\"><label><input name=\"rememberme\" type=\"checkbox\" id=\"rememberme\" value=\"forever\" \/> Remember Me<\/label><\/p><p class=\"login-submit\">\n\t\t\t\t<input type=\"submit\" name=\"wp-submit\" id=\"wp-submit\" class=\"button button-primary\" value=\"Log In\" \/>\n\t\t\t\t<input type=\"hidden\" name=\"redirect_to\" value=\"https:\/\/www.fundacionveron.org\/en\/wp-json\/wp\/v2\/posts\/3423\" \/>\n\t\t\t<\/p><\/form><\/div><\/div>","_links":{"self":[{"href":"https:\/\/www.fundacionveron.org\/en\/wp-json\/wp\/v2\/posts\/3423","targetHints":{"allow":["GET"]}}],"collection":[{"href":"https:\/\/www.fundacionveron.org\/en\/wp-json\/wp\/v2\/posts"}],"about":[{"href":"https:\/\/www.fundacionveron.org\/en\/wp-json\/wp\/v2\/types\/post"}],"author":[{"embeddable":true,"href":"https:\/\/www.fundacionveron.org\/en\/wp-json\/wp\/v2\/users\/7"}],"replies":[{"embeddable":true,"href":"https:\/\/www.fundacionveron.org\/en\/wp-json\/wp\/v2\/comments?post=3423"}],"version-history":[{"count":0,"href":"https:\/\/www.fundacionveron.org\/en\/wp-json\/wp\/v2\/posts\/3423\/revisions"}],"wp:attachment":[{"href":"https:\/\/www.fundacionveron.org\/en\/wp-json\/wp\/v2\/media?parent=3423"}],"wp:term":[{"taxonomy":"category","embeddable":true,"href":"https:\/\/www.fundacionveron.org\/en\/wp-json\/wp\/v2\/categories?post=3423"},{"taxonomy":"post_tag","embeddable":true,"href":"https:\/\/www.fundacionveron.org\/en\/wp-json\/wp\/v2\/tags?post=3423"}],"curies":[{"name":"wp","href":"https:\/\/api.w.org\/{rel}","templated":true}]}}