{"id":3377,"date":"2020-04-23T10:48:36","date_gmt":"2020-04-23T08:48:36","guid":{"rendered":"https:\/\/www.fundacionveron.org\/?p=3377"},"modified":"2023-08-28T11:57:17","modified_gmt":"2023-08-28T09:57:17","slug":"la-memoria-de-la-fundacion-veron","status":"publish","type":"post","link":"https:\/\/www.fundacionveron.org\/en\/la-memoria-de-la-fundacion-veron\/","title":{"rendered":"La Memoria de la Fundaci\u00f3n Ver\u00f3n"},"content":{"rendered":"<p>Presentar la Memoria de la Fundaci\u00f3n Ver\u00f3n del 2019 es presentar un documento esencial para que conozcas no s\u00f3lo las actividades realizadas sino el alma de esta organizaci\u00f3n.<\/p>\r\n\r\n\r\n\r\n<p>Se inicia con un GRACIAS porque no podr\u00eda ser de otra manera. Cada aportaci\u00f3n, s\u00ed, cada una de ellas, es fundamental y refleja la voluntad inequ\u00edvoca de querer construir un mundo mejor. Para Ver\u00f3n, la EDUCACI\u00d3N, con may\u00fasculas, es la herramienta m\u00e1s poderosa para lograrlo. No se trata de planteamientos ut\u00f3picos sino de realidades.<\/p>\r\n\r\n\r\n\r\n<p>En la memoria ver\u00e1s qui\u00e9n, c\u00f3mo, qu\u00e9, d\u00f3nde, cu\u00e1ndo y con qu\u00e9 recursos se hace, pero m\u00e1s importante todav\u00eda, podr\u00e1s conocer a qui\u00e9n nos dirigimos, por qu\u00e9 ellos y c\u00f3mo trabajan para lograr un futuro diferente que trasciende a su entorno, a su familia, a su comunidad. Ellos son nuestro motor, nuestra motivaci\u00f3n.<\/p>\r\n\r\n\r\n\r\n<p>T\u00fa eres parte de la soluci\u00f3n, as\u00ed que celebra lo que has logrado y, si puedes, ay\u00fadanos a que otros conozcan y nos hagan crecer cada vez m\u00e1s.<\/p>\r\n\r\n\r\n\r\n<div class=\"wp-block-file\"><a href=\"https:\/\/www.fundacionveron.org\/wp-content\/uploads\/2020\/04\/Memoria-Fundaci\u00f3n-Ver\u00f3n.pdf\" target=\"_blank\" rel=\"noreferrer noopener\">Memoria Fundaci\u00f3n Ver\u00f3n<\/a><a class=\"wp-block-file__button\" href=\"https:\/\/www.fundacionveron.org\/wp-content\/uploads\/2020\/04\/Memoria-Fundaci\u00f3n-Ver\u00f3n.pdf\" download=\"\">Descarga<\/a><\/div>","protected":false},"excerpt":{"rendered":"<p>Presentar la Memoria de la Fundaci\u00f3n Ver\u00f3n del 2019 es presentar un documento esencial para&#8230;<\/p>","protected":false},"author":7,"featured_media":0,"comment_status":"closed","ping_status":"open","sticky":false,"template":"","format":"standard","meta":{"_monsterinsights_skip_tracking":false,"_monsterinsights_sitenote_active":false,"_monsterinsights_sitenote_note":"","_monsterinsights_sitenote_category":0,"_price":"","_stock":"","_tribe_ticket_header":"","_tribe_default_ticket_provider":"","_ticket_start_date":"","_ticket_end_date":"","_tribe_ticket_show_description":"","_tribe_ticket_show_not_going":false,"_tribe_ticket_use_global_stock":"","_tribe_ticket_global_stock_level":"","_global_stock_mode":"","_global_stock_cap":"","_tribe_rsvp_for_event":"","_tribe_ticket_going_count":"","_tribe_ticket_not_going_count":"","_tribe_tickets_list":"[]","_tribe_ticket_has_attendee_info_fields":false,"footnotes":""},"categories":[4],"tags":[304,111,487,302],"class_list":["post-3377","post","type-post","status-publish","format-standard","hentry","category-fundacion-veron-en-espana","tag-educacion-en-valores","tag-memoria-fundacion-veron","tag-proyectos","tag-transparencia-fundacion-veron"],"wpcf_dashboard":"<div class=\"woocommerce\"><div class=\"woocommerce-info\">Please log in first? <a class=\"wpneoShowLogin\" href=\"#\">Click here to login<\/a><\/div><div class=\"wpneo_login_form_div\" style=\"display: none;\"><form name=\"loginform\" id=\"loginform\" action=\"https:\/\/www.fundacionveron.org\/en\/gestion\/\" method=\"post\"><p class=\"login-username\">\n\t\t\t\t<label for=\"user_login\">Username or Email Address<\/label>\n\t\t\t\t<input type=\"text\" name=\"log\" id=\"user_login\" autocomplete=\"username\" class=\"input\" value=\"\" size=\"20\" \/>\n\t\t\t<\/p><p class=\"login-password\">\n\t\t\t\t<label for=\"user_pass\">Password<\/label>\n\t\t\t\t<input type=\"password\" name=\"pwd\" id=\"user_pass\" autocomplete=\"current-password\" spellcheck=\"false\" class=\"input\" value=\"\" size=\"20\" \/>\n\t\t\t<\/p><p class=\"login-remember\"><label><input name=\"rememberme\" type=\"checkbox\" id=\"rememberme\" value=\"forever\" \/> Remember Me<\/label><\/p><p class=\"login-submit\">\n\t\t\t\t<input type=\"submit\" name=\"wp-submit\" id=\"wp-submit\" class=\"button button-primary\" value=\"Log In\" \/>\n\t\t\t\t<input type=\"hidden\" name=\"redirect_to\" value=\"https:\/\/www.fundacionveron.org\/en\/wp-json\/wp\/v2\/posts\/3377\" \/>\n\t\t\t<\/p><\/form><\/div><\/div>","_links":{"self":[{"href":"https:\/\/www.fundacionveron.org\/en\/wp-json\/wp\/v2\/posts\/3377","targetHints":{"allow":["GET"]}}],"collection":[{"href":"https:\/\/www.fundacionveron.org\/en\/wp-json\/wp\/v2\/posts"}],"about":[{"href":"https:\/\/www.fundacionveron.org\/en\/wp-json\/wp\/v2\/types\/post"}],"author":[{"embeddable":true,"href":"https:\/\/www.fundacionveron.org\/en\/wp-json\/wp\/v2\/users\/7"}],"replies":[{"embeddable":true,"href":"https:\/\/www.fundacionveron.org\/en\/wp-json\/wp\/v2\/comments?post=3377"}],"version-history":[{"count":0,"href":"https:\/\/www.fundacionveron.org\/en\/wp-json\/wp\/v2\/posts\/3377\/revisions"}],"wp:attachment":[{"href":"https:\/\/www.fundacionveron.org\/en\/wp-json\/wp\/v2\/media?parent=3377"}],"wp:term":[{"taxonomy":"category","embeddable":true,"href":"https:\/\/www.fundacionveron.org\/en\/wp-json\/wp\/v2\/categories?post=3377"},{"taxonomy":"post_tag","embeddable":true,"href":"https:\/\/www.fundacionveron.org\/en\/wp-json\/wp\/v2\/tags?post=3377"}],"curies":[{"name":"wp","href":"https:\/\/api.w.org\/{rel}","templated":true}]}}