{"id":3279,"date":"2020-03-24T12:23:24","date_gmt":"2020-03-24T10:23:24","guid":{"rendered":"https:\/\/www.fundacionveron.org\/?p=3279"},"modified":"2023-08-28T12:00:25","modified_gmt":"2023-08-28T10:00:25","slug":"el-impacto-del-coronavirus-en-la-universidad","status":"publish","type":"post","link":"https:\/\/www.fundacionveron.org\/en\/el-impacto-del-coronavirus-en-la-universidad\/","title":{"rendered":"El impacto del coronavirus en la universidad"},"content":{"rendered":"<p>&nbsp;<\/p>\r\n\r\n\r\n\r\n<p class=\"has-drop-cap\">Hoy es martes 24 de marzo y empezamos por la fecha, porque ma\u00f1ana la situaci\u00f3n puede haber cambiado. La expansi\u00f3n del Coronavirus est\u00e1 siendo exponencial.\u00a0 Desde que se declar\u00f3 la pandemia, no s\u00f3lo se ha descalabrado cualquier previsi\u00f3n de contagio entre pa\u00edses, sino que hemos pasado del cierre de los centros docentes, como medida preventiva, al estricto confinamiento casero y al cierre de fronteras. Cualquier pel\u00edcula apocal\u00edptica se est\u00e1 quedando corta y, protagonistas, esta vez, somos todos, efectos colaterales de la globalizaci\u00f3n. \u00a0<\/p>\r\n\r\n\r\n\r\n<figure class=\"wp-block-embed-youtube wp-block-embed is-type-video is-provider-youtube wp-embed-aspect-16-9 wp-has-aspect-ratio\">\r\n<div class=\"wp-block-embed__wrapper\">https:\/\/youtu.be\/JZX-q8lIJm0<\/div>\r\n<\/figure>\r\n\r\n\r\n\r\n<p>Y \u00bfahora qu\u00e9? Bien, estamos a dos meses escasos de acabar el cuatrimestre, obviamente, todas las pr\u00e1cticas quedan suspendidas y, es tremendo, porque se hacen con el objetivo de que el estudiante adquiera las habilidades necesarias para responder eficazmente en su futuro entorno laboral, as\u00ed que hoy, primera lecci\u00f3n, resiliencia o \u201cbe water my friend\u201d, que el futuro es impredecible para todos.<\/p>\r\n\r\n\r\n\r\n<p>\u00bfEl curso? No estoy segura de si acabar\u00e1 en las fechas previstas o se dar\u00e1n nuevos plazos para la entrega de trabajos, para ex\u00e1menes orales, para presentaciones de TFG\u2019s o lo que sea, en general, es el profesor el que lo decide, respetando la libertad de c\u00e1tedra. Lo cierto es que Universidades P\u00fablicas y Privadas suelen contar con un campus virtual fant\u00e1stico. En la mayor\u00eda de los casos las clases se conectan en streaming y unas veces, el horario de la misma se mantiene como si estuvieras all\u00ed, y otras, env\u00edan un enlace para que, en caso de no haberte podido conectar, la puedas visionar en las siguientes 24 h. Esto es l\u00f3gico, se pueden dar problemas de conexi\u00f3n, de sonido\u2026, una cierta flexibilidad parece lo m\u00e1s sensato. Hay varias aplicaciones en uso como HangOut o Google Classroom, por citar un par, que est\u00e1n facilitando la docencia en remoto.<\/p>\r\n\r\n\r\n\r\n<p>Adem\u00e1s, esta \u201ccircunstancia\u201d ha hecho que sean accesibles gratuitamente recursos como la Biblioteca Digital Mundial (<a href=\"https:\/\/www.wdl.org\/es\/\">https:\/\/www.wdl.org\/es\/<\/a>) que se une a las Universitarias.\u00a0 Casi todo el pensamiento y conocimiento digitalizado est\u00e1 disponible, eso es fant\u00e1stico, aprov\u00e9chate, al menos, curiosea.<\/p>\r\n\r\n\r\n\r\n<p>Hoy no hay posibilidad de montar grupos en bibliotecas y, hacer una reuni\u00f3n virtual, disminuye la espontaneidad de pronunciar en voz alta, sin m\u00e1s, la duda que de repente asalta tu mente y que no paras hasta que la resuelves, pero, por supuesto, \u00bfpara qu\u00e9 est\u00e1n si no las RRSS, los foros o las mil Apps? Util\u00edzalo todo, siempre suele haber un compa\u00f1ero o un estudioso en la materia que te responde o te da referencias y pistas para que puedas responderte t\u00fa mismo, y, aunque te suene antiguo, eso es lo que ya predicaba S\u00f3crates all\u00e1 por el siglo V ac.<\/p>\r\n\r\n\r\n\r\n<p>Mucha suerte a todos con este extra\u00f1o fin de curso. \u00c1nimo! Cuidaros y cuidad de los dem\u00e1s \ud83d\ude42<\/p>","protected":false},"excerpt":{"rendered":"<p>&nbsp; Hoy es martes 24 de marzo y empezamos por la fecha, porque ma\u00f1ana la&#8230;<\/p>","protected":false},"author":7,"featured_media":0,"comment_status":"closed","ping_status":"open","sticky":false,"template":"","format":"standard","meta":{"_monsterinsights_skip_tracking":false,"_monsterinsights_sitenote_active":false,"_monsterinsights_sitenote_note":"","_monsterinsights_sitenote_category":0,"_price":"","_stock":"","_tribe_ticket_header":"","_tribe_default_ticket_provider":"","_ticket_start_date":"","_ticket_end_date":"","_tribe_ticket_show_description":"","_tribe_ticket_show_not_going":false,"_tribe_ticket_use_global_stock":"","_tribe_ticket_global_stock_level":"","_global_stock_mode":"","_global_stock_cap":"","_tribe_rsvp_for_event":"","_tribe_ticket_going_count":"","_tribe_ticket_not_going_count":"","_tribe_tickets_list":"[]","_tribe_ticket_has_attendee_info_fields":false,"footnotes":""},"categories":[6],"tags":[291,293,216,294],"class_list":["post-3279","post","type-post","status-publish","format-standard","hentry","category-educacion-juventud-e-innovacion","tag-coronavirus-y-universidad","tag-docencia-en-remoto","tag-examenes","tag-libreria-digital-mundial"],"wpcf_dashboard":"<div class=\"woocommerce\"><div class=\"woocommerce-info\">Please log in first? <a class=\"wpneoShowLogin\" href=\"#\">Click here to login<\/a><\/div><div class=\"wpneo_login_form_div\" style=\"display: none;\"><form name=\"loginform\" id=\"loginform\" action=\"https:\/\/www.fundacionveron.org\/en\/gestion\/\" method=\"post\"><p class=\"login-username\">\n\t\t\t\t<label for=\"user_login\">Username or Email Address<\/label>\n\t\t\t\t<input type=\"text\" name=\"log\" id=\"user_login\" autocomplete=\"username\" class=\"input\" value=\"\" size=\"20\" \/>\n\t\t\t<\/p><p class=\"login-password\">\n\t\t\t\t<label for=\"user_pass\">Password<\/label>\n\t\t\t\t<input type=\"password\" name=\"pwd\" id=\"user_pass\" autocomplete=\"current-password\" spellcheck=\"false\" class=\"input\" value=\"\" size=\"20\" \/>\n\t\t\t<\/p><p class=\"login-remember\"><label><input name=\"rememberme\" type=\"checkbox\" id=\"rememberme\" value=\"forever\" \/> Remember Me<\/label><\/p><p class=\"login-submit\">\n\t\t\t\t<input type=\"submit\" name=\"wp-submit\" id=\"wp-submit\" class=\"button button-primary\" value=\"Log In\" \/>\n\t\t\t\t<input type=\"hidden\" name=\"redirect_to\" value=\"https:\/\/www.fundacionveron.org\/en\/wp-json\/wp\/v2\/posts\/3279\" \/>\n\t\t\t<\/p><\/form><\/div><\/div>","_links":{"self":[{"href":"https:\/\/www.fundacionveron.org\/en\/wp-json\/wp\/v2\/posts\/3279","targetHints":{"allow":["GET"]}}],"collection":[{"href":"https:\/\/www.fundacionveron.org\/en\/wp-json\/wp\/v2\/posts"}],"about":[{"href":"https:\/\/www.fundacionveron.org\/en\/wp-json\/wp\/v2\/types\/post"}],"author":[{"embeddable":true,"href":"https:\/\/www.fundacionveron.org\/en\/wp-json\/wp\/v2\/users\/7"}],"replies":[{"embeddable":true,"href":"https:\/\/www.fundacionveron.org\/en\/wp-json\/wp\/v2\/comments?post=3279"}],"version-history":[{"count":0,"href":"https:\/\/www.fundacionveron.org\/en\/wp-json\/wp\/v2\/posts\/3279\/revisions"}],"wp:attachment":[{"href":"https:\/\/www.fundacionveron.org\/en\/wp-json\/wp\/v2\/media?parent=3279"}],"wp:term":[{"taxonomy":"category","embeddable":true,"href":"https:\/\/www.fundacionveron.org\/en\/wp-json\/wp\/v2\/categories?post=3279"},{"taxonomy":"post_tag","embeddable":true,"href":"https:\/\/www.fundacionveron.org\/en\/wp-json\/wp\/v2\/tags?post=3279"}],"curies":[{"name":"wp","href":"https:\/\/api.w.org\/{rel}","templated":true}]}}