{"id":3263,"date":"2020-03-16T13:18:16","date_gmt":"2020-03-16T11:18:16","guid":{"rendered":"https:\/\/www.fundacionveron.org\/?p=3263"},"modified":"2023-08-28T13:05:36","modified_gmt":"2023-08-28T11:05:36","slug":"tu-generacion-activa-el-voluntariado","status":"publish","type":"post","link":"https:\/\/www.fundacionveron.org\/en\/tu-generacion-activa-el-voluntariado\/","title":{"rendered":"Tu generaci\u00f3n activa el voluntariado"},"content":{"rendered":"<p>La Fundaci\u00f3n Ver\u00f3n tiene la suerte de contar con un <strong>grupo de voluntarios incre\u00edbles<\/strong> cuyo efecto es contagioso. Esa mezcla de ilusi\u00f3n, porque se es consciente de que lo que uno hace tiene consecuencias, con el af\u00e1n de mostrar al mundo que cambiar lo malo depende de nosotros, es irresistible.<\/p>\r\n\r\n\r\n\r\n<p>Por ejemplo, Teresa, Mar\u00eda, Alejandra, David, todos ellos forman parte del voluntariado de Ver\u00f3n, son estudiantes, cada uno eligi\u00f3 un grado o una formaci\u00f3n diferente, pero <strong>coinciden en dedicarnos parte de su tiempo y esfuerzo para ayudar de mil maneras<\/strong>. Saben que son unos privilegiados y que las oportunidades de estudiar ser\u00e1n un derecho fundamental, pero casi inalcanzable en algunas zonas. As\u00ed que<strong> han decidido no olvidarse de los dem\u00e1s. <\/strong><\/p>\r\n\r\n\r\n\r\n<p>Para ellos la <strong>educaci\u00f3n es sin\u00f3nimo de libertad, porque da igual c\u00f3mo seas, tendr\u00e1s contigo las herramientas <\/strong>que te permitir\u00e1n valorar, reflexionar, elegir, seg\u00fan tu propia escala de valores, de necesidades y de metas. As\u00ed que se han unido a la Fundaci\u00f3n Ver\u00f3n cuyos <a href=\"https:\/\/www.fundacionveron.org\/educacion\/\">proyectos<\/a> giran en torno a la formaci\u00f3n y al acceso al mercado laboral de aquellos j\u00f3venes que lo tienen m\u00e1s dif\u00edcil. El proyecto principal es <a href=\"http:\/\/www.escueladelvidrio.org\/\">La Escuela del Vidrio en Honduras<\/a>, d\u00f3nde adem\u00e1s de poder cursar la ense\u00f1anza reglada, los alumnos se forman en Vidrio o en Hosteler\u00eda, lo que puede abrirles la puerta a un trabajo de calidad, pero hay mucho m\u00e1s, claro, microcr\u00e9ditos, becas, talleres&#8230; \u00a0En Espa\u00f1a, participar en el Programa Oportunidad al Talento de la organizaci\u00f3n <a href=\"https:\/\/aipc-pandora.org\/becas\/\">AIPC Pandora<\/a>, es apostar tambi\u00e9n por el objetivo final: crear una sociedad justa, en la que el desarrollo no est\u00e9 ligado a la situaci\u00f3n de la que se parta.<\/p>\r\n\r\n\r\n\r\n<p style=\"text-align: left;\">Si tienes ocasi\u00f3n, visiona esta presentaci\u00f3n y sabr\u00e1s exactamente de lo que hablamos.<\/p>\r\n\r\n\r\n\r\n<figure class=\"wp-block-embed-youtube aligncenter wp-block-embed is-type-video is-provider-youtube wp-embed-aspect-16-9 wp-has-aspect-ratio\">\r\n<div class=\"wp-block-embed__wrapper\">https:\/\/youtu.be\/sC7fn6s8vpY<\/div>\r\n<\/figure>\r\n\r\n\r\n\r\n<p>Y seguramente te est\u00e9s preguntando<strong> c\u00f3mo nos ayudan nuestros voluntarios, <\/strong>pues, por ejemplo, se han convertido en embajadores de la Fundaci\u00f3n y no desperdician una sola ocasi\u00f3n para darla a conocer y captar socios que ayuden a su sostenibilidad. Saben que no hay aportaci\u00f3n peque\u00f1a, todas son important\u00edsimas. \u00a0<\/p>\r\n\r\n\r\n\r\n<p>Siempre est\u00e1n ideando cosas, as\u00ed que ahora estaban d\u00e1ndole vueltas a c\u00f3mo preparar alg\u00fan <strong>evento<\/strong> con m\u00fasica o deporte, por ejemplo, que les permita contar lo que se hace aqu\u00ed.\u00a0 <strong>Dadas las circunstancias actuales, con la alerta sanitaria por coronavirus, en el caso de los eventos, tendr\u00e1n que valorar hacerlos digitalmente y los presenciales, ya habr\u00e1 momento cuando pase la crisis.<\/strong><\/p>\r\n\r\n\r\n\r\n<p>Hasta hacen que la Fundaci\u00f3n est\u00e9 presente <strong>en sus trabajos acad\u00e9micos<\/strong> para que as\u00ed todos, compa\u00f1eros y profesorado, primero la conozcan y luego, si puede ser, se unan.<\/p>\r\n\r\n\r\n\r\n<p>Cuando lo tengan m\u00e1s avanzado, te pedir\u00e1n que participes o que colabores, <strong>an\u00edmate y ay\u00fadanos, \u00fanete. <\/strong><\/p>","protected":false},"excerpt":{"rendered":"<p>La Fundaci\u00f3n Ver\u00f3n tiene la suerte de contar con un grupo de voluntarios incre\u00edbles cuyo&#8230;<\/p>","protected":false},"author":7,"featured_media":0,"comment_status":"closed","ping_status":"open","sticky":false,"template":"","format":"standard","meta":{"_monsterinsights_skip_tracking":false,"_monsterinsights_sitenote_active":false,"_monsterinsights_sitenote_note":"","_monsterinsights_sitenote_category":0,"_price":"","_stock":"","_tribe_ticket_header":"","_tribe_default_ticket_provider":"","_ticket_start_date":"","_ticket_end_date":"","_tribe_ticket_show_description":"","_tribe_ticket_show_not_going":false,"_tribe_ticket_use_global_stock":"","_tribe_ticket_global_stock_level":"","_global_stock_mode":"","_global_stock_cap":"","_tribe_rsvp_for_event":"","_tribe_ticket_going_count":"","_tribe_ticket_not_going_count":"","_tribe_tickets_list":"[]","_tribe_ticket_has_attendee_info_fields":false,"footnotes":""},"categories":[4],"tags":[195,144,85],"class_list":["post-3263","post","type-post","status-publish","format-standard","hentry","category-fundacion-veron-en-espana","tag-aipc-pandora","tag-escuela-del-vidrio-de-honduras","tag-voluntariado-internacional"],"wpcf_dashboard":"<div class=\"woocommerce\"><div class=\"woocommerce-info\">Please log in first? <a class=\"wpneoShowLogin\" href=\"#\">Click here to login<\/a><\/div><div class=\"wpneo_login_form_div\" style=\"display: none;\"><form name=\"loginform\" id=\"loginform\" action=\"https:\/\/www.fundacionveron.org\/en\/gestion\/\" method=\"post\"><p class=\"login-username\">\n\t\t\t\t<label for=\"user_login\">Username or Email Address<\/label>\n\t\t\t\t<input type=\"text\" name=\"log\" id=\"user_login\" autocomplete=\"username\" class=\"input\" value=\"\" size=\"20\" \/>\n\t\t\t<\/p><p class=\"login-password\">\n\t\t\t\t<label for=\"user_pass\">Password<\/label>\n\t\t\t\t<input type=\"password\" name=\"pwd\" id=\"user_pass\" autocomplete=\"current-password\" spellcheck=\"false\" class=\"input\" value=\"\" size=\"20\" \/>\n\t\t\t<\/p><p class=\"login-remember\"><label><input name=\"rememberme\" type=\"checkbox\" id=\"rememberme\" value=\"forever\" \/> Remember Me<\/label><\/p><p class=\"login-submit\">\n\t\t\t\t<input type=\"submit\" name=\"wp-submit\" id=\"wp-submit\" class=\"button button-primary\" value=\"Log In\" \/>\n\t\t\t\t<input type=\"hidden\" name=\"redirect_to\" value=\"https:\/\/www.fundacionveron.org\/en\/wp-json\/wp\/v2\/posts\/3263\" \/>\n\t\t\t<\/p><\/form><\/div><\/div>","_links":{"self":[{"href":"https:\/\/www.fundacionveron.org\/en\/wp-json\/wp\/v2\/posts\/3263","targetHints":{"allow":["GET"]}}],"collection":[{"href":"https:\/\/www.fundacionveron.org\/en\/wp-json\/wp\/v2\/posts"}],"about":[{"href":"https:\/\/www.fundacionveron.org\/en\/wp-json\/wp\/v2\/types\/post"}],"author":[{"embeddable":true,"href":"https:\/\/www.fundacionveron.org\/en\/wp-json\/wp\/v2\/users\/7"}],"replies":[{"embeddable":true,"href":"https:\/\/www.fundacionveron.org\/en\/wp-json\/wp\/v2\/comments?post=3263"}],"version-history":[{"count":0,"href":"https:\/\/www.fundacionveron.org\/en\/wp-json\/wp\/v2\/posts\/3263\/revisions"}],"wp:attachment":[{"href":"https:\/\/www.fundacionveron.org\/en\/wp-json\/wp\/v2\/media?parent=3263"}],"wp:term":[{"taxonomy":"category","embeddable":true,"href":"https:\/\/www.fundacionveron.org\/en\/wp-json\/wp\/v2\/categories?post=3263"},{"taxonomy":"post_tag","embeddable":true,"href":"https:\/\/www.fundacionveron.org\/en\/wp-json\/wp\/v2\/tags?post=3263"}],"curies":[{"name":"wp","href":"https:\/\/api.w.org\/{rel}","templated":true}]}}