{"id":3191,"date":"2020-02-05T12:06:03","date_gmt":"2020-02-05T10:06:03","guid":{"rendered":"https:\/\/www.fundacionveron.org\/?p=3191"},"modified":"2020-02-05T12:19:43","modified_gmt":"2020-02-05T10:19:43","slug":"el-food-truck-solidario-de-la-escuela-del-vidrio","status":"publish","type":"post","link":"https:\/\/www.fundacionveron.org\/en\/el-food-truck-solidario-de-la-escuela-del-vidrio\/","title":{"rendered":"El Food Truck Solidario de la Escuela del Vidrio"},"content":{"rendered":"<p>Las sonrisas y los men\u00fas van sobre ruedas. Hoy el Food Truck Solidario es una sabrosa realidad que hace gala de cada uno de los componentes de su nombre y hay tanta historia y tanto trabajo entre sus fogones, que merece la pena conocerlo.<\/p>\n\n\n\n<p>Por supuesto, antes de ponerse en marcha se hizo un estudio de viabilidad, porque las asociaciones y fundaciones implicadas, que tienen un alma forjada en valores solidarios, tambi\u00e9n son conscientes de sus escasos recursos y cuidan much\u00edsimo cada iniciativa que desarrolla. Saben que sin el esfuerzo de muchas voluntades no es posible obtener el \u00e9xito. Lo consiguieron: una inversi\u00f3n en su capitalizaci\u00f3n proporcionada por varias instituciones y, ahora, un coste de mantenimiento realmente bajo, en el que han influido la donaci\u00f3n de paneles solares para su funcionamiento y el trabajo de adaptaci\u00f3n y mec\u00e1nica del taller de David Escobar.<\/p>\n\n\n\n<div class=\"wp-block-image\"><figure class=\"alignleft\"><img loading=\"lazy\" decoding=\"async\" width=\"300\" height=\"295\" src=\"https:\/\/www.fundacionveron.org\/wp-content\/uploads\/2020\/01\/Food-Truck-en-Residencia-300x295.jpg\" alt=\"\" class=\"wp-image-3174\" srcset=\"https:\/\/www.fundacionveron.org\/wp-content\/uploads\/2020\/01\/Food-Truck-en-Residencia-300x295.jpg 300w, https:\/\/www.fundacionveron.org\/wp-content\/uploads\/2020\/01\/Food-Truck-en-Residencia-600x590.jpg 600w, https:\/\/www.fundacionveron.org\/wp-content\/uploads\/2020\/01\/Food-Truck-en-Residencia-700x688.jpg 700w, https:\/\/www.fundacionveron.org\/wp-content\/uploads\/2020\/01\/Food-Truck-en-Residencia.jpg 715w\" sizes=\"auto, (max-width: 300px) 100vw, 300px\" \/><\/figure><\/div>\n\n\n\n<p>El FoodTruck Solidario ofrece men\u00fas gratuitos en Residencias de Mayores y en barrios necesitados, ofreciendo recetas sencillas realizadas con materia prima de Km.0. Tambi\u00e9n han acudido a alg\u00fan centro comercial y lugares de la cuidad de El progreso para que el p\u00fablico conozca de primera mano porqu\u00e9 la Escuela del Vidrio es especial, ya que la Educaci\u00f3n cambia vidas y necesita ser apoyada por todos: sociedad civil, empresas y organismos p\u00fablicos.<\/p>\n\n\n\n<p>En el Food Truck, los estudiantes de Cocina y Turismo de la Escuela del Vidrio son los encargados de la cocina guiados por sus maestros. Las salidas forman parte de sus educaci\u00f3n y todos al finalizar hablan felices de la experiencia. En ocasiones se realizan salidas voluntarias, ya que los j\u00f3venes realmente disfrutan y quieren seguir aprendiendo los s\u00e1bados. Son acompa\u00f1ados de profesores, de un conductor y de personal de apoyo.<\/p>\n\n\n\n<p>C\u00f3mo pr\u00e1ctica, para los estudiantes es perfecto: Controlar todo lo que conlleva un negocio de hosteler\u00eda, desde los aspectos t\u00e9cnicos: el aprovisionamiento, la higiene, la manipulaci\u00f3n, los tiempos, el emplatado\u2026 hasta lo m\u00e1s humano: el trabajo en equipo y el trato con el cliente.<\/p>\n\n\n\n<div class=\"wp-block-image\"><figure class=\"alignright\"><img loading=\"lazy\" decoding=\"async\" width=\"300\" height=\"225\" src=\"https:\/\/www.fundacionveron.org\/wp-content\/uploads\/2020\/01\/IMG-20191123-WA0036-300x225.jpg\" alt=\"\" class=\"wp-image-3164\" srcset=\"https:\/\/www.fundacionveron.org\/wp-content\/uploads\/2020\/01\/IMG-20191123-WA0036-300x225.jpg 300w, https:\/\/www.fundacionveron.org\/wp-content\/uploads\/2020\/01\/IMG-20191123-WA0036-600x450.jpg 600w, https:\/\/www.fundacionveron.org\/wp-content\/uploads\/2020\/01\/IMG-20191123-WA0036-768x576.jpg 768w, https:\/\/www.fundacionveron.org\/wp-content\/uploads\/2020\/01\/IMG-20191123-WA0036-1024x768.jpg 1024w, https:\/\/www.fundacionveron.org\/wp-content\/uploads\/2020\/01\/IMG-20191123-WA0036-800x600.jpg 800w, https:\/\/www.fundacionveron.org\/wp-content\/uploads\/2020\/01\/IMG-20191123-WA0036-700x525.jpg 700w, https:\/\/www.fundacionveron.org\/wp-content\/uploads\/2020\/01\/IMG-20191123-WA0036.jpg 2048w\" sizes=\"auto, (max-width: 300px) 100vw, 300px\" \/><\/figure><\/div>\n\n\n\n<p>Cuando los han visto trabajar, en cualquier escenario, todos se dan cuenta de la gran camarader\u00eda que reina entre ellos, tienen una gran qu\u00edmica, y la concentraci\u00f3n y sentido de la responsabilidad no restan un mil\u00edmetro a sus amplias sonrisas.<\/p>\n\n\n\n<p>Al despliegue que realizan en cada salida tambi\u00e9n se suman algunos de sus compa\u00f1eros de la especialidad del vidrio. Ellos atienden un peque\u00f1o stand en el que se muestran trabajos de bisuter\u00eda y decoraci\u00f3n en cristal, piezas muy lindas cuyo dise\u00f1o, color, detalle y t\u00e9cnica dejan traslucir la calidad de su formaci\u00f3n.<\/p>\n\n\n\n<p>Cada salida se anuncia en redes sociales y suele retransmitirse en directo en su cuenta de Facebook, incluso, medios locales han hecho alguna entrevista haci\u00e9ndose eco de esta iniciativa que entre la gente causa sorpresa, se acercan, preguntan, se interesan, no les pasa desapercibido el valor social de la Escuela y del proyecto.<\/p>\n\n\n\n<div class=\"wp-block-image\"><figure class=\"aligncenter\"><img loading=\"lazy\" decoding=\"async\" width=\"300\" height=\"225\" src=\"https:\/\/www.fundacionveron.org\/wp-content\/uploads\/2020\/01\/IMG_20191123_150712_1-300x225.jpg\" alt=\"\" class=\"wp-image-3167\" srcset=\"https:\/\/www.fundacionveron.org\/wp-content\/uploads\/2020\/01\/IMG_20191123_150712_1-300x225.jpg 300w, https:\/\/www.fundacionveron.org\/wp-content\/uploads\/2020\/01\/IMG_20191123_150712_1-600x450.jpg 600w, https:\/\/www.fundacionveron.org\/wp-content\/uploads\/2020\/01\/IMG_20191123_150712_1-768x576.jpg 768w, https:\/\/www.fundacionveron.org\/wp-content\/uploads\/2020\/01\/IMG_20191123_150712_1-1024x768.jpg 1024w, https:\/\/www.fundacionveron.org\/wp-content\/uploads\/2020\/01\/IMG_20191123_150712_1-800x600.jpg 800w, https:\/\/www.fundacionveron.org\/wp-content\/uploads\/2020\/01\/IMG_20191123_150712_1-700x525.jpg 700w\" sizes=\"auto, (max-width: 300px) 100vw, 300px\" \/><\/figure><\/div>\n\n\n\n<p>Pocas veces se logra la aunar la solidaridad con la formaci\u00f3n pr\u00e1ctica y la educaci\u00f3n, y \u00e9sta es una de ellas. Ay\u00fadanos a que siga creciendo, porque cada aportaci\u00f3n a la Fundaci\u00f3n Ver\u00f3n es valios\u00edsima para seguir sosteniendo este proyecto.<\/p>","protected":false},"excerpt":{"rendered":"<p>Las sonrisas y los men\u00fas van sobre ruedas. Hoy el Food Truck Solidario es una&#8230;<\/p>","protected":false},"author":7,"featured_media":0,"comment_status":"closed","ping_status":"open","sticky":false,"template":"","format":"standard","meta":{"_monsterinsights_skip_tracking":false,"_monsterinsights_sitenote_active":false,"_monsterinsights_sitenote_note":"","_monsterinsights_sitenote_category":0,"_price":"","_stock":"","_tribe_ticket_header":"","_tribe_default_ticket_provider":"","_ticket_start_date":"","_ticket_end_date":"","_tribe_ticket_show_description":"","_tribe_ticket_show_not_going":false,"_tribe_ticket_use_global_stock":"","_tribe_ticket_global_stock_level":"","_global_stock_mode":"","_global_stock_cap":"","_tribe_rsvp_for_event":"","_tribe_ticket_going_count":"","_tribe_ticket_not_going_count":"","_tribe_tickets_list":"[]","_tribe_ticket_has_attendee_info_fields":false,"footnotes":""},"categories":[1,5],"tags":[133,144,279,280,99],"class_list":["post-3191","post","type-post","status-publish","format-standard","hentry","category-fundacion-veron","category-fundacion-veron-en-honduras","tag-educacion-en-honduras","tag-escuela-del-vidrio-de-honduras","tag-food-truck-solidario","tag-formacion-en-hosteleria","tag-formacion-tecnica"],"wpcf_dashboard":"<div class=\"woocommerce\"><div class=\"woocommerce-info\">Please log in first? <a class=\"wpneoShowLogin\" href=\"#\">Click here to login<\/a><\/div><div class=\"wpneo_login_form_div\" style=\"display: none;\"><form name=\"loginform\" id=\"loginform\" action=\"https:\/\/www.fundacionveron.org\/en\/gestion\/\" method=\"post\"><p class=\"login-username\">\n\t\t\t\t<label for=\"user_login\">Username or Email Address<\/label>\n\t\t\t\t<input type=\"text\" name=\"log\" id=\"user_login\" autocomplete=\"username\" class=\"input\" value=\"\" size=\"20\" \/>\n\t\t\t<\/p><p class=\"login-password\">\n\t\t\t\t<label for=\"user_pass\">Password<\/label>\n\t\t\t\t<input type=\"password\" name=\"pwd\" id=\"user_pass\" autocomplete=\"current-password\" spellcheck=\"false\" class=\"input\" value=\"\" size=\"20\" \/>\n\t\t\t<\/p><p class=\"login-remember\"><label><input name=\"rememberme\" type=\"checkbox\" id=\"rememberme\" value=\"forever\" \/> Remember Me<\/label><\/p><p class=\"login-submit\">\n\t\t\t\t<input type=\"submit\" name=\"wp-submit\" id=\"wp-submit\" class=\"button button-primary\" value=\"Log In\" \/>\n\t\t\t\t<input type=\"hidden\" name=\"redirect_to\" value=\"https:\/\/www.fundacionveron.org\/en\/wp-json\/wp\/v2\/posts\/3191\" \/>\n\t\t\t<\/p><\/form><\/div><\/div>","_links":{"self":[{"href":"https:\/\/www.fundacionveron.org\/en\/wp-json\/wp\/v2\/posts\/3191","targetHints":{"allow":["GET"]}}],"collection":[{"href":"https:\/\/www.fundacionveron.org\/en\/wp-json\/wp\/v2\/posts"}],"about":[{"href":"https:\/\/www.fundacionveron.org\/en\/wp-json\/wp\/v2\/types\/post"}],"author":[{"embeddable":true,"href":"https:\/\/www.fundacionveron.org\/en\/wp-json\/wp\/v2\/users\/7"}],"replies":[{"embeddable":true,"href":"https:\/\/www.fundacionveron.org\/en\/wp-json\/wp\/v2\/comments?post=3191"}],"version-history":[{"count":0,"href":"https:\/\/www.fundacionveron.org\/en\/wp-json\/wp\/v2\/posts\/3191\/revisions"}],"wp:attachment":[{"href":"https:\/\/www.fundacionveron.org\/en\/wp-json\/wp\/v2\/media?parent=3191"}],"wp:term":[{"taxonomy":"category","embeddable":true,"href":"https:\/\/www.fundacionveron.org\/en\/wp-json\/wp\/v2\/categories?post=3191"},{"taxonomy":"post_tag","embeddable":true,"href":"https:\/\/www.fundacionveron.org\/en\/wp-json\/wp\/v2\/tags?post=3191"}],"curies":[{"name":"wp","href":"https:\/\/api.w.org\/{rel}","templated":true}]}}