{"id":3160,"date":"2020-01-23T12:01:22","date_gmt":"2020-01-23T10:01:22","guid":{"rendered":"https:\/\/www.fundacionveron.org\/?p=3160"},"modified":"2023-08-28T12:27:18","modified_gmt":"2023-08-28T10:27:18","slug":"dislexia-en-examenes","status":"publish","type":"post","link":"https:\/\/www.fundacionveron.org\/en\/dislexia-en-examenes\/","title":{"rendered":"Dislexia en ex\u00e1menes"},"content":{"rendered":"<div class=\"wpb-content-wrapper\"><div      class=\"vc_row wpb_row section vc_row-fluid\" style=' text-align:left;'><div class=\"full_section_inner clearfix\"><div class=\"wpb_column vc_column_container vc_col-sm-12\"><div class=\"vc_column-inner\"><div class=\"wpb_wrapper\">\n\t<div class=\"wpb_text_column wpb_content_element\">\n\t\t<div class=\"wpb_wrapper\">\n\t\t\t<p>La dislexia es un trastorno del aprendizaje de la lectoescritura de car\u00e1cter persistente y espec\u00edfico. Al disl\u00e9xico le cuesta identificar los sonidos fonol\u00f3gicos y traducirlos en una determinada letra.<\/p>\n<p><span style=\"color: #000000;\">Puedes leer definiciones en estos links:\u00a0<\/span><span style=\"color: #000000;\"><a href=\"https:\/\/dle.rae.es\/dislexia\" target=\"_blank\" rel=\"noopener noreferrer\">Seg\u00fan la RAE<\/a>\u00a0 y <a href=\"https:\/\/es.wikipedia.org\/wiki\/Dislexia\" target=\"_blank\" rel=\"noopener noreferrer\">Wikipedia<\/a><\/span><\/p>\n<div class=\"wp-block-image\">\n<p><span style=\"color: #000000;\">Aunque no hay una conexi\u00f3n directa entre el aprendizaje lector y la capacidad intelectual, en un sistema educativo en el que la lectura y la escritura son pilares b\u00e1sicos, muchos estudiantes, antes de ser diagnosticados, han sido tildados por sus profesores de vagos o de tontos, contribuyendo a minar su autoestima. El mismo alumno, al principio, no sabe por qu\u00e9 le cuesta ir al mismo ritmo que los dem\u00e1s, y se calcula que el 40 % del abandono escolar est\u00e1 directamente ligado a este d\u00e9ficit. Una verdadera fuga de talento que se solucionar\u00eda con una detecci\u00f3n precoz y a tiempo.<\/span><\/p>\n<p><span style=\"color: #000000;\">Ahora estamos en \u00e9poca de ex\u00e1menes, una pesadilla para el disl\u00e9xico, por eso, antes de empezar a hablar de estrategias, <strong>el mensaje m\u00e1s importante es NO TE RINDAS.<\/strong><\/span><\/p>\n<p><span style=\"color: #000000;\"><strong><u>Desde el punto de vista del estudiante<\/u><\/strong>, combinar alguna de estas sugerencias como m\u00e9todo de estudio (aunque seguramente ya las has practicado) y personalizarlas, puede que te ayuden.<\/span><\/p>\n<p>&nbsp;<\/p>\n<h3><span style=\"color: #000000;\">Haz una lectura general:<\/span><\/h3>\n<p><span style=\"color: #000000;\">Subraya, con colores o no, seg\u00fan sea tu objetivo: quedarte con los conceptos importantes o tener identificados t\u00edtulos, fechas, autores, palabras dif\u00edciles, siempre con el mismo color para en un vistazo tener una imagen.<\/span><\/p>\n<h3>En esa lectura o en la segunda:<\/h3>\n<ul>\n<li>Haz esquemas y\/o mapas conceptuales. A muchos la orientaci\u00f3n vertical les da mejor resultado<\/li>\n<li>Realiza anotaciones en los m\u00e1rgenes. El espacio te obliga a sintetizar, incluso a crearte tu propio c\u00f3digo de abreviaturas<\/li>\n<\/ul>\n<h3>Al estudiar:<\/h3>\n<ul>\n<li>Usa trucos mnemot\u00e9cnicos vinculados a tu vida para que te resulte m\u00e1s f\u00e1cil recordarlos<\/li>\n<li>Realiza mapas mentales con im\u00e1genes<\/li>\n<li>Construye anagramas<\/li>\n<li>Para cada 25 minutos y descansa 10 para evitar la falta de concentraci\u00f3n<\/li>\n<li>Revisa<\/li>\n<li>Recurre a la tecnolog\u00eda\n<ul>\n<li>Potencia los audiolibros, podcasts, y todos los recursos audiovisuales que est\u00e9n a tu disposici\u00f3n<\/li>\n<li>Utiliza los correctores ortogr\u00e1ficos de tus dispositivos<\/li>\n<li>Utiliza las Apps dise\u00f1adas para ayudar a las personas con dislexia como <a href=\"https:\/\/www.naturalreaders.com\/\" target=\"_blank\" rel=\"noopener noreferrer\">NaturalReader Text to Speech<\/a> or <a href=\"https:\/\/play.google.com\/store\/books\" target=\"_blank\" rel=\"noopener noreferrer\">Google Play Books<\/a> y <a href=\"https:\/\/play.google.com\/store\/apps\/details?id=com.google.android.inputmethod.latin&amp;hl=es\" target=\"_blank\" rel=\"noopener noreferrer\">Google Keyboard<\/a>, entre otras.<\/li>\n<\/ul>\n<\/li>\n<li>No te compares con los dem\u00e1s, t\u00fa eres la medida, r\u00e9tate a ti mismo.<\/li>\n<li>Usa profesores de apoyo o compa\u00f1eros, os ayudar\u00e9is mutuamente, <strong>no olvides TUS FORTALEZAS<\/strong>.<\/li>\n<\/ul>\n<\/div>\n<p>Est\u00e1 demostrado, <strong>la persona disl\u00e9xica desarrolla unas capacidades que<\/strong> cuando finaliza los estudios no lo abandonan y, <strong>desde luego, son magn\u00edficas<\/strong>. Entre ellas:<\/p>\n<ul>\n<li>Una capacidad de trabajo superior a la media<\/li>\n<li>Resiliencia: se adaptan a todo<\/li>\n<li>Una mayor tolerancia al error: ante los fallos, cuando los dem\u00e1s se abaten, ellos vuelven a empezar sin mayor consecuencia, dif\u00edcilmente se rinden. Por otro lado, ellos no ven afectada su capacidad de comprensi\u00f3n ante un texto con errores.<\/li>\n<li>Intuici\u00f3n y creatividad: al haber desligado tantas veces el pensamiento del lenguaje, desarrollan un sexto sentido que potencian estas cualidades.<\/li>\n<li>Relacionan diferentes conceptos con mayor facilidad que el resto.<\/li>\n<li>Se vuelven expertos en la organizaci\u00f3n de la informaci\u00f3n.<\/li>\n<\/ul>\n<p>&nbsp;<\/p>\n<p>&nbsp;<\/p>\n<ul class=\"wp-block-list\">\n<li>Aumenta el tiempo de realizaci\u00f3n de los ejercicios a quien sufra este trastorno.<\/li>\n<li>Lee en voz alta las preguntas<\/li>\n<li>Si puedes evitarlo, casi siempre se puede, no realices preguntas invertidas<\/li>\n<li>Utiliza una tipograf\u00eda clara y de un tama\u00f1o mayor para las preguntas en los ex\u00e1menes<\/li>\n<li>No emplees la misma medida de penalizaci\u00f3n de faltas de ortograf\u00eda para los estudiantes disl\u00e9xicos<\/li>\n<li>Permite, si es posible realizar el examen en un dispositivo electr\u00f3nico, el uso de correctores de texto<\/li>\n<li>Potencia los ex\u00e1menes orales<\/li>\n<li>Nunca, nunca, juzgues a un alumno por la cantidad de tiempo que emplea en sus estudios.<\/li>\n<\/ul>\n<p>Os recomendamos visitar <a href=\"https:\/\/www.changedyslexia.org\/\" target=\"_blank\" rel=\"noopener noreferrer\"><strong>Change Dyslexia<\/strong><\/a> si necesit\u00e1is apoyo e informaci\u00f3n: <a href=\"https:\/\/www.changedyslexia.org\/\" target=\"_blank\" rel=\"noopener noreferrer\"><strong>https:\/\/www.changedyslexia.org\/<\/strong><\/a><\/p>\n<h3>Si necesitas ayuda y conocer m\u00e1s sobre la Dislexia, te recomendamos estos v\u00eddeos ?<\/h3>\n<h3 class=\"title style-scope ytd-video-primary-info-renderer\">\u00a0<\/h3>\n\n\t\t<\/div> \n\t<\/div> <\/div><\/div><\/div><\/div><\/div><\/div>","protected":false},"excerpt":{"rendered":"La dislexia es un trastorno del aprendizaje de la lectoescritura de car\u00e1cter persistente y espec\u00edfico....","protected":false},"author":7,"featured_media":0,"comment_status":"closed","ping_status":"open","sticky":false,"template":"","format":"standard","meta":{"_monsterinsights_skip_tracking":false,"_monsterinsights_sitenote_active":false,"_monsterinsights_sitenote_note":"","_monsterinsights_sitenote_category":0,"_price":"","_stock":"","_tribe_ticket_header":"","_tribe_default_ticket_provider":"","_ticket_start_date":"","_ticket_end_date":"","_tribe_ticket_show_description":"","_tribe_ticket_show_not_going":false,"_tribe_ticket_use_global_stock":"","_tribe_ticket_global_stock_level":"","_global_stock_mode":"","_global_stock_cap":"","_tribe_rsvp_for_event":"","_tribe_ticket_going_count":"","_tribe_ticket_not_going_count":"","_tribe_tickets_list":"[]","_tribe_ticket_has_attendee_info_fields":false,"footnotes":""},"categories":[6,1],"tags":[285,281,282,216,284,283],"class_list":["post-3160","post","type-post","status-publish","format-standard","hentry","category-educacion-juventud-e-innovacion","category-fundacion-veron","tag-apps-para-dislexicos","tag-dislexia","tag-estrategias-para-dislexicos","tag-examenes","tag-fortalezas-de-los-dislexicos","tag-tecnicas-de-estudio"],"wpcf_dashboard":"<div class=\"woocommerce\"><div class=\"woocommerce-info\">Please log in first? <a class=\"wpneoShowLogin\" href=\"#\">Click here to login<\/a><\/div><div class=\"wpneo_login_form_div\" style=\"display: none;\"><form name=\"loginform\" id=\"loginform\" action=\"https:\/\/www.fundacionveron.org\/en\/gestion\/\" method=\"post\"><p class=\"login-username\">\n\t\t\t\t<label for=\"user_login\">Username or Email Address<\/label>\n\t\t\t\t<input type=\"text\" name=\"log\" id=\"user_login\" autocomplete=\"username\" class=\"input\" value=\"\" size=\"20\" \/>\n\t\t\t<\/p><p class=\"login-password\">\n\t\t\t\t<label for=\"user_pass\">Password<\/label>\n\t\t\t\t<input type=\"password\" name=\"pwd\" id=\"user_pass\" autocomplete=\"current-password\" spellcheck=\"false\" class=\"input\" value=\"\" size=\"20\" \/>\n\t\t\t<\/p><p class=\"login-remember\"><label><input name=\"rememberme\" type=\"checkbox\" id=\"rememberme\" value=\"forever\" \/> Remember Me<\/label><\/p><p class=\"login-submit\">\n\t\t\t\t<input type=\"submit\" name=\"wp-submit\" id=\"wp-submit\" class=\"button button-primary\" value=\"Log In\" \/>\n\t\t\t\t<input type=\"hidden\" name=\"redirect_to\" value=\"https:\/\/www.fundacionveron.org\/en\/wp-json\/wp\/v2\/posts\/3160\" \/>\n\t\t\t<\/p><\/form><\/div><\/div>","_links":{"self":[{"href":"https:\/\/www.fundacionveron.org\/en\/wp-json\/wp\/v2\/posts\/3160","targetHints":{"allow":["GET"]}}],"collection":[{"href":"https:\/\/www.fundacionveron.org\/en\/wp-json\/wp\/v2\/posts"}],"about":[{"href":"https:\/\/www.fundacionveron.org\/en\/wp-json\/wp\/v2\/types\/post"}],"author":[{"embeddable":true,"href":"https:\/\/www.fundacionveron.org\/en\/wp-json\/wp\/v2\/users\/7"}],"replies":[{"embeddable":true,"href":"https:\/\/www.fundacionveron.org\/en\/wp-json\/wp\/v2\/comments?post=3160"}],"version-history":[{"count":0,"href":"https:\/\/www.fundacionveron.org\/en\/wp-json\/wp\/v2\/posts\/3160\/revisions"}],"wp:attachment":[{"href":"https:\/\/www.fundacionveron.org\/en\/wp-json\/wp\/v2\/media?parent=3160"}],"wp:term":[{"taxonomy":"category","embeddable":true,"href":"https:\/\/www.fundacionveron.org\/en\/wp-json\/wp\/v2\/categories?post=3160"},{"taxonomy":"post_tag","embeddable":true,"href":"https:\/\/www.fundacionveron.org\/en\/wp-json\/wp\/v2\/tags?post=3160"}],"curies":[{"name":"wp","href":"https:\/\/api.w.org\/{rel}","templated":true}]}}