{"id":283,"date":"2017-08-30T23:09:10","date_gmt":"2017-08-30T21:09:10","guid":{"rendered":"http:\/\/prueba.vimojo.co\/?p=283"},"modified":"2023-08-28T13:34:21","modified_gmt":"2023-08-28T11:34:21","slug":"te-presentamos-a-mario","status":"publish","type":"post","link":"https:\/\/www.fundacionveron.org\/en\/te-presentamos-a-mario\/","title":{"rendered":"Te presentamos a Mario"},"content":{"rendered":"<p>Mario tiene 18 a\u00f1os y las ideas muy claras. Ha elegido la carrera de Ingenier\u00eda Inform\u00e1tica como formaci\u00f3n acad\u00e9mica porque ni siquiera se imagina desarrollando otra profesi\u00f3n. Casi naci\u00f3 predestinado, le viene de herencia, su padre es inform\u00e1tico, as\u00ed que ha crecido jugando con los ordenadores \u201cdestrip\u00e1ndolos\u201d o probando cada opci\u00f3n, de hecho, m\u00e1s de uno se ha \u201cquemado\u201d bajo sus experimentos e investigaciones. Nadie nace siendo un gran cocinero, se aprende intent\u00e1ndolo, y \u00e9l lo sabe bien.<\/p>\n<p>Mario ha pasado la segunda quincena de julio realizando unas pr\u00e1cticas en el Departamento de Inform\u00e1tica de una empresa aprovechando la oportunidad que le brindaba la Fundaci\u00f3n Ver\u00f3n y ahora nos comenta sus impresiones. All\u00ed ha tenido la ocasi\u00f3n de participar en el estudio que se est\u00e1 desarrollando para establecer un nuevo sistema de backup, pasando de una migraci\u00f3n de datos f\u00edsicos a la nube. Una conclusi\u00f3n h\u00edbrida permitir\u00eda aprovechar lo mejor de las dos soluciones, pero hay que evaluar, dise\u00f1ar, probar, desarrollar\u2026 momento m\u00e1s interesante e ilustrativo no pod\u00eda imaginar. \u00a0Aunque tambi\u00e9n le gusta el desarrollo de estructuras, confiesa que todo lo que concierne a la seguridad inform\u00e1tica, le llama poderosamente la atenci\u00f3n. Los \u00faltimos ciberataques sufridos en algunas empresas han puesto de manifiesto la importancia de este campo, porque todas sin excepci\u00f3n son vulnerables. Descubrir, indagar, saber, reflexionar.. por eso nunca deja de leer sobre lo que hacen los dem\u00e1s, es su forma de ir creciendo. Le gustan los n\u00fameros, pero al mismo tiempo es creativo. Una mente l\u00f3gico-anal\u00edtica con una mezcla de creatividad, es lo que le permitir\u00e1 jugar con dise\u00f1os, estructuras y programaciones para desarrollar su trabajo. Sue\u00f1a con una vida estable, ordenada, segura, pero, como cualquier joven, quiere salvar al mundo, detectar la vulnerabilidad en el sistema de una gran empresa y corregirla, hacerla 100% segura es su meta.<\/p>\n<p><a href=\"https:\/\/www.fundacionveron.org\/wp-content\/uploads\/2017\/08\/ciberseguridad.jpg\"><img loading=\"lazy\" decoding=\"async\" class=\"aligncenter size-full wp-image-992\" src=\"https:\/\/www.fundacionveron.org\/wp-content\/uploads\/2017\/08\/ciberseguridad.jpg\" sizes=\"auto, (max-width: 640px) 100vw, 640px\" srcset=\"https:\/\/www.fundacionveron.org\/wp-content\/uploads\/2017\/08\/ciberseguridad.jpg 640w, https:\/\/www.fundacionveron.org\/wp-content\/uploads\/2017\/08\/ciberseguridad-300x169.jpg 300w\" alt=\"ciberseguridad\" width=\"640\" height=\"360\" \/><\/a>Conocer de primera mano c\u00f3mo es el backstage de una direcci\u00f3n de inform\u00e1tica en una Compa\u00f1\u00eda con much\u00edsima actividad internacional, condici\u00f3n que presenta determinadas necesidades inform\u00e1ticas, su d\u00eda a d\u00eda, las incidencias, las soluciones, igual que lo hizo Dani el mes pasado, era un objetivo que sin la coordinaci\u00f3n entre la Fundaci\u00f3n Pandora y la Fundaci\u00f3n Ver\u00f3n hubiera sido dif\u00edcil de alcanzar, as\u00ed que finaliza agradecido por la oportunidad y m\u00e1s motivado que nunca para estudiar.<\/p>\n<p>Muy serio daba las gracias a todos los que se hab\u00edan involucrado con \u00e9l para que pudiera aprovechar al m\u00e1ximo sus pr\u00e1cticas. Ah\u00ed lo ten\u00e9is:<\/p>\n<p>&nbsp;<\/p>","protected":false},"excerpt":{"rendered":"<p>Mario tiene 18 a\u00f1os y las ideas muy claras. Ha elegido la carrera de Ingenier\u00eda&#8230;<\/p>","protected":false},"author":7,"featured_media":0,"comment_status":"open","ping_status":"open","sticky":false,"template":"","format":"standard","meta":{"_monsterinsights_skip_tracking":false,"_monsterinsights_sitenote_active":false,"_monsterinsights_sitenote_note":"","_monsterinsights_sitenote_category":0,"_price":"","_stock":"","_tribe_ticket_header":"","_tribe_default_ticket_provider":"","_ticket_start_date":"","_ticket_end_date":"","_tribe_ticket_show_description":"","_tribe_ticket_show_not_going":false,"_tribe_ticket_use_global_stock":"","_tribe_ticket_global_stock_level":"","_global_stock_mode":"","_global_stock_cap":"","_tribe_rsvp_for_event":"","_tribe_ticket_going_count":"","_tribe_ticket_not_going_count":"","_tribe_tickets_list":"[]","_tribe_ticket_has_attendee_info_fields":false,"footnotes":""},"categories":[4],"tags":[200,110,192,202,201],"class_list":["post-283","post","type-post","status-publish","format-standard","hentry","category-fundacion-veron-en-espana","tag-beca","tag-empleo-juvenil","tag-empresa-solidaria","tag-informatica","tag-practicas"],"wpcf_dashboard":"<div class=\"woocommerce\"><div class=\"woocommerce-info\">Please log in first? <a class=\"wpneoShowLogin\" href=\"#\">Click here to login<\/a><\/div><div class=\"wpneo_login_form_div\" style=\"display: none;\"><form name=\"loginform\" id=\"loginform\" action=\"https:\/\/www.fundacionveron.org\/en\/gestion\/\" method=\"post\"><p class=\"login-username\">\n\t\t\t\t<label for=\"user_login\">Username or Email Address<\/label>\n\t\t\t\t<input type=\"text\" name=\"log\" id=\"user_login\" autocomplete=\"username\" class=\"input\" value=\"\" size=\"20\" \/>\n\t\t\t<\/p><p class=\"login-password\">\n\t\t\t\t<label for=\"user_pass\">Password<\/label>\n\t\t\t\t<input type=\"password\" name=\"pwd\" id=\"user_pass\" autocomplete=\"current-password\" spellcheck=\"false\" class=\"input\" value=\"\" size=\"20\" \/>\n\t\t\t<\/p><p class=\"login-remember\"><label><input name=\"rememberme\" type=\"checkbox\" id=\"rememberme\" value=\"forever\" \/> Remember Me<\/label><\/p><p class=\"login-submit\">\n\t\t\t\t<input type=\"submit\" name=\"wp-submit\" id=\"wp-submit\" class=\"button button-primary\" value=\"Log In\" \/>\n\t\t\t\t<input type=\"hidden\" name=\"redirect_to\" value=\"https:\/\/www.fundacionveron.org\/en\/wp-json\/wp\/v2\/posts\/283\" \/>\n\t\t\t<\/p><\/form><\/div><\/div>","_links":{"self":[{"href":"https:\/\/www.fundacionveron.org\/en\/wp-json\/wp\/v2\/posts\/283","targetHints":{"allow":["GET"]}}],"collection":[{"href":"https:\/\/www.fundacionveron.org\/en\/wp-json\/wp\/v2\/posts"}],"about":[{"href":"https:\/\/www.fundacionveron.org\/en\/wp-json\/wp\/v2\/types\/post"}],"author":[{"embeddable":true,"href":"https:\/\/www.fundacionveron.org\/en\/wp-json\/wp\/v2\/users\/7"}],"replies":[{"embeddable":true,"href":"https:\/\/www.fundacionveron.org\/en\/wp-json\/wp\/v2\/comments?post=283"}],"version-history":[{"count":0,"href":"https:\/\/www.fundacionveron.org\/en\/wp-json\/wp\/v2\/posts\/283\/revisions"}],"wp:attachment":[{"href":"https:\/\/www.fundacionveron.org\/en\/wp-json\/wp\/v2\/media?parent=283"}],"wp:term":[{"taxonomy":"category","embeddable":true,"href":"https:\/\/www.fundacionveron.org\/en\/wp-json\/wp\/v2\/categories?post=283"},{"taxonomy":"post_tag","embeddable":true,"href":"https:\/\/www.fundacionveron.org\/en\/wp-json\/wp\/v2\/tags?post=283"}],"curies":[{"name":"wp","href":"https:\/\/api.w.org\/{rel}","templated":true}]}}