{"id":280,"date":"2017-08-30T23:07:24","date_gmt":"2017-08-30T21:07:24","guid":{"rendered":"http:\/\/prueba.vimojo.co\/?p=280"},"modified":"2023-08-28T13:35:01","modified_gmt":"2023-08-28T11:35:01","slug":"las-practicas-de-daniel-con-fundacion-veron","status":"publish","type":"post","link":"https:\/\/www.fundacionveron.org\/en\/las-practicas-de-daniel-con-fundacion-veron\/","title":{"rendered":"Las pr\u00e1cticas de Daniel con Fundaci\u00f3n Ver\u00f3n"},"content":{"rendered":"<p>Daniel es un chico extraordinario, un joven con muchas ganas de comerse el mundo a pesar de las dificultades que la vida le ha reservado. No le asusta nada y trabaja duro para lograr sus metas, es pura ilusi\u00f3n.<\/p>\n<p>Gracias a la Fundaci\u00f3n Ver\u00f3n realiz\u00f3 unas pr\u00e1cticas de empresa d\u00f3nde personalizaron un proyecto para adecuarlo al tiempo del que dispon\u00edan y a sus conocimientos. Para situaros, Daniel acaba de terminar 1\u00ba de Ingenier\u00eda Inform\u00e1tica en la Universidad Polit\u00e9cnica de Madrid.<\/p>\n<p>Este ha sido su primer contacto con el mundo empresarial. S\u00ed que a trav\u00e9s de la ONG AIPC Pandora y la Fundaci\u00f3n Tomillo tuvo la incre\u00edble experiencia de participar en un voluntariado en Sud\u00e1frica, pero las compa\u00f1\u00edas exigen otro ritmo y otro engranaje.<\/p>\n<p>Durante las pr\u00e1cticas a Daniel se le ve\u00eda encantado, concentrado, absorbiendo todo lo que ten\u00eda alrededor, desde c\u00f3mo se construyen verdaderas relaciones de amistad en una empresa, hasta el peso que cada uno de los departamentos, de los equipos, tienen en el desarrollo de la actividad y como su especialidad es fundamental para todos.<\/p>\n<p><a href=\"https:\/\/www.fundacionveron.org\/wp-content\/uploads\/2017\/06\/unnamed.jpg\"><img loading=\"lazy\" decoding=\"async\" class=\"aligncenter size-full wp-image-974\" src=\"https:\/\/www.fundacionveron.org\/wp-content\/uploads\/2017\/06\/unnamed.jpg\" sizes=\"auto, (max-width: 3264px) 100vw, 3264px\" srcset=\"https:\/\/www.fundacionveron.org\/wp-content\/uploads\/2017\/06\/unnamed.jpg 3264w, https:\/\/www.fundacionveron.org\/wp-content\/uploads\/2017\/06\/unnamed-300x212.jpg 300w, https:\/\/www.fundacionveron.org\/wp-content\/uploads\/2017\/06\/unnamed-768x542.jpg 768w, https:\/\/www.fundacionveron.org\/wp-content\/uploads\/2017\/06\/unnamed-1024x723.jpg 1024w\" alt=\"fundacion_veron\" width=\"3264\" height=\"2303\" \/><\/a><\/p>\n<p>Le preguntamos acerca de sus impresiones y nos encant\u00f3 o\u00edr que le hab\u00edan servido personalmente, para ratificarse en su elecci\u00f3n, su carrera es la que quiere hacer, desde la que quiere construir su vida profesional. No s\u00e9 qu\u00e9 opin\u00e1is vosotros, pero tener las cosas claras es un magn\u00edfico comienzo para quien sea y para lo que sea.<\/p>\n<p>Por otro lado, nos dec\u00eda \u201che tenido la oportunidad de adquirir conocimientos pr\u00e1cticos que pertenec\u00edan a distintos campos y que no sab\u00eda c\u00f3mo se conjugaban en la realidad. Tener una visi\u00f3n global es una gran ventaja. Me ha ayudado a entender la interrelaci\u00f3n entre asignaturas que yo estudiaba de forma totalmente independiente y a sentar las bases para futuras explicaciones\u201d<\/p>\n<p>Daniel estaba contento y agradecido, porque, aunque tiene sus preferencias dentro del mundo de la inform\u00e1tica, ahora mismo, est\u00e1 abierto a todo y, si puede aportar algo de creatividad, mejor.<\/p>\n<p>Las dudas iniciales sobre la utilidad de unas pr\u00e1cticas en una etapa tan temprana de la carrera, se nos han despejado, realmente sirven para centrar y motivar a nuestros futuros profesionales y para que conozcan sin idealizaciones c\u00f3mo es de exigente el d\u00eda a d\u00eda en una empresa sin que ello suponga que haya negatividad, todo lo contrario.<\/p>\n<p>Daniel ha supuesto s\u00f3lo el principio de una actividad de la Fundaci\u00f3n Ver\u00f3n en Espa\u00f1a, porque a \u00e9l le seguir\u00e1n otros y, desde luego, agradecemos al equipo de inform\u00e1ticos que se ocup\u00f3 de su formaci\u00f3n, el esfuerzo de adaptaci\u00f3n y su disponibilidad para que el tiempo que nuestro becario pas\u00f3 con ellos fuera as\u00ed de productivo.<\/p>\n<p>Para terminar os dejo con un v\u00eddeo en el que \u00e9l mismo os cuenta c\u00f3mo se ha sentido<\/p>\n<p>&nbsp;<\/p>","protected":false},"excerpt":{"rendered":"<p>Daniel es un chico extraordinario, un joven con muchas ganas de comerse el mundo a&#8230;<\/p>","protected":false},"author":7,"featured_media":0,"comment_status":"open","ping_status":"open","sticky":false,"template":"","format":"standard","meta":{"_monsterinsights_skip_tracking":false,"_monsterinsights_sitenote_active":false,"_monsterinsights_sitenote_note":"","_monsterinsights_sitenote_category":0,"_price":"","_stock":"","_tribe_ticket_header":"","_tribe_default_ticket_provider":"","_ticket_start_date":"","_ticket_end_date":"","_tribe_ticket_show_description":"","_tribe_ticket_show_not_going":false,"_tribe_ticket_use_global_stock":"","_tribe_ticket_global_stock_level":"","_global_stock_mode":"","_global_stock_cap":"","_tribe_rsvp_for_event":"","_tribe_ticket_going_count":"","_tribe_ticket_not_going_count":"","_tribe_tickets_list":"[]","_tribe_ticket_has_attendee_info_fields":false,"footnotes":""},"categories":[4],"tags":[200,110,192,202,201],"class_list":["post-280","post","type-post","status-publish","format-standard","hentry","category-fundacion-veron-en-espana","tag-beca","tag-empleo-juvenil","tag-empresa-solidaria","tag-informatica","tag-practicas"],"wpcf_dashboard":"<div class=\"woocommerce\"><div class=\"woocommerce-info\">Please log in first? <a class=\"wpneoShowLogin\" href=\"#\">Click here to login<\/a><\/div><div class=\"wpneo_login_form_div\" style=\"display: none;\"><form name=\"loginform\" id=\"loginform\" action=\"https:\/\/www.fundacionveron.org\/en\/gestion\/\" method=\"post\"><p class=\"login-username\">\n\t\t\t\t<label for=\"user_login\">Username or Email Address<\/label>\n\t\t\t\t<input type=\"text\" name=\"log\" id=\"user_login\" autocomplete=\"username\" class=\"input\" value=\"\" size=\"20\" \/>\n\t\t\t<\/p><p class=\"login-password\">\n\t\t\t\t<label for=\"user_pass\">Password<\/label>\n\t\t\t\t<input type=\"password\" name=\"pwd\" id=\"user_pass\" autocomplete=\"current-password\" spellcheck=\"false\" class=\"input\" value=\"\" size=\"20\" \/>\n\t\t\t<\/p><p class=\"login-remember\"><label><input name=\"rememberme\" type=\"checkbox\" id=\"rememberme\" value=\"forever\" \/> Remember Me<\/label><\/p><p class=\"login-submit\">\n\t\t\t\t<input type=\"submit\" name=\"wp-submit\" id=\"wp-submit\" class=\"button button-primary\" value=\"Log In\" \/>\n\t\t\t\t<input type=\"hidden\" name=\"redirect_to\" value=\"https:\/\/www.fundacionveron.org\/en\/wp-json\/wp\/v2\/posts\/280\" \/>\n\t\t\t<\/p><\/form><\/div><\/div>","_links":{"self":[{"href":"https:\/\/www.fundacionveron.org\/en\/wp-json\/wp\/v2\/posts\/280","targetHints":{"allow":["GET"]}}],"collection":[{"href":"https:\/\/www.fundacionveron.org\/en\/wp-json\/wp\/v2\/posts"}],"about":[{"href":"https:\/\/www.fundacionveron.org\/en\/wp-json\/wp\/v2\/types\/post"}],"author":[{"embeddable":true,"href":"https:\/\/www.fundacionveron.org\/en\/wp-json\/wp\/v2\/users\/7"}],"replies":[{"embeddable":true,"href":"https:\/\/www.fundacionveron.org\/en\/wp-json\/wp\/v2\/comments?post=280"}],"version-history":[{"count":0,"href":"https:\/\/www.fundacionveron.org\/en\/wp-json\/wp\/v2\/posts\/280\/revisions"}],"wp:attachment":[{"href":"https:\/\/www.fundacionveron.org\/en\/wp-json\/wp\/v2\/media?parent=280"}],"wp:term":[{"taxonomy":"category","embeddable":true,"href":"https:\/\/www.fundacionveron.org\/en\/wp-json\/wp\/v2\/categories?post=280"},{"taxonomy":"post_tag","embeddable":true,"href":"https:\/\/www.fundacionveron.org\/en\/wp-json\/wp\/v2\/tags?post=280"}],"curies":[{"name":"wp","href":"https:\/\/api.w.org\/{rel}","templated":true}]}}