{"id":265,"date":"2017-08-30T23:01:16","date_gmt":"2017-08-30T21:01:16","guid":{"rendered":"http:\/\/prueba.vimojo.co\/?p=265"},"modified":"2019-07-04T11:31:25","modified_gmt":"2019-07-04T09:31:25","slug":"informe-programa-de-formacion-de-los-futuros-profesores-de-la-escuela-del-vidrio","status":"publish","type":"post","link":"https:\/\/www.fundacionveron.org\/en\/informe-programa-de-formacion-de-los-futuros-profesores-de-la-escuela-del-vidrio\/","title":{"rendered":"Informe Programa de Formaci\u00f3n de los Futuros Profesores de la Escuela del Vidrio"},"content":{"rendered":"<p>\t\t\t\t<strong>INTRODUCCI\u00d3N<\/strong><\/p>\n<p>La Formaci\u00f3n para los Futuros Profesores de la Escuela del Vidrio de Honduras es una iniciativa de Fundaci\u00f3n Ver\u00f3n para el apoyo a la integraci\u00f3n laboral de cuatro j\u00f3venes como maestros de los Estudios T\u00e9cnicos del Vidrio en dicho proyecto al que venimos apoyando. Fundaci\u00f3n Ver\u00f3n se implica, en este caso, con j\u00f3venes que ya terminaron sus estudios en la Escuela del Vidrio para guiarlos hacia un futuro que mejore la calidad de vida de ellos y sus familias.<\/p>\n<p>Los exalumnos de los Estudios T\u00e9cnicos del Vidrio de la Escuela del Vidrio de Honduras que han sido seleccionados para esta formaci\u00f3n en Espa\u00f1a son: Joel Enrique Flores Acosta, Jos\u00e9 El\u00edas Flores Banegas, Diana Larisa Banegas Monge y Juan Carlos Mu\u00f1oz Bardales; junto con la Coordinadora de los Estudios T\u00e9cnicos del Vidrio de la Escuela del Vidrio, Rosa Mar\u00eda Gir\u00f3n.<\/p>\n<p>La formaci\u00f3n se ha dise\u00f1ado en Espa\u00f1a con la colaboraci\u00f3n de distintas entidades e individuales. La duraci\u00f3n del programa ha sido de cuatro semanas, del 24 de septiembre al 22 de octubre de 2016.<\/p>\n<p><img loading=\"lazy\" decoding=\"async\" class=\"size-medium wp-image-477 alignleft\" src=\"https:\/\/www.fundacionveron.org\/wp-content\/uploads\/2016\/09\/IMG-20160927-WA0037-300x225.jpg\" sizes=\"auto, (max-width: 300px) 100vw, 300px\" srcset=\"https:\/\/www.fundacionveron.org\/wp-content\/uploads\/2016\/09\/IMG-20160927-WA0037-300x225.jpg 300w, https:\/\/www.fundacionveron.org\/wp-content\/uploads\/2016\/09\/IMG-20160927-WA0037-768x576.jpg 768w, https:\/\/www.fundacionveron.org\/wp-content\/uploads\/2016\/09\/IMG-20160927-WA0037-1024x768.jpg 1024w, https:\/\/www.fundacionveron.org\/wp-content\/uploads\/2016\/09\/IMG-20160927-WA0037.jpg 1600w\" alt=\"IMG-20160927-WA0037\" width=\"300\" height=\"225\" \/>La Fundaci\u00f3n Centro Nacional Vidrio ha estado presente durante las dos primeras semanas del programa, ofreciendo una formaci\u00f3n en la\u00a0<a href=\"http:\/\/realfabricadecristales.es\/es\" rel=\"nofollow\">Real F\u00e1brica de Cristales<\/a>\u00a0de La Granja, Segovia. En esta semana, la organizaci\u00f3n del curso por FCNV, nos ha dado la oportunidad de conocer a Mayice y Gala Carlota Fern\u00e1ndez Montero.<\/p>\n<p><a href=\"http:\/\/vidriosopladoluisbodas.blogspot.com.es\/\">Luis Bodas<\/a>, maestro vidriero, ha estado presente en la tercera semana del programa, ofreciendo una formaci\u00f3n en L\u2019Oller\u00eda, Valencia, una localidad de vidrieros. En esta semana han colaborado el Ajuntament de L\u2019Oller\u00eda, El Portal de L\u2019Oller\u00eda, Ecoglass, Vitrocolor, Taller Lograta, el Convento de los Capuchinos y personas como el historiador de la localidad, que nos mostr\u00f3 el Museo del Vidrio y la Casa Santonja, entre otros muchos.<\/p>\n<p>Fundaci\u00f3n Ver\u00f3n ha estado presente durante las cuatro semanas del programa. En la \u00faltima semana ha sido la encargada de generar y coordinar las actividades en Madrid. Han estado presentes tanto voluntarios, que han estado en Honduras en el proyecto Escuela del Vidrio, como organizaciones amigas como\u00a0<a href=\"http:\/\/afart.es\/\">AFART<\/a>\u00a0y\u00a0<a href=\"http:\/\/www.magiamajara.com\/\">Magia Majara<\/a>, y entidades del dise\u00f1o en Madrid, como es el\u00a0<a href=\"http:\/\/iedmadrid.com\/\">IED<\/a>.<\/p>\n<p>A todos ellos, muchas gracias por formar parte de la Formaci\u00f3n de los Futuros Profesores de la Escuela del Vidrio de Honduras. Ha sido un placer conoceros. Vuestro apoyo ha hecho del programa una gran experiencia para los cinco hondure\u00f1os.<\/p>\n<p><strong>\u00a0<\/strong><\/p>\n<p><strong>OBJETIVOS<\/strong><\/p>\n<ol>\n<li><strong>Formar a cuatro futuros profesores para la Escuela del Vidrio de Honduras<\/strong>\n<ol>\n<li>Complementar su formaci\u00f3n en pedagog\u00eda y herramientas para la ense\u00f1anza<\/li>\n<li>Formaci\u00f3n en t\u00e9cnicas de dise\u00f1o, gesti\u00f3n de stocks, almacenamiento de un taller, aplicaci\u00f3n de la electricidad en art\u00edculos de vidrio y cualquier otra capacitaci\u00f3n que les proporcione las herramientas para la pedagog\u00eda innovadora en las \u00e1reas de estudios de la Escuela del Vidrio de Honduras.<\/li>\n<li>Que sean capaces de ense\u00f1ar en todas las \u00e1reas de estudios de la Escuela del Vidrio a nivel te\u00f3rico, y a nivel pr\u00e1ctico, en el \u00e1rea de Estudios T\u00e9cnicos del Vidrio<img loading=\"lazy\" decoding=\"async\" class=\"size-medium wp-image-551 alignright\" src=\"https:\/\/www.fundacionveron.org\/wp-content\/uploads\/2016\/10\/IMG-20161019-WA0021-300x169.jpg\" sizes=\"auto, (max-width: 300px) 100vw, 300px\" srcset=\"https:\/\/www.fundacionveron.org\/wp-content\/uploads\/2016\/10\/IMG-20161019-WA0021-300x169.jpg 300w, https:\/\/www.fundacionveron.org\/wp-content\/uploads\/2016\/10\/IMG-20161019-WA0021-768x432.jpg 768w, https:\/\/www.fundacionveron.org\/wp-content\/uploads\/2016\/10\/IMG-20161019-WA0021-1024x576.jpg 1024w, https:\/\/www.fundacionveron.org\/wp-content\/uploads\/2016\/10\/IMG-20161019-WA0021-847x477.jpg 847w, https:\/\/www.fundacionveron.org\/wp-content\/uploads\/2016\/10\/IMG-20161019-WA0021.jpg 1032w\" alt=\"IMG-20161019-WA0021\" width=\"300\" height=\"169\" \/><\/li>\n<li>Apertura de mente, motivaci\u00f3n por el conocimiento, as\u00ed como a la innovaci\u00f3n y la creatividad<\/li>\n<li>Buena gesti\u00f3n de la comunicaci\u00f3n en el aula y la empat\u00eda<\/li>\n<li>Dise\u00f1o de unidades did\u00e1cticas te\u00f3ricas y pr\u00e1cticas, junto con la gesti\u00f3n de recursos<br \/>\nmateriales y financieros para el desarrollo de las clases<\/li>\n<\/ol>\n<\/li>\n<\/ol>\n<ol start=\"2\">\n<li><strong>Presencia y posicionamiento del proyecto Escuela del Vidrio en Espa\u00f1a<\/strong>\n<ol>\n<li>Realizar visitas a instituciones de dise\u00f1o y educativas<\/li>\n<li>Promocionar el proyecto Escuela del Vidrio y darlo a conocer m\u00e1s en Espa\u00f1a<\/li>\n<li>Captaci\u00f3n de socios y futuras colaboraciones<\/li>\n<\/ol>\n<\/li>\n<\/ol>\n<hr \/>\n<table>\n<tbody>\n<tr>\n<td width=\"128\"><strong>\u00a0<\/strong><\/td>\n<td width=\"138\"><strong>Lunes<\/strong><\/td>\n<td width=\"127\"><strong>Martes<\/strong><\/td>\n<td width=\"127\"><strong>Mi\u00e9rcoles<\/strong><\/td>\n<td width=\"131\"><strong>Jueves<\/strong><\/td>\n<td width=\"123\"><strong>Viernes<\/strong><\/td>\n<td width=\"123\"><strong>S\u00e1bado<\/strong><\/td>\n<td width=\"128\"><strong>Domingo<\/strong><\/td>\n<\/tr>\n<tr>\n<td width=\"128\">SEMANA 1<\/td>\n<td rowspan=\"3\" width=\"138\">Dise\u00f1o Aplicado<\/td>\n<td rowspan=\"2\" width=\"127\">Dise\u00f1o Aplicado<\/td>\n<td rowspan=\"2\" width=\"127\">Dise\u00f1o Aplicado<\/td>\n<td width=\"131\">Dise\u00f1o Aplicado<\/td>\n<td width=\"123\">Dise\u00f1o Aplicado<\/td>\n<td rowspan=\"4\" width=\"123\">Ruta por el Pinar de Valsa\u00edn<\/td>\n<td rowspan=\"4\" width=\"128\"><\/td>\n<\/tr>\n<tr>\n<td rowspan=\"2\" width=\"128\">Fundaci\u00f3n centro Nacional del Vidrio<\/td>\n<td width=\"131\">Procesos en Caliente<\/td>\n<td width=\"123\">Procesos en Fr\u00edo<\/td>\n<\/tr>\n<tr>\n<td width=\"127\">Procesos en Caliente<\/td>\n<td width=\"127\">Procesos en Caliente<\/td>\n<td width=\"131\">Procesos en Fr\u00edo<\/td>\n<td width=\"123\">Did\u00e1ctica ETV<\/td>\n<\/tr>\n<tr>\n<td width=\"128\">La Granja, Segovia<\/td>\n<td width=\"138\">Recursos ETV<\/td>\n<td width=\"127\">Recursos ETV<\/td>\n<td width=\"127\">Recursos ETV<\/td>\n<td width=\"131\">Recursos ETV<\/td>\n<td width=\"123\">Recursos ETV<\/td>\n<\/tr>\n<tr>\n<td width=\"128\">SEMANA 2<\/td>\n<td width=\"138\">Procesos en Fr\u00edo<\/td>\n<td width=\"127\">Procesos en Fr\u00edo<\/td>\n<td rowspan=\"2\" width=\"127\">L\u00e1mparas<\/td>\n<td rowspan=\"3\" width=\"131\">Almac\u00e9n<\/td>\n<td rowspan=\"3\" width=\"123\">Almac\u00e9n<\/td>\n<td rowspan=\"5\" width=\"123\">Visita a Pedraza y Tienda de Hada Haro<\/td>\n<td width=\"128\">Viaje a L\u2019Oller\u00eda, Valencia<\/td>\n<\/tr>\n<tr>\n<td rowspan=\"2\" width=\"128\">Fundaci\u00f3n centro Nacional del Vidrio<\/td>\n<td width=\"138\">L\u00e1mparas<\/td>\n<td width=\"127\">L\u00e1mparas<\/td>\n<td width=\"128\">Check in Convento de los Capuchinos<\/td>\n<\/tr>\n<tr>\n<td width=\"138\">Dise\u00f1o Aplicado<\/td>\n<td width=\"127\">Dise\u00f1o Aplicado<\/td>\n<td width=\"127\">Dise\u00f1o Aplicado<\/td>\n<td width=\"128\">El Ravalet (comidas)<\/td>\n<\/tr>\n<tr>\n<td rowspan=\"2\" width=\"128\">La Granja, Segovia<\/td>\n<td width=\"138\">Did\u00e1ctica ETV<\/td>\n<td width=\"127\">Did\u00e1ctica ETV<\/td>\n<td width=\"127\">Did\u00e1ctica ETV<\/td>\n<td width=\"131\">Did\u00e1ctica ETV<\/td>\n<td width=\"123\">Did\u00e1ctica ETV<\/td>\n<td width=\"128\">Paseo a Playa de Gand\u00eda<\/td>\n<\/tr>\n<tr>\n<td width=\"138\">Recursos ETV<\/td>\n<td width=\"127\">Recursos ETV<\/td>\n<td width=\"127\">Recursos ETV<\/td>\n<td width=\"131\">Recursos ETV<\/td>\n<td width=\"123\">Recursos ETV<\/td>\n<td width=\"128\">Visita al Museo del Vidrio y Casa Santonja<\/td>\n<\/tr>\n<tr>\n<td width=\"128\">SEMANA 3<\/td>\n<td width=\"138\">Bienvenida en el Ajuntament de L\u2019Oller\u00eda<\/td>\n<td rowspan=\"3\" width=\"127\">Formaci\u00f3n Vidrio Soplado en Ecoglass<\/td>\n<td width=\"127\">Visita al Convento de los Capuchinos<\/td>\n<td width=\"131\">Visita a Vitrocolor<\/td>\n<td width=\"123\">Visita al Taller de Tallado, Grabado y Decoraci\u00f3n de Vidrio LOGRATA<\/td>\n<td width=\"123\">Formaci\u00f3n Vidrio Soplado en Ecoglass<\/td>\n<td width=\"128\">Viaje a Madrid<\/td>\n<\/tr>\n<tr>\n<td rowspan=\"2\" width=\"128\">Luis Bodas Vidrio Soplado<\/td>\n<td rowspan=\"2\" width=\"138\">Visita a Ecoglass y Presentaci\u00f3n de la Formaci\u00f3n<\/td>\n<td rowspan=\"2\" width=\"127\">Formaci\u00f3n Te\u00f3rica de Vidrio Soplado<\/td>\n<td rowspan=\"2\" width=\"131\">Teor\u00eda de la Construcci\u00f3n de Hornos<\/td>\n<td width=\"123\">Casa Santonja y L\u2019Oller\u00eda con el Historiador Local<\/td>\n<td rowspan=\"2\" width=\"123\">Muestra Final de la Formaci\u00f3n en Ecoglass.\u00a0<em>Presentes el alcalde de la localidad, AFA y Comarcal TV<\/em><\/td>\n<td width=\"128\">Check in Apartamento<\/td>\n<\/tr>\n<tr>\n<td width=\"123\">Formaci\u00f3n Vidrio Soplado en Ecoglass<\/td>\n<td width=\"128\">Comida con Fundaci\u00f3n Ver\u00f3n<\/td>\n<\/tr>\n<tr>\n<td width=\"128\">L\u2019Oller\u00eda, Valencia<\/td>\n<td width=\"138\">Ejercicios evaluativos<\/td>\n<td width=\"127\">Ejercicios evaluativos<\/td>\n<td width=\"127\">Ejercicios evaluativos<\/td>\n<td width=\"131\">Ejercicios evaluativos<\/td>\n<td width=\"123\">Ejercicios evaluativos<\/td>\n<td width=\"123\">Cena de Despedida<\/td>\n<td width=\"128\">Parque de Atracciones<\/td>\n<\/tr>\n<tr>\n<td width=\"128\">SEMANA 4<\/td>\n<td width=\"138\">Reconocimiento y ubicaci\u00f3n \u2013 barrio La Latina<\/td>\n<td width=\"127\">Taller de Electricidad aplicada<\/td>\n<td width=\"127\">Taller de Fomento de la Creatividad y la Proactividad en el Aula con AFART<\/td>\n<td width=\"131\">Tour Estadio Santiago Bernabeu y paseo en el Parque del Retiro (Palacio de Cristal)<\/td>\n<td width=\"123\">Visita al Zoo Aquarium de Madrid<\/td>\n<td width=\"123\">Check Out y desplazamiento al Aeropuerto de Barajas<\/td>\n<td width=\"128\"><\/td>\n<\/tr>\n<tr>\n<td width=\"128\">Fundaci\u00f3n Ver\u00f3n<\/td>\n<td width=\"138\">Museo del Prado<\/td>\n<td width=\"127\">Museo de Ciencias Naturales<\/td>\n<td width=\"127\">Visita al IED Instituto de Dise\u00f1o Europeo de Madrid<\/td>\n<td width=\"131\">Museo Thyssen. Exposici\u00f3n RENOIR<\/td>\n<td width=\"123\">Did\u00e1ctica en el Zoo: Taller de Comunicaci\u00f3n Efectiva con Magia Majara<\/td>\n<td width=\"123\">Vuelo Madrid- San Salvador- San Pedro Sula<\/td>\n<td width=\"128\"><\/td>\n<\/tr>\n<tr>\n<td width=\"128\">Madrid, Madrid<\/td>\n<td width=\"138\">Madrid de los Austrias<\/td>\n<td width=\"127\">Karts<\/td>\n<td width=\"127\">Charla con la dise\u00f1adora Paloma Ca\u00f1izares<\/td>\n<td width=\"131\">Musical El Rey Le\u00f3n (regalo)<\/td>\n<td width=\"123\">Cena de despedida<\/td>\n<td width=\"123\">Llegada a Honduras<\/td>\n<td width=\"128\"><\/td>\n<\/tr>\n<\/tbody>\n<\/table>\n<p><strong>\u00a0<\/strong><\/p>\n<p><strong>COMENTARIO FINAL<\/strong><\/p>\n<p>Los objetivos que nos planteamos al inicio de dise\u00f1ar la Formaci\u00f3n de los Futuros Profesores de la Escuela del Vidrio se han cumplido y se suman las nuevas relaciones obtenidas, gracias a las actividades realizadas en L\u2019Oller\u00eda, Valencia, y en Madrid. Nos queda trabajar m\u00e1s en la captaci\u00f3n de nuevos socios y donantes que apoyen la labor de Fundaci\u00f3n Ver\u00f3n.<\/p>\n<p>Los cuatro j\u00f3venes y la coordinadora de los Estudios T\u00e9cnicos del Vidrio de la Escuela del Vidrio de Honduras est\u00e1n muy satisfechos con la experiencia. Han ampliado sus conocimientos y est\u00e1n m\u00e1s preparados para su labor que cuando llegaron a Espa\u00f1a. Esto va a enriquecer m\u00e1s el proyecto Escuela del Vidrio, d\u00e1ndole calidad al profesorado t\u00e9cnico y te\u00f3rico de la especialidad y a la educaci\u00f3n que se imparta en el futuro. Adem\u00e1s, esta iniciativa permite que cuatro de los exalumnos de la Escuela del Vidrio, cuyo perfil es de escasos recursos, se inicien en el mundo laboral siendo contratados como profesores.<\/p>\n<p><img loading=\"lazy\" decoding=\"async\" class=\"size-medium wp-image-544 alignleft\" src=\"https:\/\/www.fundacionveron.org\/wp-content\/uploads\/2016\/10\/IMG-20161020-WA0010-300x225.jpg\" sizes=\"auto, (max-width: 300px) 100vw, 300px\" srcset=\"https:\/\/www.fundacionveron.org\/wp-content\/uploads\/2016\/10\/IMG-20161020-WA0010-300x225.jpg 300w, https:\/\/www.fundacionveron.org\/wp-content\/uploads\/2016\/10\/IMG-20161020-WA0010-768x576.jpg 768w, https:\/\/www.fundacionveron.org\/wp-content\/uploads\/2016\/10\/IMG-20161020-WA0010-1024x768.jpg 1024w, https:\/\/www.fundacionveron.org\/wp-content\/uploads\/2016\/10\/IMG-20161020-WA0010.jpg 1600w\" alt=\"IMG-20161020-WA0010\" width=\"300\" height=\"225\" \/><\/p>\n<p>El encuentro, en Madrid, con personas que fueron voluntarias anteriormente en la Escuela del Vidrio de Honduras, nos ha hecho ser conscientes de que la comunidad que apoya a la Fundaci\u00f3n Ver\u00f3n y al proyecto va creciendo en Espa\u00f1a. Poco a poco, queremos ser reconocidos y formar parte de la red de organizaciones espa\u00f1olas que trabajamos por la educaci\u00f3n y la integraci\u00f3n social y laboral de j\u00f3venes con pocas oportunidades y\/o de escasos recursos.<\/p>\n<p>Concluyendo, el Programa de Formaci\u00f3n de los Futuros Profesores de la Escuela del Vidrio de Honduras en Espa\u00f1a ha generado nuevas oportunidades y nuevos amigos, ha afianzado la colaboraci\u00f3n de personas y entidades allegadas al proyecto y, cumpliendo con el objetivo principal, ha brindado a la Escuela del Vidrio de un equipo de profesores cualificados.\t\t<\/p>","protected":false},"excerpt":{"rendered":"<p>INTRODUCCI\u00d3N La Formaci\u00f3n para los Futuros Profesores de la Escuela del Vidrio de Honduras es&#8230;<\/p>","protected":false},"author":8,"featured_media":266,"comment_status":"closed","ping_status":"open","sticky":false,"template":"","format":"standard","meta":{"_monsterinsights_skip_tracking":false,"_monsterinsights_sitenote_active":false,"_monsterinsights_sitenote_note":"","_monsterinsights_sitenote_category":0,"_price":"","_stock":"","_tribe_ticket_header":"","_tribe_default_ticket_provider":"","_ticket_start_date":"","_ticket_end_date":"","_tribe_ticket_show_description":"","_tribe_ticket_show_not_going":false,"_tribe_ticket_use_global_stock":"","_tribe_ticket_global_stock_level":"","_global_stock_mode":"","_global_stock_cap":"","_tribe_rsvp_for_event":"","_tribe_ticket_going_count":"","_tribe_ticket_not_going_count":"","_tribe_tickets_list":"[]","_tribe_ticket_has_attendee_info_fields":false,"footnotes":""},"categories":[4],"tags":[37,209,23,25],"class_list":["post-265","post","type-post","status-publish","format-standard","has-post-thumbnail","hentry","category-fundacion-veron-en-espana","tag-espana","tag-formacion-de-formadores","tag-fundacion-veron","tag-honduras"],"wpcf_dashboard":"<div class=\"woocommerce\"><div class=\"woocommerce-info\">Please log in first? <a class=\"wpneoShowLogin\" href=\"#\">Click here to login<\/a><\/div><div class=\"wpneo_login_form_div\" style=\"display: none;\"><form name=\"loginform\" id=\"loginform\" action=\"https:\/\/www.fundacionveron.org\/en\/gestion\/\" method=\"post\"><p class=\"login-username\">\n\t\t\t\t<label for=\"user_login\">Username or Email Address<\/label>\n\t\t\t\t<input type=\"text\" name=\"log\" id=\"user_login\" autocomplete=\"username\" class=\"input\" value=\"\" size=\"20\" \/>\n\t\t\t<\/p><p class=\"login-password\">\n\t\t\t\t<label for=\"user_pass\">Password<\/label>\n\t\t\t\t<input type=\"password\" name=\"pwd\" id=\"user_pass\" autocomplete=\"current-password\" spellcheck=\"false\" class=\"input\" value=\"\" size=\"20\" \/>\n\t\t\t<\/p><p class=\"login-remember\"><label><input name=\"rememberme\" type=\"checkbox\" id=\"rememberme\" value=\"forever\" \/> Remember Me<\/label><\/p><p class=\"login-submit\">\n\t\t\t\t<input type=\"submit\" name=\"wp-submit\" id=\"wp-submit\" class=\"button button-primary\" value=\"Log In\" \/>\n\t\t\t\t<input type=\"hidden\" name=\"redirect_to\" value=\"https:\/\/www.fundacionveron.org\/en\/wp-json\/wp\/v2\/posts\/265\" \/>\n\t\t\t<\/p><\/form><\/div><\/div>","_links":{"self":[{"href":"https:\/\/www.fundacionveron.org\/en\/wp-json\/wp\/v2\/posts\/265","targetHints":{"allow":["GET"]}}],"collection":[{"href":"https:\/\/www.fundacionveron.org\/en\/wp-json\/wp\/v2\/posts"}],"about":[{"href":"https:\/\/www.fundacionveron.org\/en\/wp-json\/wp\/v2\/types\/post"}],"author":[{"embeddable":true,"href":"https:\/\/www.fundacionveron.org\/en\/wp-json\/wp\/v2\/users\/8"}],"replies":[{"embeddable":true,"href":"https:\/\/www.fundacionveron.org\/en\/wp-json\/wp\/v2\/comments?post=265"}],"version-history":[{"count":0,"href":"https:\/\/www.fundacionveron.org\/en\/wp-json\/wp\/v2\/posts\/265\/revisions"}],"wp:featuredmedia":[{"embeddable":true,"href":"https:\/\/www.fundacionveron.org\/en\/wp-json\/wp\/v2\/media\/266"}],"wp:attachment":[{"href":"https:\/\/www.fundacionveron.org\/en\/wp-json\/wp\/v2\/media?parent=265"}],"wp:term":[{"taxonomy":"category","embeddable":true,"href":"https:\/\/www.fundacionveron.org\/en\/wp-json\/wp\/v2\/categories?post=265"},{"taxonomy":"post_tag","embeddable":true,"href":"https:\/\/www.fundacionveron.org\/en\/wp-json\/wp\/v2\/tags?post=265"}],"curies":[{"name":"wp","href":"https:\/\/api.w.org\/{rel}","templated":true}]}}