{"id":2208,"date":"2018-06-13T10:03:38","date_gmt":"2018-06-13T08:03:38","guid":{"rendered":"http:\/\/www.escueladelvidrio.org\/?p=2208"},"modified":"2023-01-20T11:44:29","modified_gmt":"2023-01-20T09:44:29","slug":"muchomasquemayo","status":"publish","type":"post","link":"https:\/\/www.fundacionveron.org\/en\/muchomasquemayo\/","title":{"rendered":"Mucho m\u00e1s que Mayo"},"content":{"rendered":"<p style=\"text-align: justify;\">Cargado de experiencias y emociones estuvo el mes de mayo, mes de las madres en nuestro pa\u00eds.<\/p>\n<p style=\"text-align: justify;\">Iniciando el mes, la Licda Martha Ortiz comparti\u00f3 sus conocimientos con los j\u00f3venes de 7mo grado; se habl\u00f3 sobre el Bullying, un tema de mucha importancia ya que respetarnos unos a otros es<br \/>\nesencial en este hermoso proyecto. La experiencia fue productiva, ya que cada quien tuvo la oportunidad de hablar y entender este tema, y sobretodo de c\u00f3mo actuar ante una situaci\u00f3n como esa.<\/p>\n<p style=\"text-align: justify;\">Luego los j\u00f3venes de 8vo grado tuvieron la oportunidad de recibir unas charla con el Lcdo. Jos\u00e9 Luis Henr\u00edquez (Director del Departamento de Orientaci\u00f3n de la Escuela del Vidrio). El tema que se trato fue de Liderazgo. Fue bueno saber que en dicha reuni\u00f3n la mayor\u00eda de ellos tienen muchas cualidades para ser un buen l\u00edder seg\u00fan un test que se realiz\u00f3. Es bueno saber que este es uno de los grupos m\u00e1s peque\u00f1os en edad, pero con una gran cantidad de virtudes y valores.<\/p>\n<p style=\"text-align: justify;\">\nDesde la ciudad de San Pedro Sula un equipo del IHADFA nos visit\u00f3 y brind\u00f3 una charla a todos los estudiantes con el tema de Prevenci\u00f3n de Drogas y Alcohol. Los expertos en este tema<br \/>\nconcientizaron mucho a nuestros j\u00f3venes en este tema que acecha a muchas familias y que hay que estar conscientes de que ese mundo no deja nada productivo. Terminaron invitando a todos si en alg\u00fan momento necesitaran de ayuda profesional para ellos o alg\u00fan familiar, en c\u00f3mo tratar alg\u00fan tipo de adicci\u00f3n.<\/p>\n<p style=\"text-align: justify;\">\nNoveno grado tuvo tambi\u00e9n la visita de la Lcda. Martha Ortiz, quien imparti\u00f3 un bonito tema y de mucha importancia como lo es la \u00c9tica. Con los cursos SIET La Lcda. Sara Ch\u00e1vez tuvo la<br \/>\noportunidad de brindar el tema Tolerancia a la Frustraci\u00f3n a los j\u00f3venes de primero de Vidrio y Cocina. Asimismo la Fundaci\u00f3n FE Y ALEGR\u00cdA de Honduras, quienes nos asisten con los cursos SIET, evalu\u00f3 el curso anterior con muy buenos resultados.<\/p>\n<p style=\"text-align: justify;\">\nSe termin\u00f3 la primera etapa de los cursos sabatinos de ingl\u00e9s y de computaci\u00f3n, gracias a las voluntarias Alejandra y Milgian.<\/p>\n<p style=\"text-align: justify;\">Igualmente seguimos con nuestra acci\u00f3n para la comunidad: El Programa de Alfabetizaci\u00f3n TES 2018, donde los j\u00f3venes de la escuela ayudan a los mayores de la comunidad para aprender a leer y escribir. Este programa continua dando frutos.<\/p>\n<p style=\"text-align: justify;\">\nQu\u00e9 m\u00e1s sigue\u2026. Luego les cuento lo que paso en junio, saludos.<\/p>\n<p style=\"text-align: justify;\">Jos\u00e9 Luis Henr\u00edquez<\/p>","protected":false},"excerpt":{"rendered":"<p>Cargado de experiencias y emociones estuvo el mes de mayo, mes de las madres en&#8230;<\/p>","protected":false},"author":8,"featured_media":2209,"comment_status":"closed","ping_status":"open","sticky":false,"template":"","format":"standard","meta":{"_monsterinsights_skip_tracking":false,"_monsterinsights_sitenote_active":false,"_monsterinsights_sitenote_note":"","_monsterinsights_sitenote_category":0,"_price":"","_stock":"","_tribe_ticket_header":"","_tribe_default_ticket_provider":"","_ticket_start_date":"","_ticket_end_date":"","_tribe_ticket_show_description":"","_tribe_ticket_show_not_going":false,"_tribe_ticket_use_global_stock":"","_tribe_ticket_global_stock_level":"","_global_stock_mode":"","_global_stock_cap":"","_tribe_rsvp_for_event":"","_tribe_ticket_going_count":"","_tribe_ticket_not_going_count":"","_tribe_tickets_list":"[]","_tribe_ticket_has_attendee_info_fields":false,"footnotes":""},"categories":[374,421],"tags":[387,397,388,25,399,389],"class_list":["post-2208","post","type-post","status-publish","format-standard","has-post-thumbnail","hentry","category-blog","category-escuela-de-vidrio","tag-actividades","tag-alfabetizacion","tag-charlas-educativas","tag-honduras","tag-mayo","tag-orientacion"],"wpcf_dashboard":"<div class=\"woocommerce\"><div class=\"woocommerce-info\">Please log in first? <a class=\"wpneoShowLogin\" href=\"#\">Click here to login<\/a><\/div><div class=\"wpneo_login_form_div\" style=\"display: none;\"><form name=\"loginform\" id=\"loginform\" action=\"https:\/\/www.fundacionveron.org\/en\/gestion\/\" method=\"post\"><p class=\"login-username\">\n\t\t\t\t<label for=\"user_login\">Username or Email Address<\/label>\n\t\t\t\t<input type=\"text\" name=\"log\" id=\"user_login\" autocomplete=\"username\" class=\"input\" value=\"\" size=\"20\" \/>\n\t\t\t<\/p><p class=\"login-password\">\n\t\t\t\t<label for=\"user_pass\">Password<\/label>\n\t\t\t\t<input type=\"password\" name=\"pwd\" id=\"user_pass\" autocomplete=\"current-password\" spellcheck=\"false\" class=\"input\" value=\"\" size=\"20\" \/>\n\t\t\t<\/p><p class=\"login-remember\"><label><input name=\"rememberme\" type=\"checkbox\" id=\"rememberme\" value=\"forever\" \/> Remember Me<\/label><\/p><p class=\"login-submit\">\n\t\t\t\t<input type=\"submit\" name=\"wp-submit\" id=\"wp-submit\" class=\"button button-primary\" value=\"Log In\" \/>\n\t\t\t\t<input type=\"hidden\" name=\"redirect_to\" value=\"https:\/\/www.fundacionveron.org\/en\/wp-json\/wp\/v2\/posts\/2208\" \/>\n\t\t\t<\/p><\/form><\/div><\/div>","_links":{"self":[{"href":"https:\/\/www.fundacionveron.org\/en\/wp-json\/wp\/v2\/posts\/2208","targetHints":{"allow":["GET"]}}],"collection":[{"href":"https:\/\/www.fundacionveron.org\/en\/wp-json\/wp\/v2\/posts"}],"about":[{"href":"https:\/\/www.fundacionveron.org\/en\/wp-json\/wp\/v2\/types\/post"}],"author":[{"embeddable":true,"href":"https:\/\/www.fundacionveron.org\/en\/wp-json\/wp\/v2\/users\/8"}],"replies":[{"embeddable":true,"href":"https:\/\/www.fundacionveron.org\/en\/wp-json\/wp\/v2\/comments?post=2208"}],"version-history":[{"count":0,"href":"https:\/\/www.fundacionveron.org\/en\/wp-json\/wp\/v2\/posts\/2208\/revisions"}],"wp:featuredmedia":[{"embeddable":true,"href":"https:\/\/www.fundacionveron.org\/en\/wp-json\/"}],"wp:attachment":[{"href":"https:\/\/www.fundacionveron.org\/en\/wp-json\/wp\/v2\/media?parent=2208"}],"wp:term":[{"taxonomy":"category","embeddable":true,"href":"https:\/\/www.fundacionveron.org\/en\/wp-json\/wp\/v2\/categories?post=2208"},{"taxonomy":"post_tag","embeddable":true,"href":"https:\/\/www.fundacionveron.org\/en\/wp-json\/wp\/v2\/tags?post=2208"}],"curies":[{"name":"wp","href":"https:\/\/api.w.org\/{rel}","templated":true}]}}