{"id":2194,"date":"2018-06-13T09:53:27","date_gmt":"2018-06-13T09:53:27","guid":{"rendered":"http:\/\/www.escueladelvidrio.org\/?p=2194"},"modified":"2023-01-20T11:44:29","modified_gmt":"2023-01-20T09:44:29","slug":"mayo2018","status":"publish","type":"post","link":"https:\/\/www.fundacionveron.org\/en\/mayo2018\/","title":{"rendered":"Mayo en la Escuela del Vidrio"},"content":{"rendered":"<p style=\"text-align: justify;\">Continuamos con las actividades educativas en la Escuela del Vidrio, este mes de mayo no fue la excepci\u00f3n, los alumnos han mostrado mucho inter\u00e9s y participaci\u00f3n en cada una de las actividades que se llevaron a cabo, as\u00ed como al momento de recibir sus respectivas clases te\u00f3ricas y pr\u00e1cticas.<\/p>\n<p style=\"text-align: justify;\">Dentro de las actividades en el \u00e1rea de Cocina y Turismo los estudiantes de 3\u00b0 hicieron pr\u00e1cticas de habitaciones para la clase de Gesti\u00f3n de Alojamiento. Tambi\u00e9n los dem\u00e1s estudiantes de cocina han realizado diferentes practicas gastron\u00f3micas enriqueciendo aun m\u00e1s sus conocimientos en la preparaci\u00f3n de ricos platillos.<\/p>\n<p style=\"text-align: justify;\">Por su parte los alumnos de los Estudios T\u00e9cnicos del Vidrio contin\u00faan con llamativas pr\u00e1cticas; como ejemplo de una de esas pr\u00e1cticas son los collares de cuenta Moretti y los collares y llaveros Atrapasue\u00f1os\u00a0 combinado con cuentas de Vidrio, elaborados por alumnos de primer curso.<\/p>\n<p style=\"text-align: justify;\"><a href=\"http:\/\/www.escueladelvidrio.org\/wp-content\/uploads\/2018\/06\/32729604_1275433039255856_5509119589545410560_n.jpg\"><img loading=\"lazy\" decoding=\"async\" class=\"alignnone size-medium wp-image-2196\" src=\"http:\/\/www.escueladelvidrio.org\/wp-content\/uploads\/2018\/06\/32729604_1275433039255856_5509119589545410560_n-225x300.jpg\" alt=\"\" width=\"225\" height=\"300\" \/><\/a>\u00a0<a href=\"http:\/\/www.escueladelvidrio.org\/wp-content\/uploads\/2018\/06\/IMG-20180504-WA0053.jpg\"><img loading=\"lazy\" decoding=\"async\" class=\"alignnone size-medium wp-image-2200\" src=\"http:\/\/www.escueladelvidrio.org\/wp-content\/uploads\/2018\/06\/IMG-20180504-WA0053-169x300.jpg\" alt=\"\" width=\"169\" height=\"300\" \/><\/a>\u00a0<a href=\"http:\/\/www.escueladelvidrio.org\/wp-content\/uploads\/2018\/06\/IMG-20180504-WA0012.jpg\"><img loading=\"lazy\" decoding=\"async\" class=\"alignnone size-medium wp-image-2199\" src=\"http:\/\/www.escueladelvidrio.org\/wp-content\/uploads\/2018\/06\/IMG-20180504-WA0012-225x300.jpg\" alt=\"\" width=\"225\" height=\"300\" \/><\/a>\u00a0<a href=\"http:\/\/www.escueladelvidrio.org\/wp-content\/uploads\/2018\/06\/33788866_1282683111864182_2215710715325448192_n.jpg\"><img loading=\"lazy\" decoding=\"async\" class=\"alignnone size-medium wp-image-2197\" src=\"http:\/\/www.escueladelvidrio.org\/wp-content\/uploads\/2018\/06\/33788866_1282683111864182_2215710715325448192_n-300x225.jpg\" alt=\"\" width=\"300\" height=\"225\" \/><\/a><\/p>\n<p style=\"text-align: justify;\">Este mes tambi\u00e9n nos visit\u00f3 la responsable acad\u00e9mica de la Real F\u00e1brica de Cristales de La Granja, la Licda. Concepci\u00f3n Ju\u00e1rez, para instruir y supervisar las actividades realizadas en los talleres de Vidrio.<\/p>\n<p style=\"text-align: justify;\"><a href=\"http:\/\/www.escueladelvidrio.org\/wp-content\/uploads\/2018\/06\/33812846_1282682038530956_8945457124176035840_n.jpg\"><img loading=\"lazy\" decoding=\"async\" class=\"size-medium wp-image-2198 alignleft\" src=\"http:\/\/www.escueladelvidrio.org\/wp-content\/uploads\/2018\/06\/33812846_1282682038530956_8945457124176035840_n-225x300.jpg\" alt=\"\" width=\"225\" height=\"300\" \/><\/a><\/p>\n<p style=\"text-align: justify;\"><a href=\"http:\/\/www.escueladelvidrio.org\/wp-content\/uploads\/2018\/06\/32936118_1277058439093316_6522526288496820224_n.jpg\"><img loading=\"lazy\" decoding=\"async\" class=\"size-medium wp-image-2203 alignright\" src=\"http:\/\/www.escueladelvidrio.org\/wp-content\/uploads\/2018\/06\/32936118_1277058439093316_6522526288496820224_n-169x300.jpg\" alt=\"\" width=\"169\" height=\"300\" \/><\/a><br \/>\nOtras de las actividades que hemos llevado a cabo con nuestros alumnos, que a la vez cursan una educaci\u00f3n formada (s\u00e9ptimo, octavo, noveno, d\u00e9cimo y und\u00e9cimo) son los talleres de alfabetizaci\u00f3n de mayores de la comunidad. Los j\u00f3venes alumnos contin\u00faan impartiendo clases a los se\u00f1ores y se\u00f1oras de nuestra zona, en el Programa de Alfabetizaci\u00f3n TES 2018. Cada s\u00e1bado los chicos de II Bachillerato en Ciencias y Humanidades (und\u00e9cimo) toman tiempo para ir y ense\u00f1ar a los participantes del programa a su vez con esta labor ayudan a que pueda bajar el analfabetismo en Honduras.<\/p>\n<p style=\"text-align: justify;\">Este mes de mayo, adem\u00e1s, se celebra el D\u00eda de la Madre y como era de esperarse la Escuela del Vidrio no pod\u00eda quedarse atr\u00e1s; por lo que celebramos con mucha alegr\u00eda y entusiasmo el D\u00eda de la Madre y Padre. En dicho acto se hicieron diferentes actividades de entretenimiento donde los principales protagonistas fueron los mismos alumnos causando as\u00ed el asombro, alegr\u00eda y orgullo de sus padres.<\/p>","protected":false},"excerpt":{"rendered":"<p>Continuamos con las actividades educativas en la Escuela del Vidrio, este mes de mayo no&#8230;<\/p>","protected":false},"author":8,"featured_media":2195,"comment_status":"closed","ping_status":"open","sticky":false,"template":"","format":"standard","meta":{"_monsterinsights_skip_tracking":false,"_monsterinsights_sitenote_active":false,"_monsterinsights_sitenote_note":"","_monsterinsights_sitenote_category":0,"_price":"","_stock":"","_tribe_ticket_header":"","_tribe_default_ticket_provider":"","_ticket_start_date":"","_ticket_end_date":"","_tribe_ticket_show_description":"","_tribe_ticket_show_not_going":false,"_tribe_ticket_use_global_stock":"","_tribe_ticket_global_stock_level":"","_global_stock_mode":"","_global_stock_cap":"","_tribe_rsvp_for_event":"","_tribe_ticket_going_count":"","_tribe_ticket_not_going_count":"","_tribe_tickets_list":"[]","_tribe_ticket_has_attendee_info_fields":false,"footnotes":""},"categories":[374,421],"tags":[396,24,386,28,25],"class_list":["post-2194","post","type-post","status-publish","format-standard","has-post-thumbnail","hentry","category-blog","category-escuela-de-vidrio","tag-camalote","tag-el-progreso","tag-escuela-de-cocina-y-turismo","tag-escuela-del-vidrio","tag-honduras"],"wpcf_dashboard":"<div class=\"woocommerce\"><div class=\"woocommerce-info\">Please log in first? <a class=\"wpneoShowLogin\" href=\"#\">Click here to login<\/a><\/div><div class=\"wpneo_login_form_div\" style=\"display: none;\"><form name=\"loginform\" id=\"loginform\" action=\"https:\/\/www.fundacionveron.org\/en\/gestion\/\" method=\"post\"><p class=\"login-username\">\n\t\t\t\t<label for=\"user_login\">Username or Email Address<\/label>\n\t\t\t\t<input type=\"text\" name=\"log\" id=\"user_login\" autocomplete=\"username\" class=\"input\" value=\"\" size=\"20\" \/>\n\t\t\t<\/p><p class=\"login-password\">\n\t\t\t\t<label for=\"user_pass\">Password<\/label>\n\t\t\t\t<input type=\"password\" name=\"pwd\" id=\"user_pass\" autocomplete=\"current-password\" spellcheck=\"false\" class=\"input\" value=\"\" size=\"20\" \/>\n\t\t\t<\/p><p class=\"login-remember\"><label><input name=\"rememberme\" type=\"checkbox\" id=\"rememberme\" value=\"forever\" \/> Remember Me<\/label><\/p><p class=\"login-submit\">\n\t\t\t\t<input type=\"submit\" name=\"wp-submit\" id=\"wp-submit\" class=\"button button-primary\" value=\"Log In\" \/>\n\t\t\t\t<input type=\"hidden\" name=\"redirect_to\" value=\"https:\/\/www.fundacionveron.org\/en\/wp-json\/wp\/v2\/posts\/2194\" \/>\n\t\t\t<\/p><\/form><\/div><\/div>","_links":{"self":[{"href":"https:\/\/www.fundacionveron.org\/en\/wp-json\/wp\/v2\/posts\/2194","targetHints":{"allow":["GET"]}}],"collection":[{"href":"https:\/\/www.fundacionveron.org\/en\/wp-json\/wp\/v2\/posts"}],"about":[{"href":"https:\/\/www.fundacionveron.org\/en\/wp-json\/wp\/v2\/types\/post"}],"author":[{"embeddable":true,"href":"https:\/\/www.fundacionveron.org\/en\/wp-json\/wp\/v2\/users\/8"}],"replies":[{"embeddable":true,"href":"https:\/\/www.fundacionveron.org\/en\/wp-json\/wp\/v2\/comments?post=2194"}],"version-history":[{"count":0,"href":"https:\/\/www.fundacionveron.org\/en\/wp-json\/wp\/v2\/posts\/2194\/revisions"}],"wp:featuredmedia":[{"embeddable":true,"href":"https:\/\/www.fundacionveron.org\/en\/wp-json\/"}],"wp:attachment":[{"href":"https:\/\/www.fundacionveron.org\/en\/wp-json\/wp\/v2\/media?parent=2194"}],"wp:term":[{"taxonomy":"category","embeddable":true,"href":"https:\/\/www.fundacionveron.org\/en\/wp-json\/wp\/v2\/categories?post=2194"},{"taxonomy":"post_tag","embeddable":true,"href":"https:\/\/www.fundacionveron.org\/en\/wp-json\/wp\/v2\/tags?post=2194"}],"curies":[{"name":"wp","href":"https:\/\/api.w.org\/{rel}","templated":true}]}}