{"id":2157,"date":"2018-03-07T09:23:02","date_gmt":"2018-03-07T07:23:02","guid":{"rendered":"http:\/\/www.escueladelvidrio.org\/?p=2157"},"modified":"2023-01-20T11:44:30","modified_gmt":"2023-01-20T09:44:30","slug":"actividadesfebrero2018","status":"publish","type":"post","link":"https:\/\/www.fundacionveron.org\/en\/actividadesfebrero2018\/","title":{"rendered":"Actvidades que enriquecen"},"content":{"rendered":"<p style=\"text-align: justify;\"><span style=\"font-weight: 400;\">Iniciamos este 2018 con mucha energ\u00eda y deseos de continuar con esta bonita historia. Nuestra escuela tiene <strong>32 nuevos integrantes<\/strong> y ya est\u00e1n dando muchas muestras de querer ser triunfadores.<\/span><\/p>\n<p style=\"text-align: justify;\"><span style=\"font-weight: 400;\">Inauguramos las clases con todos nuestros estudiantes, padres de familia y nuestro equipo de trabajo con una reuni\u00f3n muy activa donde todos empezamos a conocernos, y finalizamos con la entrega de \u00fatiles y material escolar de nuestros estudiantes.<\/span><\/p>\n<p style=\"text-align: justify;\"><span style=\"font-weight: 400;\"> Celebramos de una manera especial el 14 de febrero, compartiendo galletas elaboradas por los estudiantes de Cocina y Turismo. El\u00a0personal docente tuvo un intercambio de regalos, que aqu\u00ed le decimos \u00abcuchumbo\u00bb. Tambi\u00e9n el equipo de trabajo recibi\u00f3 su primera capacitaci\u00f3n de formaci\u00f3n docente con el tema \u201cEnse\u00f1anza por proyectos\u201d Impartida por el Lic. Oscar Izcoa.<\/span><\/p>\n<p style=\"text-align: justify;\"><span style=\"font-weight: 400;\">Junto con la directora de nuestro centro educativo y este departamento se realizaron reuniones con dos fundaciones para planificar las fechas del P<strong>rograma SIET<\/strong>, que Fe y Alegr\u00eda colabora con nosotros, y tambi\u00e9n con la \u00a0ayuda de OYE planificamos una serie de<strong> talleres para fomentar el liderazgo<\/strong> con un grupo de nuestros estudiantes.\u00a0<\/span>Est\u00e1 conformado un grupo de 12 l\u00edderes los cuales reciben talleres todos los martes de este mes, y tambi\u00e9n en marzo y parte de abril. El objetivo es luego formar grupos juveniles, dentro y fuera de la comunidad. Por su parte, los j\u00f3venes de \u00faltimo a\u00f1o est\u00e1n recibiendo cursos de <strong>ingl\u00e9s e inform\u00e1tica los s\u00e1bados por la ma\u00f1ana<\/strong>, gracias a la colaboraci\u00f3n de las profesoras Milgian Garc\u00eda y Alejandra Dubon;\u00a0<strong>mil gracias <\/strong>a ellas\u00a0por ser parte de esta historia.<\/p>\n<p style=\"text-align: justify;\"><span style=\"font-weight: 400;\">Con las <strong>charlas de grupo<\/strong>, se tuvo el primer tema destinado a los j\u00f3venes de 7mo grado con el tema \u201cT\u00e9cnicas de Estudio\u201d impartidas por el Lic. Jose Luis Henr\u00edquez, donde se hicieron varios ejercicios para poder aplicar estos conocimientos en su diario vivir como estudiantes.<\/span><\/p>\n<p style=\"text-align: justify;\"><span style=\"font-weight: 400;\">Al final del mes se convoc\u00f3 a los Padres de Familia al primer encuentro del programa <strong>Escuela para Madres y Padres<\/strong> el cual estar\u00e1n recibiendo durante todo el a\u00f1o. La asistencia fue casi el 100% y tuvimos la gran colaboraci\u00f3n del Lic. David Antonio Padilla, quien imparti\u00f3 el conversatorio con todo el grupo de asistentes. El tema del que se hablo fue \u201c<strong>Inteligencia Emocional y Autocontrol\u201d<\/strong>.\u00a0<\/span><span style=\"font-weight: 400;\">Fue una tarde entretenida ya que mientras los padres estaban en lo suyo, el equipo docente tambi\u00e9n tuvo su primera reuni\u00f3n para tener una idea de c\u00f3mo van los avances en el proceso educativo, el cual va por buen camino seg\u00fan los testimonios de cada docente. <\/span><\/p>\n<p style=\"text-align: right;\">Jos\u00e9 Luis Henr\u00edquez<\/p>\n<p style=\"text-align: right;\">Departamento de Orientaci\u00f3n<\/p>","protected":false},"excerpt":{"rendered":"<p>Iniciamos este 2018 con mucha energ\u00eda y deseos de continuar con esta bonita historia. Nuestra&#8230;<\/p>","protected":false},"author":8,"featured_media":2158,"comment_status":"closed","ping_status":"open","sticky":false,"template":"","format":"standard","meta":{"_monsterinsights_skip_tracking":false,"_monsterinsights_sitenote_active":false,"_monsterinsights_sitenote_note":"","_monsterinsights_sitenote_category":0,"_price":"","_stock":"","_tribe_ticket_header":"","_tribe_default_ticket_provider":"","_ticket_start_date":"","_ticket_end_date":"","_tribe_ticket_show_description":"","_tribe_ticket_show_not_going":false,"_tribe_ticket_use_global_stock":"","_tribe_ticket_global_stock_level":"","_global_stock_mode":"","_global_stock_cap":"","_tribe_rsvp_for_event":"","_tribe_ticket_going_count":"","_tribe_ticket_not_going_count":"","_tribe_tickets_list":"[]","_tribe_ticket_has_attendee_info_fields":false,"footnotes":""},"categories":[421],"tags":[387,388,197,389,390,391],"class_list":["post-2157","post","type-post","status-publish","format-standard","has-post-thumbnail","hentry","category-escuela-de-vidrio","tag-actividades","tag-charlas-educativas","tag-liderazgo","tag-orientacion","tag-padres-y-madres","tag-talleres"],"wpcf_dashboard":"<div class=\"woocommerce\"><div class=\"woocommerce-info\">Please log in first? <a class=\"wpneoShowLogin\" href=\"#\">Click here to login<\/a><\/div><div class=\"wpneo_login_form_div\" style=\"display: none;\"><form name=\"loginform\" id=\"loginform\" action=\"https:\/\/www.fundacionveron.org\/en\/gestion\/\" method=\"post\"><p class=\"login-username\">\n\t\t\t\t<label for=\"user_login\">Username or Email Address<\/label>\n\t\t\t\t<input type=\"text\" name=\"log\" id=\"user_login\" autocomplete=\"username\" class=\"input\" value=\"\" size=\"20\" \/>\n\t\t\t<\/p><p class=\"login-password\">\n\t\t\t\t<label for=\"user_pass\">Password<\/label>\n\t\t\t\t<input type=\"password\" name=\"pwd\" id=\"user_pass\" autocomplete=\"current-password\" spellcheck=\"false\" class=\"input\" value=\"\" size=\"20\" \/>\n\t\t\t<\/p><p class=\"login-remember\"><label><input name=\"rememberme\" type=\"checkbox\" id=\"rememberme\" value=\"forever\" \/> Remember Me<\/label><\/p><p class=\"login-submit\">\n\t\t\t\t<input type=\"submit\" name=\"wp-submit\" id=\"wp-submit\" class=\"button button-primary\" value=\"Log In\" \/>\n\t\t\t\t<input type=\"hidden\" name=\"redirect_to\" value=\"https:\/\/www.fundacionveron.org\/en\/wp-json\/wp\/v2\/posts\/2157\" \/>\n\t\t\t<\/p><\/form><\/div><\/div>","_links":{"self":[{"href":"https:\/\/www.fundacionveron.org\/en\/wp-json\/wp\/v2\/posts\/2157","targetHints":{"allow":["GET"]}}],"collection":[{"href":"https:\/\/www.fundacionveron.org\/en\/wp-json\/wp\/v2\/posts"}],"about":[{"href":"https:\/\/www.fundacionveron.org\/en\/wp-json\/wp\/v2\/types\/post"}],"author":[{"embeddable":true,"href":"https:\/\/www.fundacionveron.org\/en\/wp-json\/wp\/v2\/users\/8"}],"replies":[{"embeddable":true,"href":"https:\/\/www.fundacionveron.org\/en\/wp-json\/wp\/v2\/comments?post=2157"}],"version-history":[{"count":0,"href":"https:\/\/www.fundacionveron.org\/en\/wp-json\/wp\/v2\/posts\/2157\/revisions"}],"wp:featuredmedia":[{"embeddable":true,"href":"https:\/\/www.fundacionveron.org\/en\/wp-json\/"}],"wp:attachment":[{"href":"https:\/\/www.fundacionveron.org\/en\/wp-json\/wp\/v2\/media?parent=2157"}],"wp:term":[{"taxonomy":"category","embeddable":true,"href":"https:\/\/www.fundacionveron.org\/en\/wp-json\/wp\/v2\/categories?post=2157"},{"taxonomy":"post_tag","embeddable":true,"href":"https:\/\/www.fundacionveron.org\/en\/wp-json\/wp\/v2\/tags?post=2157"}],"curies":[{"name":"wp","href":"https:\/\/api.w.org\/{rel}","templated":true}]}}