{"id":2124,"date":"2017-12-07T08:51:11","date_gmt":"2017-12-07T08:51:11","guid":{"rendered":"http:\/\/www.escueladelvidrio.org\/?p=2124"},"modified":"2023-08-28T12:16:42","modified_gmt":"2023-08-28T10:16:42","slug":"noviembre2017","status":"publish","type":"post","link":"https:\/\/www.fundacionveron.org\/en\/noviembre2017\/","title":{"rendered":"Noviembre en la Escuela del Vidrio"},"content":{"rendered":"<p style=\"text-align: justify;\">Este mes de noviembre se realizaron los <strong>ex\u00e1menes finales<\/strong> en la escuela, la mayor\u00eda de los alumnos se esforzaron mucho por sobresalir en sus calificaciones, dicha calificaciones fueron entregadas durante un programa de cierre de a\u00f1o lectivo en las Instalaciones de la Escuela del Vidrio.<\/p>\n<p style=\"text-align: justify;\">Entre las actividades que desarrollaron los alumnos durante este mes de noviembre, en conjunto con los compa\u00f1eros docentes, est\u00e1n;<\/p>\n<ul style=\"text-align: justify;\">\n<li>Semana de repaso del 13 al 15 de noviembre para los estudiantes que reprobaron alguna de sus clases.<\/li>\n<li>Recuperaci\u00f3n del 20 al 22 de noviembre.<\/li>\n<li>Pr\u00e1cticas de graduaci\u00f3n 20 y 21 los estudiantes de 3 de vidrio.<\/li>\n<li>El d\u00eda 23 de noviembre los estudiantes se presentaron a un almuerzo de acci\u00f3n de gracia de 12:00 am a 1:00 pm.<\/li>\n<li>Visita y capacitaci\u00f3n al hotel intercontinental el d\u00eda 15 de noviembre a los estudiantes de 2\u00aa de gastronom\u00eda.<\/li>\n<li>Capacitaci\u00f3n de programas de dise\u00f1o, semana del 20 al 24 de noviembre, los estudiantes de 3 de vidrio.<\/li>\n<li>Graduaci\u00f3n 2017 &#8212; el d\u00eda 29 de noviembre<\/li>\n<li>Entrega de calificaciones el d\u00eda 30 de noviembre a las 2:40 pm.<\/li>\n<\/ul>\n<p style=\"text-align: justify;\">Una de las principales actividades que se destaca, es la Graduaci\u00f3n de 11 alumnos de los Estudios T\u00e9cnicos del Vidrio, los cuales con mucha alegr\u00eda, satisfacci\u00f3n y gratitud se hicieron presente junto con sus respectivos padres a la gran celebraci\u00f3n, siendo el padrino de graduaci\u00f3n el Lic. Marvin Canales \u2013Director acad\u00e9mico del centro t\u00e9cnico Loyola. Adem\u00e1s de los padres de los graduandos tambi\u00e9n nos acompa\u00f1aron algunos invitados especiales y personal docente. La certificaci\u00f3n que reciben estos j\u00f3venes para entrega la Fundaci\u00f3n de Sector P\u00fablico Centro Nacional del Vidrio de la Real F\u00e1brica de Cristales de La Granja, Segovia, Espa\u00f1a. Esta instituci\u00f3n viene trabajando con la Escuela del Vidrio desde sus inicios y desde aqu\u00ed les damos las gracias.<\/p>\n<p style=\"text-align: justify;\"><a href=\"http:\/\/www.escueladelvidrio.org\/wp-content\/uploads\/2017\/12\/graduados-2017.jpg\"><img loading=\"lazy\" decoding=\"async\" class=\"alignnone size-medium wp-image-2137\" src=\"http:\/\/www.escueladelvidrio.org\/wp-content\/uploads\/2017\/12\/graduados-2017-300x200.jpg\" alt=\"\" width=\"300\" height=\"200\" \/><\/a>\u00a0<a href=\"http:\/\/www.escueladelvidrio.org\/wp-content\/uploads\/2017\/12\/graduacion-todos.jpg\"><img loading=\"lazy\" decoding=\"async\" class=\"alignnone size-medium wp-image-2136\" src=\"http:\/\/www.escueladelvidrio.org\/wp-content\/uploads\/2017\/12\/graduacion-todos-300x200.jpg\" alt=\"\" width=\"300\" height=\"200\" \/><\/a>\u00a0<a href=\"http:\/\/www.escueladelvidrio.org\/wp-content\/uploads\/2017\/12\/graduacion-mesa-2017.jpg\"><img loading=\"lazy\" decoding=\"async\" class=\"alignnone size-medium wp-image-2135\" src=\"http:\/\/www.escueladelvidrio.org\/wp-content\/uploads\/2017\/12\/graduacion-mesa-2017-300x200.jpg\" alt=\"\" width=\"300\" height=\"200\" \/><\/a><\/p>\n<p style=\"text-align: justify;\">\n<p style=\"text-align: justify;\">A partir de la segunda semana de noviembre se comenz\u00f3 con la <strong>pre-matr\u00edcula para el a\u00f1o 2018<\/strong>. Asimismo, ya se est\u00e1n realizando las entrevistas socio-econ\u00f3micas a cada uno de los aspirantes a estudiar el pr\u00f3ximo a\u00f1o en la Escuela del Vidrio. Las familias solicitantes de las becas se acercan a la escuela con la documentaci\u00f3n que se precisa y mantienen una conversaci\u00f3n con dos miembros del centro. Esta conversaci\u00f3n tiene una serie de preguntas para conocer la realidad y las dificultades familiares y de los j\u00f3venes, el nivel de estudios de los padres y los j\u00f3venes, condiciones econ\u00f3micas, del hogar etc.\u00a0Tras ello preseleccionamos a los j\u00f3venes que recibir\u00e1n la beca de estudios para entrar en la instituci\u00f3n y se realiza una visita a la casa para finalizar de valorar el apoyo que se les brindar\u00e1.<\/p>\n<p style=\"text-align: justify;\">Aprovechamos y les dejamos <a href=\"http:\/\/www.escueladelvidrio.org\/plazo-de-matricula\/\">AQU\u00cd<\/a> un enlace para que puedan ver los requisitos.<\/p>","protected":false},"excerpt":{"rendered":"<p>Este mes de noviembre se realizaron los ex\u00e1menes finales en la escuela, la mayor\u00eda de&#8230;<\/p>","protected":false},"author":8,"featured_media":2134,"comment_status":"closed","ping_status":"open","sticky":false,"template":"","format":"standard","meta":{"_monsterinsights_skip_tracking":false,"_monsterinsights_sitenote_active":false,"_monsterinsights_sitenote_note":"","_monsterinsights_sitenote_category":0,"_price":"","_stock":"","_tribe_ticket_header":"","_tribe_default_ticket_provider":"","_ticket_start_date":"","_ticket_end_date":"","_tribe_ticket_show_description":"","_tribe_ticket_show_not_going":false,"_tribe_ticket_use_global_stock":"","_tribe_ticket_global_stock_level":"","_global_stock_mode":"","_global_stock_cap":"","_tribe_rsvp_for_event":"","_tribe_ticket_going_count":"","_tribe_ticket_not_going_count":"","_tribe_tickets_list":"[]","_tribe_ticket_has_attendee_info_fields":false,"footnotes":""},"categories":[374,421],"tags":[28,384,25,102],"class_list":["post-2124","post","type-post","status-publish","format-standard","has-post-thumbnail","hentry","category-blog","category-escuela-de-vidrio","tag-escuela-del-vidrio","tag-graduacion","tag-honduras","tag-vidrio"],"wpcf_dashboard":"<div class=\"woocommerce\"><div class=\"woocommerce-info\">Please log in first? <a class=\"wpneoShowLogin\" href=\"#\">Click here to login<\/a><\/div><div class=\"wpneo_login_form_div\" style=\"display: none;\"><form name=\"loginform\" id=\"loginform\" action=\"https:\/\/www.fundacionveron.org\/en\/gestion\/\" method=\"post\"><p class=\"login-username\">\n\t\t\t\t<label for=\"user_login\">Username or Email Address<\/label>\n\t\t\t\t<input type=\"text\" name=\"log\" id=\"user_login\" autocomplete=\"username\" class=\"input\" value=\"\" size=\"20\" \/>\n\t\t\t<\/p><p class=\"login-password\">\n\t\t\t\t<label for=\"user_pass\">Password<\/label>\n\t\t\t\t<input type=\"password\" name=\"pwd\" id=\"user_pass\" autocomplete=\"current-password\" spellcheck=\"false\" class=\"input\" value=\"\" size=\"20\" \/>\n\t\t\t<\/p><p class=\"login-remember\"><label><input name=\"rememberme\" type=\"checkbox\" id=\"rememberme\" value=\"forever\" \/> Remember Me<\/label><\/p><p class=\"login-submit\">\n\t\t\t\t<input type=\"submit\" name=\"wp-submit\" id=\"wp-submit\" class=\"button button-primary\" value=\"Log In\" \/>\n\t\t\t\t<input type=\"hidden\" name=\"redirect_to\" value=\"https:\/\/www.fundacionveron.org\/en\/wp-json\/wp\/v2\/posts\/2124\" \/>\n\t\t\t<\/p><\/form><\/div><\/div>","_links":{"self":[{"href":"https:\/\/www.fundacionveron.org\/en\/wp-json\/wp\/v2\/posts\/2124","targetHints":{"allow":["GET"]}}],"collection":[{"href":"https:\/\/www.fundacionveron.org\/en\/wp-json\/wp\/v2\/posts"}],"about":[{"href":"https:\/\/www.fundacionveron.org\/en\/wp-json\/wp\/v2\/types\/post"}],"author":[{"embeddable":true,"href":"https:\/\/www.fundacionveron.org\/en\/wp-json\/wp\/v2\/users\/8"}],"replies":[{"embeddable":true,"href":"https:\/\/www.fundacionveron.org\/en\/wp-json\/wp\/v2\/comments?post=2124"}],"version-history":[{"count":0,"href":"https:\/\/www.fundacionveron.org\/en\/wp-json\/wp\/v2\/posts\/2124\/revisions"}],"wp:featuredmedia":[{"embeddable":true,"href":"https:\/\/www.fundacionveron.org\/en\/wp-json\/"}],"wp:attachment":[{"href":"https:\/\/www.fundacionveron.org\/en\/wp-json\/wp\/v2\/media?parent=2124"}],"wp:term":[{"taxonomy":"category","embeddable":true,"href":"https:\/\/www.fundacionveron.org\/en\/wp-json\/wp\/v2\/categories?post=2124"},{"taxonomy":"post_tag","embeddable":true,"href":"https:\/\/www.fundacionveron.org\/en\/wp-json\/wp\/v2\/tags?post=2124"}],"curies":[{"name":"wp","href":"https:\/\/api.w.org\/{rel}","templated":true}]}}