{"id":2053,"date":"2017-07-03T07:37:23","date_gmt":"2017-07-03T05:37:23","guid":{"rendered":"http:\/\/www.escueladelvidrio.org\/?p=2053"},"modified":"2023-01-20T11:44:32","modified_gmt":"2023-01-20T09:44:32","slug":"oferta-de-empleo-maestroa-de-ingles","status":"publish","type":"post","link":"https:\/\/www.fundacionveron.org\/en\/oferta-de-empleo-maestroa-de-ingles\/","title":{"rendered":"Oferta de Empleo &#8211; Maestro\/a de Ingl\u00e9s"},"content":{"rendered":"<h3 style=\"text-align: justify;\"><strong>PLAZO DE PRESENTACI\u00d3N: hasta el 5 de julio <\/strong><\/h3>\n<h3 style=\"text-align: justify;\"><strong>Asociaci\u00f3n Amigos de la\u00a0<\/strong><strong>Glass School\u00a0<\/strong><strong>SOLICITA MAESTRO DE INGL\u00c9S<\/strong><\/h3>\n<h3 style=\"text-align: justify;\"><strong>\u00a0REQUISITOS <\/strong><\/h3>\n<ul style=\"text-align: justify;\">\n<li>Licenciatura en Ense\u00f1anza de Ingl\u00e9s o Profesor de Ingl\u00e9s.<\/li>\n<li>Experiencia m\u00ednima 2 a\u00f1os en la ense\u00f1anza del idioma.<\/li>\n<li>Biling\u00fce (espa\u00f1ol e ingl\u00e9s oral y escrito)<\/li>\n<li>Residente en la Ciudad de El Progreso, o comunidades cercanas<\/li>\n<\/ul>\n<h3 style=\"text-align: justify;\"><strong>Conocimientos\u00a0<\/strong><\/h3>\n<ul style=\"text-align: justify;\">\n<li>Manejo de programas b\u00e1sicos de computaci\u00f3n<\/li>\n<li>T\u00e9cnicas de ense\u00f1anza \u2013aprendizaje<\/li>\n<\/ul>\n<h3 style=\"text-align: justify;\"><strong>\u00a0Habilidades y destrezas <\/strong><\/h3>\n<ul style=\"text-align: justify;\">\n<li>Disposici\u00f3n de consulta y dialogo<\/li>\n<li>Experiencia de ense\u00f1anza ingles en ambientes multiculturales<\/li>\n<li>Habilidad para tratar identificar y tratar las necesidades de aprendizaje de los estudiantes<\/li>\n<li>Habilidad para organizar y facilitar talleres y cursos de ingles<\/li>\n<li>Trabajo en equipo<\/li>\n<li>Capacidad para identificar y suspender los prejuicios personales<\/li>\n<li>Facilidad de expresi\u00f3n<\/li>\n<li>Buenas relaciones interpersonales<\/li>\n<li>Motivar e interesar a los estudiantes en el aprendizaje de ingl\u00e9s y generara actitudes positivas hacia su aprendizaje.<\/li>\n<li>Estimular el desarrollo de aptitudes de orden metaling\u00fc\u00edstico\/meta cognitivo y Cognitivo para la adquisici\u00f3n de la nueva lengua, mediante tareas relevantes y con sentido y Cercan\u00eda al alumnado.<\/li>\n<li>Usar t\u00e9cnicas de expresi\u00f3n corporal y de dramatizaci\u00f3n como recursos comunicativos.<\/li>\n<\/ul>\n<h3 style=\"text-align: justify;\"><strong>\u00a0Aptitud Personal <\/strong><\/h3>\n<ul style=\"text-align: justify;\">\n<li>Persona confiable y honesta, con habilidad para tratar con personas de diferentes culturas<\/li>\n<li>Colaboraci\u00f3n y disponibilidad en actividades de la Escuela<\/li>\n<li>Disponibilidad de tiempo para el puesto.<\/li>\n<li>Asume responsabilidad de su propio trabajo y muestra iniciativa para cumplir labores<\/li>\n<li>Sensibilidad respecto de las situaciones de las poblaciones hist\u00f3ricamente discriminadas.<\/li>\n<li>Disposici\u00f3n para colaborar en la elaboraci\u00f3n de proyectos.<\/li>\n<li>Valorar y respetar as\u00ed como promover el respeto a la diversidad.<\/li>\n<li>Proactivo<\/li>\n<li>Din\u00e1mico<\/li>\n<\/ul>\n<h3 style=\"text-align: justify;\"><strong>Responsabilidad General del puesto<\/strong><\/h3>\n<ul style=\"text-align: justify;\">\n<li>Impulsar el aprendizaje del ingles<\/li>\n<li>Ense\u00f1anzas en personas de distintas edades y necesidades educativas<\/li>\n<li>Cumplir con el reglamento de la Escuela<\/li>\n<li>Presentar los cronograma y planificaci\u00f3n de la clase y dem\u00e1s documentos que se le soliciten<\/li>\n<\/ul>\n<h3 style=\"text-align: justify;\"><strong>Responsabilidad Espec\u00edfica<\/strong><\/h3>\n<ul style=\"text-align: justify;\">\n<li>Dise\u00f1ar e implementar m\u00e9todos de ense\u00f1anza del ingl\u00e9s creativos y flexibles que permitan manejar eficientemente la din\u00e1mica de los diferentes niveles de educaci\u00f3n y situaciones personales diversas de los estudiantes<\/li>\n<li>Preparar material y documentaci\u00f3n requerida<\/li>\n<li>Documentar y reportar a la Jefatura de Estudios los avances del aprendizaje de los estudiantes<\/li>\n<li>Entregar reportes evaluativos sobre los alcances y limitaciones en los procesos de aprendizaje<\/li>\n<\/ul>\n<p style=\"text-align: justify;\"><em><strong>LA OFERTA DEL SALARIO FINAL ESTAR\u00c1 BASADA EN LAS VALORACIONES Y EXPERIENCIAS DE LA PERSONA QUE CONCURSA<\/strong><\/em><\/p>\n<p style=\"text-align: left;\">Por favor presente su CV y una carta introductoria explicando su inter\u00e9s en el puesto, y como su experiencia contribuir\u00e1 al desarrollo de los estudiantes en el idioma ingl\u00e9s, informaci\u00f3n de contacto de tres referencias.<\/p>\n<p style=\"text-align: left;\">Sus referencias solo ser\u00e1n contactadas en caso de que usted sea seleccionado como finalista.<\/p>\n<p style=\"text-align: left;\">Su aplicaci\u00f3n deber\u00e1 ser enviada a los correos <strong><a href=\"mailto:presidencia@escueladelvidrio.org,%20direccion@escueladelvidrio.org\">presidencia@escueladelvidrio.org, direccion@escueladelvidrio.org<\/a>, <a href=\"mailto:marketing@escueladelvidrio.org\">marketing@escueladelvidrio.org<\/a><\/strong><\/p>\n<p style=\"text-align: justify;\">Por favor refi\u00e9rase al encabezado (asunto) del correo como: <em><strong>SOLICITUD VACANTE PROFESOR DE INGL\u00c9S <\/strong><\/em><\/p>\n<h3 style=\"text-align: justify;\"><strong>El plazo de presentaci\u00f3n de las solicitudes es hasta el 5 de julio\u00a0 y se contactar\u00e1 a los candidatos el 6 de julio del presente a\u00f1o para selecci\u00f3n.\u00a0 <\/strong><\/h3>\n<p style=\"text-align: justify;\"><strong>\u00a0<a href=\"http:\/\/www.escueladelvidrio.org\/wp-content\/uploads\/2017\/07\/Oferta-de-Empleo.-Maestro-de-ingles.pdf\" target=\"_blank\" rel=\"noopener noreferrer\"><img loading=\"lazy\" decoding=\"async\" class=\"wp-image-2054 alignleft\" src=\"http:\/\/www.escueladelvidrio.org\/wp-content\/uploads\/2017\/07\/jobsicon-300x300.png\" alt=\"\" width=\"172\" height=\"172\" \/><\/a><br \/>\n<\/strong><\/p>\n<p><strong>\u00a0<\/strong><\/p>\n<p><strong>DESCARGAR OFERTA EN PDF<\/strong><\/p>\n<p>&nbsp;<\/p>\n<p>&nbsp;<\/p>","protected":false},"excerpt":{"rendered":"<p>PLAZO DE PRESENTACI\u00d3N: hasta el 5 de julio Asociaci\u00f3n Amigos de la\u00a0Escuela del Vidrio\u00a0SOLICITA MAESTRO&#8230;<\/p>","protected":false},"author":8,"featured_media":2056,"comment_status":"open","ping_status":"open","sticky":false,"template":"","format":"standard","meta":{"_monsterinsights_skip_tracking":false,"_monsterinsights_sitenote_active":false,"_monsterinsights_sitenote_note":"","_monsterinsights_sitenote_category":0,"_price":"","_stock":"","_tribe_ticket_header":"","_tribe_default_ticket_provider":"","_ticket_start_date":"","_ticket_end_date":"","_tribe_ticket_show_description":"","_tribe_ticket_show_not_going":false,"_tribe_ticket_use_global_stock":"","_tribe_ticket_global_stock_level":"","_global_stock_mode":"","_global_stock_cap":"","_tribe_rsvp_for_event":"","_tribe_ticket_going_count":"","_tribe_ticket_not_going_count":"","_tribe_tickets_list":"[]","_tribe_ticket_has_attendee_info_fields":false,"footnotes":""},"categories":[374,421],"tags":[],"class_list":["post-2053","post","type-post","status-publish","format-standard","has-post-thumbnail","hentry","category-blog","category-escuela-de-vidrio"],"wpcf_dashboard":"<div class=\"woocommerce\"><div class=\"woocommerce-info\">Please log in first? <a class=\"wpneoShowLogin\" href=\"#\">Click here to login<\/a><\/div><div class=\"wpneo_login_form_div\" style=\"display: none;\"><form name=\"loginform\" id=\"loginform\" action=\"https:\/\/www.fundacionveron.org\/en\/gestion\/\" method=\"post\"><p class=\"login-username\">\n\t\t\t\t<label for=\"user_login\">Username or Email Address<\/label>\n\t\t\t\t<input type=\"text\" name=\"log\" id=\"user_login\" autocomplete=\"username\" class=\"input\" value=\"\" size=\"20\" \/>\n\t\t\t<\/p><p class=\"login-password\">\n\t\t\t\t<label for=\"user_pass\">Password<\/label>\n\t\t\t\t<input type=\"password\" name=\"pwd\" id=\"user_pass\" autocomplete=\"current-password\" spellcheck=\"false\" class=\"input\" value=\"\" size=\"20\" \/>\n\t\t\t<\/p><p class=\"login-remember\"><label><input name=\"rememberme\" type=\"checkbox\" id=\"rememberme\" value=\"forever\" \/> Remember Me<\/label><\/p><p class=\"login-submit\">\n\t\t\t\t<input type=\"submit\" name=\"wp-submit\" id=\"wp-submit\" class=\"button button-primary\" value=\"Log In\" \/>\n\t\t\t\t<input type=\"hidden\" name=\"redirect_to\" value=\"https:\/\/www.fundacionveron.org\/en\/wp-json\/wp\/v2\/posts\/2053\" \/>\n\t\t\t<\/p><\/form><\/div><\/div>","_links":{"self":[{"href":"https:\/\/www.fundacionveron.org\/en\/wp-json\/wp\/v2\/posts\/2053","targetHints":{"allow":["GET"]}}],"collection":[{"href":"https:\/\/www.fundacionveron.org\/en\/wp-json\/wp\/v2\/posts"}],"about":[{"href":"https:\/\/www.fundacionveron.org\/en\/wp-json\/wp\/v2\/types\/post"}],"author":[{"embeddable":true,"href":"https:\/\/www.fundacionveron.org\/en\/wp-json\/wp\/v2\/users\/8"}],"replies":[{"embeddable":true,"href":"https:\/\/www.fundacionveron.org\/en\/wp-json\/wp\/v2\/comments?post=2053"}],"version-history":[{"count":0,"href":"https:\/\/www.fundacionveron.org\/en\/wp-json\/wp\/v2\/posts\/2053\/revisions"}],"wp:featuredmedia":[{"embeddable":true,"href":"https:\/\/www.fundacionveron.org\/en\/wp-json\/"}],"wp:attachment":[{"href":"https:\/\/www.fundacionveron.org\/en\/wp-json\/wp\/v2\/media?parent=2053"}],"wp:term":[{"taxonomy":"category","embeddable":true,"href":"https:\/\/www.fundacionveron.org\/en\/wp-json\/wp\/v2\/categories?post=2053"},{"taxonomy":"post_tag","embeddable":true,"href":"https:\/\/www.fundacionveron.org\/en\/wp-json\/wp\/v2\/tags?post=2053"}],"curies":[{"name":"wp","href":"https:\/\/api.w.org\/{rel}","templated":true}]}}