{"id":1973,"date":"2017-02-23T14:45:59","date_gmt":"2017-02-23T12:45:59","guid":{"rendered":"https:\/\/www.fundacionveron.org\/?p=715"},"modified":"2022-04-01T12:03:14","modified_gmt":"2022-04-01T10:03:14","slug":"nativodigitalbuscaprofesor-2","status":"publish","type":"post","link":"https:\/\/www.fundacionveron.org\/en\/nativodigitalbuscaprofesor-2\/","title":{"rendered":"&quot;Nativo Digital&quot; busca profesor"},"content":{"rendered":"<p style=\"text-align: justify;\">Los alumnos, hoy, no le ven el sentido a memorizar lo que tienen a golpe de clic en su tel\u00e9fono, en su Tablet.<\/p>\n<p style=\"text-align: justify;\">Los profesores no saben transmitir la importancia de que, aunque efectivamente la lista de los Reyes Godos no tienes por qu\u00e9 saber cantarla, el conocer c\u00f3mo evoluciona la Historia del Pensamiento y su reflejo en el lenguaje, la econom\u00eda, la arquitectura, en definitiva, en el trascurrir de la vida, es absolutamente necesario para entender nuestro mundo actual. No hay presente sin pasado y el futuro depende de nuestro presente, as\u00ed que, \u00bfc\u00f3mo adaptar el sistema educativo para que sea de verdad eficiente? Los avances tecnol\u00f3gicos multiplican su velocidad pero son producto de una evoluci\u00f3n, as\u00ed que, obviamente, es importante saber formular la pregunta, saber d\u00f3nde buscar la respuesta, saber aprovecharse de ella, saber fallar, saber replantear, saber jugar y saber disfrutar.<\/p>\n<p style=\"text-align: justify;\">Quienes son responsables de dise\u00f1ar la pol\u00edtica educativa parece que no acaban de entender las necesidades del alumno de hoy y c\u00f3mo aprovecharse de las enormes posibilidades que la tecnolog\u00eda nos ofrece y, por otro lado, los alumnos prefieren ser autodidactas en aquellas materias que les llaman la atenci\u00f3n porque, si consideran obsoleto lo de hace un a\u00f1o, estudiar algo del siglo pasado, creen que no les servir\u00e1 de nada. Entre unos y otros parece que se han olvidado de que lo importante es SABER PENSAR. El verbo \u201ceducar\u201d etimol\u00f3gicamente significa guiar, conducir desde un camino y sacar desde dentro hacia afuera, no llenar la cabeza de informaci\u00f3n, sino revelar las potencialidades del alumno y, pasados m\u00e1s de 2000 a\u00f1os, \u00e9se deber\u00eda seguir siendo el sentido a aplicar. Da igual la herramienta, da igual la meta, da igual el tiempo, todo pasa por un camino que se recorre y se interpreta hasta llegar a un fin.<\/p>\n<p style=\"text-align: justify;\">Los estudiantes han cambiado radicalmente, ya no son las personas para las que nuestro sistema educativo estaba dise\u00f1ado, sus intelectos trabajan con otros par\u00e1metros, son as\u00ed:<\/p>\n<p style=\"text-align: justify;\"><em>Haz clic en el v\u00eddeo\u00a0y descubre c\u00f3mo ya en el a\u00f1o 2010 los j\u00f3venes ya reclamaban una formaci\u00f3n actualizada, su espontaneidad te har\u00e1 sonre\u00edr adem\u00e1s de reflexionar. *Si necesitas subt\u00edtulos, tras abrir el v\u00eddeo, haz clic en el bot\u00f3n (abajo a la derecha)\u00a0<img loading=\"lazy\" decoding=\"async\" class=\"alignnone wp-image-719\" src=\"https:\/\/www.fundacionveron.org\/wp-content\/uploads\/2017\/02\/iconosubtitulos.jpg\" alt=\"iconosubtitulos\" width=\"35\" height=\"28\" \/><\/em><\/p>\n<p><iframe loading=\"lazy\" title=\"A 12-year-old app developer | Thomas Suarez\" width=\"1060\" height=\"596\" src=\"https:\/\/www.youtube.com\/embed\/Fkd9TWUtFm0?feature=oembed\" frameborder=\"0\" allow=\"accelerometer; autoplay; encrypted-media; gyroscope; picture-in-picture\" allowfullscreen><\/iframe><\/p>\n<p style=\"text-align: justify;\">J\u00f3venes, jovenc\u00edsimos, que de una forma casi natural programan, que se desarrollan jugando con la tecnolog\u00eda porque forma parte de su vida desde que nacieron, que tienen la misma creatividad e imaginaci\u00f3n que las generaciones anteriores pero una forma de entender, de jugar, de comunicar, algo distinta y que, aunque se mueven como pez en el agua en entornos que a la mayor parte de sus profesores les extra\u00f1an, necesitan formarse, ser guiados para madurar, para dar lo mejor de s\u00ed. Es responsabilidad de todos saber motivarles, entender su idiosincrasia. Si sabemos que su atenci\u00f3n se pierde en 20 minutos, que funcionan mejor con conocimientos radiales y no lineales, que responden a los est\u00edmulos simult\u00e1neos a la velocidad de la luz, que aprenden mejor los argumentos de los juegos que las clases magistrales, que les gusta \u201ccrear\u201d sus conocimientos (\u00a1llevan todas las bibliotecas en el Smartphone para poder hacerlo!) y que trabajan en ello de forma colaborativa\u2026 \u00bfpor qu\u00e9 nos empe\u00f1amos en basar la educaci\u00f3n en clases con formato del siglo XIX?\u00a0 \u00bfEs que t\u00fa no te has preguntado alguna vez para qu\u00e9 te han servido las horas que empleaste en aprender a realizar los ejercicios de l\u00edmites matem\u00e1ticos en tu vida real? Por cierto, todav\u00eda no tengo respuesta. Pues eso mismo les pasa a ellos. No son m\u00e1s listos, no son menos ni\u00f1os, simplemente su entorno ha cambiado y son diferentes en su proceso cognitivo, son los nativos digitales y son los futuros responsables de nuestro maltrecho mundo, se merecen tener los MAESTROS adecuados.<\/p>\n<p style=\"text-align: justify;\"><em>En este v\u00eddeo, os aseguro que no os va a aburrir, Juan Garc\u00eda pone los puntos sobre las \u00edes hablando de los nativos digitales, de que la ciencia infusa no funciona ni con ellos, ni con el profesorado. <\/em><\/p>\n<p><iframe loading=\"lazy\" title=\"Educacion y nativos digitales: Juan Garcia at TEDxValencia\" width=\"1060\" height=\"596\" src=\"https:\/\/www.youtube.com\/embed\/4XFpguuH40Q?feature=oembed\" frameborder=\"0\" allow=\"accelerometer; autoplay; encrypted-media; gyroscope; picture-in-picture\" allowfullscreen><\/iframe><\/p>","protected":false},"excerpt":{"rendered":"<p>Los alumnos, hoy, no le ven el sentido a memorizar lo que tienen a golpe&#8230;<\/p>","protected":false},"author":7,"featured_media":718,"comment_status":"closed","ping_status":"open","sticky":false,"template":"","format":"standard","meta":{"_monsterinsights_skip_tracking":false,"_monsterinsights_sitenote_active":false,"_monsterinsights_sitenote_note":"","_monsterinsights_sitenote_category":0,"_price":"","_stock":"","_tribe_ticket_header":"","_tribe_default_ticket_provider":"","_ticket_start_date":"","_ticket_end_date":"","_tribe_ticket_show_description":"","_tribe_ticket_show_not_going":false,"_tribe_ticket_use_global_stock":"","_tribe_ticket_global_stock_level":"","_global_stock_mode":"","_global_stock_cap":"","_tribe_rsvp_for_event":"","_tribe_ticket_going_count":"","_tribe_ticket_not_going_count":"","_tribe_tickets_list":"[]","_tribe_ticket_has_attendee_info_fields":false,"footnotes":""},"categories":[6],"tags":[35,219,328],"class_list":["post-1973","post","type-post","status-publish","format-standard","has-post-thumbnail","hentry","category-educacion-juventud-e-innovacion","tag-innovacion-educativa","tag-nativos-digitales","tag-profesorado"],"wpcf_dashboard":"<div class=\"woocommerce\"><div class=\"woocommerce-info\">Please log in first? <a class=\"wpneoShowLogin\" href=\"#\">Click here to login<\/a><\/div><div class=\"wpneo_login_form_div\" style=\"display: none;\"><form name=\"loginform\" id=\"loginform\" action=\"https:\/\/www.fundacionveron.org\/en\/gestion\/\" method=\"post\"><p class=\"login-username\">\n\t\t\t\t<label for=\"user_login\">Username or Email Address<\/label>\n\t\t\t\t<input type=\"text\" name=\"log\" id=\"user_login\" autocomplete=\"username\" class=\"input\" value=\"\" size=\"20\" \/>\n\t\t\t<\/p><p class=\"login-password\">\n\t\t\t\t<label for=\"user_pass\">Password<\/label>\n\t\t\t\t<input type=\"password\" name=\"pwd\" id=\"user_pass\" autocomplete=\"current-password\" spellcheck=\"false\" class=\"input\" value=\"\" size=\"20\" \/>\n\t\t\t<\/p><p class=\"login-remember\"><label><input name=\"rememberme\" type=\"checkbox\" id=\"rememberme\" value=\"forever\" \/> Remember Me<\/label><\/p><p class=\"login-submit\">\n\t\t\t\t<input type=\"submit\" name=\"wp-submit\" id=\"wp-submit\" class=\"button button-primary\" value=\"Log In\" \/>\n\t\t\t\t<input type=\"hidden\" name=\"redirect_to\" value=\"https:\/\/www.fundacionveron.org\/en\/wp-json\/wp\/v2\/posts\/1973\" \/>\n\t\t\t<\/p><\/form><\/div><\/div>","_links":{"self":[{"href":"https:\/\/www.fundacionveron.org\/en\/wp-json\/wp\/v2\/posts\/1973","targetHints":{"allow":["GET"]}}],"collection":[{"href":"https:\/\/www.fundacionveron.org\/en\/wp-json\/wp\/v2\/posts"}],"about":[{"href":"https:\/\/www.fundacionveron.org\/en\/wp-json\/wp\/v2\/types\/post"}],"author":[{"embeddable":true,"href":"https:\/\/www.fundacionveron.org\/en\/wp-json\/wp\/v2\/users\/7"}],"replies":[{"embeddable":true,"href":"https:\/\/www.fundacionveron.org\/en\/wp-json\/wp\/v2\/comments?post=1973"}],"version-history":[{"count":0,"href":"https:\/\/www.fundacionveron.org\/en\/wp-json\/wp\/v2\/posts\/1973\/revisions"}],"wp:featuredmedia":[{"embeddable":true,"href":"https:\/\/www.fundacionveron.org\/en\/wp-json\/"}],"wp:attachment":[{"href":"https:\/\/www.fundacionveron.org\/en\/wp-json\/wp\/v2\/media?parent=1973"}],"wp:term":[{"taxonomy":"category","embeddable":true,"href":"https:\/\/www.fundacionveron.org\/en\/wp-json\/wp\/v2\/categories?post=1973"},{"taxonomy":"post_tag","embeddable":true,"href":"https:\/\/www.fundacionveron.org\/en\/wp-json\/wp\/v2\/tags?post=1973"}],"curies":[{"name":"wp","href":"https:\/\/api.w.org\/{rel}","templated":true}]}}