{"id":1689,"date":"2017-08-30T23:06:31","date_gmt":"2017-08-30T21:06:31","guid":{"rendered":"http:\/\/prueba.vimojo.co\/?p=277"},"modified":"2023-08-28T13:36:53","modified_gmt":"2023-08-28T11:36:53","slug":"la-aventura-de-donar-cruzando-el-oceano-de-madrid-a-el-progreso","status":"publish","type":"post","link":"https:\/\/www.fundacionveron.org\/en\/la-aventura-de-donar-cruzando-el-oceano-de-madrid-a-el-progreso\/","title":{"rendered":"La aventura de donar cruzando el oc\u00e9ano: de Madrid a El Progreso"},"content":{"rendered":"<p>Alegr\u00eda, Satisfacci\u00f3n, Calor, Color, Responsabilidad, Sensibilidad, Locura, Pasi\u00f3n\u2026 palabras con las que podr\u00edamos definir a todos aquellos que se quedan enganchados como t\u00fa en proyectos capaces de contribuir a mejorar la vida de otros. Ver c\u00f3mo crece d\u00eda a d\u00eda, tener la paciencia de alimentarlo poco a poco (cuando a todos nos gustan las cosas acabadas ayer), son virtudes que reportan felicidad y alguna que otra aventura, la \u00faltima, aqu\u00ed os la contamos.<\/p>\n<p><a href=\"http:\/\/www.escueladelvidrio.org\/\">La Escuela del Vidrio<\/a>\u00a0est\u00e1 creciendo y desde la\u00a0<a href=\"https:\/\/www.fundacionveron.org\/\">Fundaci\u00f3n Ver\u00f3n<\/a>\u00a0se intenta aprovechar cada oportunidad para dotar a las instalaciones con lo mejor. Sinceramente, no es f\u00e1cil y s\u00f3lo gracias a todos, jugando en equipo, se consiguen las metas. En esta ocasi\u00f3n la empresa\u00a0<b>PRODECA\u00a0<\/b>(Proveedores de Centro Am\u00e9rica) nos ofreci\u00f3 compartir un\u00a0<em>container<\/em>\u00a0en un carguero que har\u00eda el trayecto desde Valencia a Puerto Cort\u00e9s (Honduras) y nos pusimos en marcha.<\/p>\n<p>Amigos y colaboradores nos ayudaron a aumentar los fondos de la biblioteca y de las zonas de estudio de la escuela con libros de cocina, especializados en dise\u00f1o, novelas, enciclopedias, cl\u00e1sicos, cuentos \u2026 y dos ordenadores port\u00e1tiles. Fant\u00e1stico porque se enriquec\u00eda el cat\u00e1logo sin limitarnos a s\u00f3lo una especialidad. Por otro lado,\u00a0<a href=\"http:\/\/www.cofedas.com\/index.php\">COFEDAS<\/a>\u00a0(Cooperativa de Ferreteros Asturianos), nos don\u00f3 nada menos que dos pal\u00e9s enteros con material de cocina: sartenes, cacerolas, juegos de cuchillos\u2026 as\u00ed, el \u00e1rea centrada en hosteler\u00eda y turismo, no s\u00f3lo cuenta con un espacio realmente profesional para desarrollarse, sino con todo lo necesario para sacar el mayor provecho. Por \u00faltimo, un socio de la\u00a0<b>Fundaci\u00f3n Nacar<\/b>\u00a0financi\u00f3 el env\u00edo de Material Semi-elaborado de Vidrio para que los alumnos de la escuela pudieran avanzar con nuevos dise\u00f1os, teniendo adem\u00e1s como referencia los cat\u00e1logos que la\u00a0<a href=\"http:\/\/www.realfabricadecristales.es\/es\">Fundaci\u00f3n Centro Nacional del Vidrio de la Granja<\/a>\u00a0tambi\u00e9n les regalaban.<\/p>\n<p><a href=\"https:\/\/www.fundacionveron.org\/wp-content\/uploads\/2017\/05\/libros-vilma.jpg\"><img loading=\"lazy\" decoding=\"async\" class=\"aligncenter size-full wp-image-930\" src=\"https:\/\/www.fundacionveron.org\/wp-content\/uploads\/2017\/05\/libros-vilma.jpg\" sizes=\"auto, (max-width: 960px) 100vw, 960px\" srcset=\"https:\/\/www.fundacionveron.org\/wp-content\/uploads\/2017\/05\/libros-vilma.jpg 960w, https:\/\/www.fundacionveron.org\/wp-content\/uploads\/2017\/05\/libros-vilma-300x225.jpg 300w, https:\/\/www.fundacionveron.org\/wp-content\/uploads\/2017\/05\/libros-vilma-768x576.jpg 768w\" alt=\"libros vilma\" width=\"960\" height=\"720\" \/><\/a><\/p>\n<p>As\u00ed, con el cargamento definido y llenos de ilusi\u00f3n, se iniciaron los tr\u00e1mites necesarios para proceder al env\u00edo. \u00a0Lo cierto es que nunca se hab\u00edan hecho estas gestiones \u00a0y se fue aprendiendo por el camino, porque siempre faltaba un papel o deb\u00eda presentarse con otro formato, te ped\u00edan cosas tan l\u00f3gicas como las fumigaciones de los pal\u00e9s, pero t\u00fa no hab\u00edas visto en la vida un certificado tipo para eso\u2026 necesitabas un ligero conocimiento de las leyes hondure\u00f1as en cuanto a los permisos de entrada de mercanc\u00edas y sus responsabilidades y sus seguros y sus\u2026 vamos peque\u00f1as complicaciones que desde luego no nos iban a parar.<\/p>\n<p>Se inici\u00f3 la traves\u00eda y en menos de un mes el barco llegaba a Puerto Cort\u00e9s en Honduras. Quedaba la segunda etapa, trasladarlo todo hasta la Escuela del Vidrio en El Progreso, en la regi\u00f3n de Yoro, para lo que se utiliz\u00f3 la log\u00edstica organizada por la Asociaci\u00f3n Amigos de la Escuela del Vidrio que se encargaron de los traslados y descarga en Honduras. Al llegar a la Escuela todos colaboraron, alumnos, profesores\u2026 nada mejor que contar con la fuerza y las ganas de los chichos para dar un aire de festividad a una acci\u00f3n con final feliz.<\/p>\n<p><a href=\"https:\/\/www.fundacionveron.org\/wp-content\/uploads\/2017\/05\/FOTOS-AGRUPADAS.jpg\"><img loading=\"lazy\" decoding=\"async\" class=\"aligncenter size-full wp-image-929\" src=\"https:\/\/www.fundacionveron.org\/wp-content\/uploads\/2017\/05\/FOTOS-AGRUPADAS.jpg\" sizes=\"auto, (max-width: 572px) 100vw, 572px\" srcset=\"https:\/\/www.fundacionveron.org\/wp-content\/uploads\/2017\/05\/FOTOS-AGRUPADAS.jpg 572w, https:\/\/www.fundacionveron.org\/wp-content\/uploads\/2017\/05\/FOTOS-AGRUPADAS-300x101.jpg 300w\" alt=\"FOTOS AGRUPADAS\" width=\"572\" height=\"192\" \/><\/a><\/p>","protected":false},"excerpt":{"rendered":"<p>Alegr\u00eda, Satisfacci\u00f3n, Calor, Color, Responsabilidad, Sensibilidad, Locura, Pasi\u00f3n\u2026 palabras con las que podr\u00edamos definir a&#8230;<\/p>","protected":false},"author":7,"featured_media":0,"comment_status":"open","ping_status":"open","sticky":false,"template":"","format":"standard","meta":{"_monsterinsights_skip_tracking":false,"_monsterinsights_sitenote_active":false,"_monsterinsights_sitenote_note":"","_monsterinsights_sitenote_category":0,"_price":"","_stock":"","_tribe_ticket_header":"","_tribe_default_ticket_provider":"","_ticket_start_date":"","_ticket_end_date":"","_tribe_ticket_show_description":"","_tribe_ticket_show_not_going":false,"_tribe_ticket_use_global_stock":"","_tribe_ticket_global_stock_level":"","_global_stock_mode":"","_global_stock_cap":"","_tribe_rsvp_for_event":"","_tribe_ticket_going_count":"","_tribe_ticket_not_going_count":"","_tribe_tickets_list":"[]","_tribe_ticket_has_attendee_info_fields":false,"footnotes":""},"categories":[4],"tags":[205,203,51,204],"class_list":["post-1689","post","type-post","status-publish","format-standard","hentry","category-fundacion-veron-en-espana","tag-barco","tag-contenedor","tag-donacion","tag-mar"],"wpcf_dashboard":"<div class=\"woocommerce\"><div class=\"woocommerce-info\">Please log in first? <a class=\"wpneoShowLogin\" href=\"#\">Click here to login<\/a><\/div><div class=\"wpneo_login_form_div\" style=\"display: none;\"><form name=\"loginform\" id=\"loginform\" action=\"https:\/\/www.fundacionveron.org\/en\/gestion\/\" method=\"post\"><p class=\"login-username\">\n\t\t\t\t<label for=\"user_login\">Username or Email Address<\/label>\n\t\t\t\t<input type=\"text\" name=\"log\" id=\"user_login\" autocomplete=\"username\" class=\"input\" value=\"\" size=\"20\" \/>\n\t\t\t<\/p><p class=\"login-password\">\n\t\t\t\t<label for=\"user_pass\">Password<\/label>\n\t\t\t\t<input type=\"password\" name=\"pwd\" id=\"user_pass\" autocomplete=\"current-password\" spellcheck=\"false\" class=\"input\" value=\"\" size=\"20\" \/>\n\t\t\t<\/p><p class=\"login-remember\"><label><input name=\"rememberme\" type=\"checkbox\" id=\"rememberme\" value=\"forever\" \/> Remember Me<\/label><\/p><p class=\"login-submit\">\n\t\t\t\t<input type=\"submit\" name=\"wp-submit\" id=\"wp-submit\" class=\"button button-primary\" value=\"Log In\" \/>\n\t\t\t\t<input type=\"hidden\" name=\"redirect_to\" value=\"https:\/\/www.fundacionveron.org\/en\/wp-json\/wp\/v2\/posts\/1689\" \/>\n\t\t\t<\/p><\/form><\/div><\/div>","_links":{"self":[{"href":"https:\/\/www.fundacionveron.org\/en\/wp-json\/wp\/v2\/posts\/1689","targetHints":{"allow":["GET"]}}],"collection":[{"href":"https:\/\/www.fundacionveron.org\/en\/wp-json\/wp\/v2\/posts"}],"about":[{"href":"https:\/\/www.fundacionveron.org\/en\/wp-json\/wp\/v2\/types\/post"}],"author":[{"embeddable":true,"href":"https:\/\/www.fundacionveron.org\/en\/wp-json\/wp\/v2\/users\/7"}],"replies":[{"embeddable":true,"href":"https:\/\/www.fundacionveron.org\/en\/wp-json\/wp\/v2\/comments?post=1689"}],"version-history":[{"count":0,"href":"https:\/\/www.fundacionveron.org\/en\/wp-json\/wp\/v2\/posts\/1689\/revisions"}],"wp:attachment":[{"href":"https:\/\/www.fundacionveron.org\/en\/wp-json\/wp\/v2\/media?parent=1689"}],"wp:term":[{"taxonomy":"category","embeddable":true,"href":"https:\/\/www.fundacionveron.org\/en\/wp-json\/wp\/v2\/categories?post=1689"},{"taxonomy":"post_tag","embeddable":true,"href":"https:\/\/www.fundacionveron.org\/en\/wp-json\/wp\/v2\/tags?post=1689"}],"curies":[{"name":"wp","href":"https:\/\/api.w.org\/{rel}","templated":true}]}}