{"id":1539,"date":"2019-02-25T16:15:44","date_gmt":"2019-02-25T14:15:44","guid":{"rendered":"https:\/\/www.fundacionveron.org\/?p=1539"},"modified":"2023-08-28T13:15:00","modified_gmt":"2023-08-28T11:15:00","slug":"impactoescueladelvidriohonduras2019","status":"publish","type":"post","link":"https:\/\/www.fundacionveron.org\/en\/impactoescueladelvidriohonduras2019\/","title":{"rendered":"El Impacto del Proyecto Escuela del Vidrio de Honduras"},"content":{"rendered":"<p style=\"text-align: center;\"><span style=\"font-weight: 400;\">\u201cLa educaci\u00f3n es el arma m\u00e1s poderosa que puedes usar para cambiar el mundo\u201d Es una frase de Nelson Mandela. \u00c9l en su autobiograf\u00eda \u201cLargo camino hacia la libertad\u201d, publicada en 1995, escrib\u00eda: \u201cLa educaci\u00f3n es el gran motor de desarrollo personal. Es a trav\u00e9s de la educaci\u00f3n como la hija de un campesino puede convertirse en un m\u00e9dico, el hijo de un minero puede convertirse en el jefe de la mina, o el hijo de agricultores puede llegar a ser presidente de una gran naci\u00f3n\u201d <\/span><\/p>\n<p style=\"text-align: center;\"><span style=\"font-weight: 400;\">Es dif\u00edcil imaginar hasta qu\u00e9 punto una Escuela puede cambiar la vida de sus alumnos, de sus familias, de su alrededor, cuando est\u00e1 enclavada entre aldeas que ni siquiera aparecen en el mapa, d\u00f3nde el agua potable, la electricidad o las canalizaciones de desag\u00fce, no son lo com\u00fan; \u00a0cuando estudiar exige un esfuerzo adicional porque para avanzar no puedes pedir ayuda a tu alrededor, tu entorno no tuvo la oportunidad de formarse; cuando ni siquiera te has planteado hasta d\u00f3nde puedes llegar, simplemente porque en tu mundo eso es un lujo. <\/span><\/p>\n<p style=\"text-align: center;\"><b>La Escuela del Vidrio y Hosteler\u00eda<\/b><span style=\"font-weight: 400;\"> de Honduras, enclavada en el Porvenir del Norte, en una zona rural, se ha convertido poco a poco en el lugar que consigue que en sus aulas ingresen j\u00f3venes con situaciones dif\u00edciles y se grad\u00faen profesionales que las empresas de la zona reconocen y reclaman, que tras sus estudios puedan optar a la Universidad, o monten con microcr\u00e9ditos sus propios negocios. <\/span><\/p>\n<p style=\"text-align: center;\"><span style=\"font-weight: 400;\">Esta es el crecimiento del alumnado que tiene su efecto domin\u00f3 en toda la comarca y que se va consolidando a\u00f1o a a\u00f1o.<\/span><\/p>\n<p style=\"text-align: center;\"><b><img loading=\"lazy\" decoding=\"async\" class=\"aligncenter size-full wp-image-2127\" src=\"https:\/\/www.fundacionveron.org\/wp-content\/uploads\/2019\/02\/Evoluci\u00f3n-numero-de-alumnos.jpg\" alt=\"\" width=\"502\" height=\"293\" srcset=\"https:\/\/www.fundacionveron.org\/wp-content\/uploads\/2019\/02\/Evoluci\u00f3n-numero-de-alumnos.jpg 502w, https:\/\/www.fundacionveron.org\/wp-content\/uploads\/2019\/02\/Evoluci\u00f3n-numero-de-alumnos-300x175.jpg 300w, https:\/\/www.fundacionveron.org\/wp-content\/uploads\/2019\/02\/Evoluci\u00f3n-numero-de-alumnos-500x293.jpg 500w\" sizes=\"auto, (max-width: 502px) 100vw, 502px\" \/>Las promociones<\/b><span style=\"font-weight: 400;\">: Esta es la evoluci\u00f3n de graduados, quienes deben superar tanto las materias de la ense\u00f1anza reglada como las correspondientes a su especialidad t\u00e9cnica para obtener el t\u00edtulo. En el 2015, a\u00f1o de inauguraci\u00f3n del edificio de La Escuela del Vidrio, construido para poder impartir en el espacio adecuado la formaci\u00f3n t\u00e9cnica, se graduaron dos promociones que hab\u00edan cursado los cursos en otra sede. \u00a0Son ya 64 profesionales!!!<\/span><\/p>\n<p style=\"text-align: center;\"><span style=\"font-weight: 400;\"><img loading=\"lazy\" decoding=\"async\" class=\"aligncenter size-full wp-image-2128\" src=\"https:\/\/www.fundacionveron.org\/wp-content\/uploads\/2019\/02\/Evoluci\u00f3n-graduados.jpg\" alt=\"\" width=\"646\" height=\"334\" srcset=\"https:\/\/www.fundacionveron.org\/wp-content\/uploads\/2019\/02\/Evoluci\u00f3n-graduados.jpg 646w, https:\/\/www.fundacionveron.org\/wp-content\/uploads\/2019\/02\/Evoluci\u00f3n-graduados-600x310.jpg 600w, https:\/\/www.fundacionveron.org\/wp-content\/uploads\/2019\/02\/Evoluci\u00f3n-graduados-300x155.jpg 300w\" sizes=\"auto, (max-width: 646px) 100vw, 646px\" \/>Una vez que el alumno ha finalizado sus estudios t\u00e9cnicos en vidrio, La Escuela ofrece la oportunidad de cursar una especializaci\u00f3n durante dos a\u00f1os m\u00e1s en los que reciben formaci\u00f3n complementaria, tanto para profundizar en algunos procesos de elaboraci\u00f3n como para adquirir orientaci\u00f3n empresarial. El programa del Taller de LAHAT, al igual que el plan educativo de la Escuela del Vidrio, est\u00e1 coordinado por la Real F\u00e1brica de Cristales de La Granja en Espa\u00f1a (FCNV), y complementado con capacitaciones espec\u00edficas nacionales e internacionales. El programa se implant\u00f3 en el 2015.<\/span><\/p>\n<p style=\"text-align: center;\"><span style=\"font-weight: 400;\"><img loading=\"lazy\" decoding=\"async\" class=\"aligncenter size-full wp-image-2125\" src=\"https:\/\/www.fundacionveron.org\/wp-content\/uploads\/2019\/02\/Lahat.jpg\" alt=\"\" width=\"523\" height=\"291\" srcset=\"https:\/\/www.fundacionveron.org\/wp-content\/uploads\/2019\/02\/Lahat.jpg 523w, https:\/\/www.fundacionveron.org\/wp-content\/uploads\/2019\/02\/Lahat-300x167.jpg 300w\" sizes=\"auto, (max-width: 523px) 100vw, 523px\" \/>La Escuela del Vidrio y Hosteler\u00eda no se limita a la formaci\u00f3n de acad\u00e9mica de sus alumnos, sino que es un referente en la comunidad y organiza diversos programas de voluntariado y actividades en beneficio de sus vecinos, entre ellos, la alfabetizaci\u00f3n de adultos y el registro de personas, quienes de otra forma no tendr\u00edan derecho a nada, por ejemplo, son algunos de los m\u00e1s importantes.<\/span><\/p>\n<p style=\"text-align: center;\"><img loading=\"lazy\" decoding=\"async\" class=\"aligncenter size-full wp-image-1545\" src=\"https:\/\/www.fundacionveron.org\/wp-content\/uploads\/2019\/02\/Anillas-Social.jpg\" alt=\"Anillas Social\" width=\"587\" height=\"325\" \/><\/p>\n<p style=\"text-align: center;\"><b>\u00bfY despu\u00e9s?<\/b><span style=\"font-weight: 400;\"> Los alumnos acaban, se grad\u00faan, unos entran a trabajar d\u00f3nde han hecho las pr\u00e1cticas, otros hacen otros dos a\u00f1os de especializaci\u00f3n, otros eligen seguir estudiando y otros han emprendido. Para ellos se busc\u00f3 la forma de que obtuvieran microcr\u00e9ditos o becas con los que empezar proyectos y estudios, as\u00ed han evolucionado:<\/span><\/p>\n<p>&nbsp;<\/p>\n<p><b>David Fernando Herrera<\/b><span style=\"font-weight: 400;\">: <\/span><\/p>\n<p><span style=\"font-weight: 400;\">Cuando se gradu\u00f3, al tiempo que creaba su propia cooperativa, se matricul\u00f3 en la Universidad para estudiar Ingenier\u00eda Agr\u00f3noma, d\u00f3nde est\u00e1 obteniendo unos resultados fant\u00e1sticos. Su cooperativa Afagro, se ha ido consolidando y creciendo incorporando nuevos cultivos y productos.<\/span><\/p>\n<p style=\"text-align: right;\"><b>Franklin Arita<\/b><span style=\"font-weight: 400;\">: <\/span><\/p>\n<p style=\"text-align: right;\"><span style=\"font-weight: 400;\">Tras su graduaci\u00f3n ten\u00eda muy claro que el quer\u00eda regentar su propio negocio, una barber\u00eda. Empez\u00f3 muy poco a poco, poniendo a punto su local, con lo m\u00ednimo, estudiando a su competencia y muy consciente de que trabajando duro y no descuidando ning\u00fan detalle, no podr\u00eda fallar. Hoy ya ha introducido todo tipo de mejoras, para que sus clientes presentes y futuros le sigan haciendo crecer.<\/span><\/p>\n<p><b>Carlos Odair<\/b><span style=\"font-weight: 400;\">: <\/span><\/p>\n<p><span style=\"font-weight: 400;\">Carlos ten\u00eda un sue\u00f1o muy claro, quer\u00eda navegar, as\u00ed que, cuando se gradu\u00f3, solicit\u00f3 una beca para hacer los cursos que le capacitaran profesionalmente para trabajar en cruceros. Cursos que sin completar la formaci\u00f3n reglada hondure\u00f1a, le eran inaccesibles. Hoy lo ha conseguido y est\u00e1 viajando por todo el mundo. \u00a0<\/span><\/p>\n<p style=\"text-align: right;\"><b>El\u00edas Flores: <\/b><\/p>\n<p style=\"text-align: right;\"><span style=\"font-weight: 400;\">Su trayectoria es distinta, m\u00e1s pausada. Cuando El\u00edas se gradu\u00f3 en la especializaci\u00f3n del vidrio, se qued\u00f3 en La Escuela hasta convertirse en profesor. Ha estado a\u00f1os ense\u00f1ando lo que aprendi\u00f3 y m\u00e1s, hasta que decidi\u00f3 que quer\u00eda emprender y, como Franklin, se decidi\u00f3 por una barber\u00eda. All\u00ed toda su creatividad y destreza manual tiene cabida. Todav\u00eda no ha cumplido un a\u00f1o pero le auguramos un \u00e9xito creciente por su tenacidad y su talento.<\/span><\/p>\n<p><b>Gustavo Suazo: <\/b><\/p>\n<p><span style=\"font-weight: 400;\">Gustavo<\/span> <span style=\"font-weight: 400;\">es un profesional de la gastronom\u00eda y se acerc\u00f3 a nosotros porque ten\u00eda un gran proyecto, poner en marcha un Food Truck y no sab\u00eda c\u00f3mo darle forma. Necesitaba financiaci\u00f3n, formaci\u00f3n en emprendimiento y todos los conocimientos en permisos, contabilidad y los mil y un tr\u00e1mites necesarios para no fallar. Gracias a un microcr\u00e9dito de un donante particular y a la formaci\u00f3n y apoyo de un voluntario de Fundaci\u00f3n Ver\u00f3n, hoy su proyecto es una realidad en marcha y se siente confiado y seguro de su futuro.<\/span><\/p>\n<p style=\"text-align: center;\"><strong>Aqu\u00ed est\u00e1n los datos, no todos, pero seguro que ahora entend\u00e9is la alegr\u00eda franca de aquellos que se grad\u00faan y que son la imagen de inicio de este art\u00edculo. Ahora s\u00f3lo queda animaros a contribuir, merece la pena. <\/strong><\/p>","protected":false},"excerpt":{"rendered":"<p>\u201cLa educaci\u00f3n es el arma m\u00e1s poderosa que puedes usar para cambiar el mundo\u201d Es&#8230;<\/p>","protected":false},"author":7,"featured_media":0,"comment_status":"closed","ping_status":"open","sticky":false,"template":"","format":"standard","meta":{"_monsterinsights_skip_tracking":false,"_monsterinsights_sitenote_active":false,"_monsterinsights_sitenote_note":"","_monsterinsights_sitenote_category":0,"_price":"","_stock":"","_tribe_ticket_header":"","_tribe_default_ticket_provider":"","_ticket_start_date":"","_ticket_end_date":"","_tribe_ticket_show_description":"","_tribe_ticket_show_not_going":false,"_tribe_ticket_use_global_stock":"","_tribe_ticket_global_stock_level":"","_global_stock_mode":"","_global_stock_cap":"","_tribe_rsvp_for_event":"","_tribe_ticket_going_count":"","_tribe_ticket_not_going_count":"","_tribe_tickets_list":"[]","_tribe_ticket_has_attendee_info_fields":false,"footnotes":""},"categories":[5],"tags":[133,173,104,105],"class_list":["post-1539","post","type-post","status-publish","format-standard","hentry","category-fundacion-veron-en-honduras","tag-educacion-en-honduras","tag-emprendimiento-joven","tag-escuela-del-vidrio-y-hosteleria","tag-lahat"],"wpcf_dashboard":"<div class=\"woocommerce\"><div class=\"woocommerce-info\">Please log in first? <a class=\"wpneoShowLogin\" href=\"#\">Click here to login<\/a><\/div><div class=\"wpneo_login_form_div\" style=\"display: none;\"><form name=\"loginform\" id=\"loginform\" action=\"https:\/\/www.fundacionveron.org\/en\/gestion\/\" method=\"post\"><p class=\"login-username\">\n\t\t\t\t<label for=\"user_login\">Username or Email Address<\/label>\n\t\t\t\t<input type=\"text\" name=\"log\" id=\"user_login\" autocomplete=\"username\" class=\"input\" value=\"\" size=\"20\" \/>\n\t\t\t<\/p><p class=\"login-password\">\n\t\t\t\t<label for=\"user_pass\">Password<\/label>\n\t\t\t\t<input type=\"password\" name=\"pwd\" id=\"user_pass\" autocomplete=\"current-password\" spellcheck=\"false\" class=\"input\" value=\"\" size=\"20\" \/>\n\t\t\t<\/p><p class=\"login-remember\"><label><input name=\"rememberme\" type=\"checkbox\" id=\"rememberme\" value=\"forever\" \/> Remember Me<\/label><\/p><p class=\"login-submit\">\n\t\t\t\t<input type=\"submit\" name=\"wp-submit\" id=\"wp-submit\" class=\"button button-primary\" value=\"Log In\" \/>\n\t\t\t\t<input type=\"hidden\" name=\"redirect_to\" value=\"https:\/\/www.fundacionveron.org\/en\/wp-json\/wp\/v2\/posts\/1539\" \/>\n\t\t\t<\/p><\/form><\/div><\/div>","_links":{"self":[{"href":"https:\/\/www.fundacionveron.org\/en\/wp-json\/wp\/v2\/posts\/1539","targetHints":{"allow":["GET"]}}],"collection":[{"href":"https:\/\/www.fundacionveron.org\/en\/wp-json\/wp\/v2\/posts"}],"about":[{"href":"https:\/\/www.fundacionveron.org\/en\/wp-json\/wp\/v2\/types\/post"}],"author":[{"embeddable":true,"href":"https:\/\/www.fundacionveron.org\/en\/wp-json\/wp\/v2\/users\/7"}],"replies":[{"embeddable":true,"href":"https:\/\/www.fundacionveron.org\/en\/wp-json\/wp\/v2\/comments?post=1539"}],"version-history":[{"count":0,"href":"https:\/\/www.fundacionveron.org\/en\/wp-json\/wp\/v2\/posts\/1539\/revisions"}],"wp:attachment":[{"href":"https:\/\/www.fundacionveron.org\/en\/wp-json\/wp\/v2\/media?parent=1539"}],"wp:term":[{"taxonomy":"category","embeddable":true,"href":"https:\/\/www.fundacionveron.org\/en\/wp-json\/wp\/v2\/categories?post=1539"},{"taxonomy":"post_tag","embeddable":true,"href":"https:\/\/www.fundacionveron.org\/en\/wp-json\/wp\/v2\/tags?post=1539"}],"curies":[{"name":"wp","href":"https:\/\/api.w.org\/{rel}","templated":true}]}}