{"id":1455,"date":"2018-10-30T09:14:28","date_gmt":"2018-10-30T07:14:28","guid":{"rendered":"https:\/\/www.fundacionveron.org\/?p=1455"},"modified":"2023-08-28T13:18:28","modified_gmt":"2023-08-28T11:18:28","slug":"mas-que-una-beca","status":"publish","type":"post","link":"https:\/\/www.fundacionveron.org\/en\/mas-que-una-beca\/","title":{"rendered":"M\u00e1s que una beca"},"content":{"rendered":"<p style=\"text-align: justify;\"><span style=\"font-weight: 400;\">David es un joven afortunado, porque el porcentaje de hondure\u00f1os que acceden a estudios universitarios es realmente bajo, y sumar la posibilidad de cursar alg\u00fan curso en el extranjero, lo reduce todav\u00eda m\u00e1s. <\/span><\/p>\n<p style=\"text-align: justify;\"><span style=\"font-weight: 400;\">La Universidad Nebrija desde 1994 tiene un acuerdo con la Universidad de San Pedro Sula para facilitar la cooperaci\u00f3n entre las dos instituciones, y de ello se est\u00e1 beneficiando ahora David. Pero el contacto entre las dos Universidades no quiere decir que sea f\u00e1cil iniciar la andadura en nuestro pa\u00eds para los estudiantes procedentes de Honduras: los recursos, los permisos, las matr\u00edculas, la log\u00edstica, es un camino que, sin querer, a veces se complica.<\/span><\/p>\n<p>&nbsp;<\/p>\n<p style=\"text-align: justify;\"><span style=\"font-weight: 400;\">As\u00ed, no s\u00f3lo la beca representa una cuant\u00eda econ\u00f3mica, sino todo el soporte necesario para que la principal preocupaci\u00f3n sean los estudios. \u00a0Eso es lo que est\u00e1 recibiendo David de la Fundaci\u00f3n Ver\u00f3n. Solicitar y revisar cada uno de los tr\u00e1mites: la realizaci\u00f3n de la matr\u00edcula, la obtenci\u00f3n del visado, la b\u00fasqueda de una habitaci\u00f3n, el empadronamiento, la informaci\u00f3n sobre los transportes, la cobertura sanitaria, la vida en Madrid, el recibimiento en el aeropuerto\u2026 siempre hay mil detalles en los que reparar para que ni un solo momento se sienta desamparado o s\u00f3lo.<\/span><\/p>\n<p style=\"text-align: justify;\">Lo que importa es la persona, cada uno, en singular, con nombre y apellidos. Sabemos y sentimos que la ayuda necesita de cari\u00f1o y compromiso personal para ser efectiva, por eso, tanto aqu\u00ed como con cada uno de los involucrados con la Fundaci\u00f3n Ver\u00f3n y La Escuela del Vidrio, intentamos crear lazos que les hagan querer compartir con nosotros sus sue\u00f1os, sus carreras.<\/p>\n<p style=\"text-align: justify;\">En el pasado mes de agosto, a David se le concedi\u00f3 una beca del 30% de los honorarios de los estudios en Ingenier\u00eda del Autom\u00f3vil en la Universidad Nebrija, y es que David es un apasionado de este sector. As\u00ed que su familia y amigos se pusieron manos a la obra para poder lograr m\u00e1s apoyo, ya que la familia de David es una familia de clase media en Honduras. En esos esfuerzos, contactaron con la C\u00f3nsul Honoraria de Espa\u00f1a en Honduras, quien es vicepresidenta de la Asociaci\u00f3n Amigos de la Escuela del Vidrio. Dado nuestro estrecho contacto con esta organizaci\u00f3n, ella nos contact\u00f3 para ver si pod\u00edamos apoyar a David con su sue\u00f1o.<\/p>\n<p style=\"text-align: justify;\">Tras valorar el recorrido acad\u00e9mico de David, en Fundaci\u00f3n Ver\u00f3n decidimos ayudar otorgando otra beca del 30% de los honorarios de estudios, adem\u00e1s de atender a David para que est\u00e9 bien y siendo su contacto en caso de necesitarlo.<\/p>\n<p style=\"text-align: justify;\">David va a estar cuatro a\u00f1os en Madrid con sus estudios, y estamos seguros de que le ir\u00e1 bien, ya que es un joven muy responsable, con excelencia acad\u00e9mica y un alto nivel de ingl\u00e9s, mayor que el de sus compa\u00f1eros de clase en la actualidad. Por retrasos en los tr\u00e1mites del visado, lleg\u00f3 cuando el curso ya hab\u00eda comenzado, perdiendo 1 mes de clases. Sus compa\u00f1eros le han ayudado, pas\u00e1ndole los apuntes y el temario a David para que pueda ponerse al d\u00eda.<\/p>\n<p style=\"text-align: justify;\">","protected":false},"excerpt":{"rendered":"<p>David es un joven afortunado, porque el porcentaje de hondure\u00f1os que acceden a estudios universitarios&#8230;<\/p>","protected":false},"author":7,"featured_media":0,"comment_status":"closed","ping_status":"open","sticky":false,"template":"","format":"standard","meta":{"_monsterinsights_skip_tracking":false,"_monsterinsights_sitenote_active":false,"_monsterinsights_sitenote_note":"","_monsterinsights_sitenote_category":0,"_price":"","_stock":"","_tribe_ticket_header":"","_tribe_default_ticket_provider":"","_ticket_start_date":"","_ticket_end_date":"","_tribe_ticket_show_description":"","_tribe_ticket_show_not_going":false,"_tribe_ticket_use_global_stock":"","_tribe_ticket_global_stock_level":"","_global_stock_mode":"","_global_stock_cap":"","_tribe_rsvp_for_event":"","_tribe_ticket_going_count":"","_tribe_ticket_not_going_count":"","_tribe_tickets_list":"[]","_tribe_ticket_has_attendee_info_fields":false,"footnotes":""},"categories":[4],"tags":[132,28,131,130],"class_list":["post-1455","post","type-post","status-publish","format-standard","hentry","category-fundacion-veron-en-espana","tag-becas-estudios-superiores","tag-escuela-del-vidrio","tag-universidad-nebrija","tag-universidad-san-pedro-sula"],"wpcf_dashboard":"<div class=\"woocommerce\"><div class=\"woocommerce-info\">Please log in first? <a class=\"wpneoShowLogin\" href=\"#\">Click here to login<\/a><\/div><div class=\"wpneo_login_form_div\" style=\"display: none;\"><form name=\"loginform\" id=\"loginform\" action=\"https:\/\/www.fundacionveron.org\/en\/gestion\/\" method=\"post\"><p class=\"login-username\">\n\t\t\t\t<label for=\"user_login\">Username or Email Address<\/label>\n\t\t\t\t<input type=\"text\" name=\"log\" id=\"user_login\" autocomplete=\"username\" class=\"input\" value=\"\" size=\"20\" \/>\n\t\t\t<\/p><p class=\"login-password\">\n\t\t\t\t<label for=\"user_pass\">Password<\/label>\n\t\t\t\t<input type=\"password\" name=\"pwd\" id=\"user_pass\" autocomplete=\"current-password\" spellcheck=\"false\" class=\"input\" value=\"\" size=\"20\" \/>\n\t\t\t<\/p><p class=\"login-remember\"><label><input name=\"rememberme\" type=\"checkbox\" id=\"rememberme\" value=\"forever\" \/> Remember Me<\/label><\/p><p class=\"login-submit\">\n\t\t\t\t<input type=\"submit\" name=\"wp-submit\" id=\"wp-submit\" class=\"button button-primary\" value=\"Log In\" \/>\n\t\t\t\t<input type=\"hidden\" name=\"redirect_to\" value=\"https:\/\/www.fundacionveron.org\/en\/wp-json\/wp\/v2\/posts\/1455\" \/>\n\t\t\t<\/p><\/form><\/div><\/div>","_links":{"self":[{"href":"https:\/\/www.fundacionveron.org\/en\/wp-json\/wp\/v2\/posts\/1455","targetHints":{"allow":["GET"]}}],"collection":[{"href":"https:\/\/www.fundacionveron.org\/en\/wp-json\/wp\/v2\/posts"}],"about":[{"href":"https:\/\/www.fundacionveron.org\/en\/wp-json\/wp\/v2\/types\/post"}],"author":[{"embeddable":true,"href":"https:\/\/www.fundacionveron.org\/en\/wp-json\/wp\/v2\/users\/7"}],"replies":[{"embeddable":true,"href":"https:\/\/www.fundacionveron.org\/en\/wp-json\/wp\/v2\/comments?post=1455"}],"version-history":[{"count":0,"href":"https:\/\/www.fundacionveron.org\/en\/wp-json\/wp\/v2\/posts\/1455\/revisions"}],"wp:attachment":[{"href":"https:\/\/www.fundacionveron.org\/en\/wp-json\/wp\/v2\/media?parent=1455"}],"wp:term":[{"taxonomy":"category","embeddable":true,"href":"https:\/\/www.fundacionveron.org\/en\/wp-json\/wp\/v2\/categories?post=1455"},{"taxonomy":"post_tag","embeddable":true,"href":"https:\/\/www.fundacionveron.org\/en\/wp-json\/wp\/v2\/tags?post=1455"}],"curies":[{"name":"wp","href":"https:\/\/api.w.org\/{rel}","templated":true}]}}