{"id":1378,"date":"2018-06-28T10:32:41","date_gmt":"2018-06-28T08:32:41","guid":{"rendered":"https:\/\/www.fundacionveron.org\/?p=1378"},"modified":"2023-08-28T13:21:28","modified_gmt":"2023-08-28T11:21:28","slug":"guizasbarbershop","status":"publish","type":"post","link":"https:\/\/www.fundacionveron.org\/en\/guizasbarbershop\/","title":{"rendered":"El\u00edas ya es emprendedor con G\u00fciza&#8217;s Barber Shop"},"content":{"rendered":"<p style=\"text-align: justify;\"><span style=\"font-weight: 400;\">El\u00edas acaba de estrenar su negocio: una barber\u00eda cuidada hasta el \u00faltimo detalle, \u00a0situada en la ciudad. \u00bfV\u00e9is su logo? Lo ha dise\u00f1ado el profesor Juan Carlos Puerto, que ha sido su maestro de dibujo en La Escuela del Vidrio, porque todos participan y pelean por los \u00e9xitos de cada uno. El\u00edas ha trabajado duro, ha esperado pacientemente su oportunidad mientras colaboraba con nosotros. Ha ido creciendo personal y profesionalmente. Ahora espera con impaciencia tambi\u00e9n \u00a0la llegada de su primer hijo.<\/span><\/p>\n<p>&nbsp;<\/p>\n<p style=\"text-align: justify;\"><span style=\"font-weight: 400;\">El\u00edas fue alumno de la Escuela del Vidrio, y es uno de los graduados de las primeras promociones, luego se form\u00f3 aqu\u00ed, en La Granja de San Ildefonso, para quedarse como profesor en la Escuela en Honduras, en la que encontr\u00f3 una segunda familia.<\/span>El\u00edas, con una estupenda formaci\u00f3n en dise\u00f1o y m\u00e1s que habilidoso con las manos, decidi\u00f3 que era hora de emprender, que hab\u00eda ahorrado un poquito y con un empuj\u00f3n tendr\u00eda la oportunidad de abrir su propia barber\u00eda. Solicit\u00f3 un microcr\u00e9dito a la Fundaci\u00f3n Ver\u00f3n, planteando su plan de negocio y sali\u00f3 airoso del tramit\u00e9. Manos a la obra, el local, al que ya hab\u00eda echado un vistazo, estaba disponible para hacer los ajustes pertinentes y empezar.<\/p>\n<p>&nbsp;<\/p>\n<p style=\"text-align: justify;\"><span style=\"font-weight: 400;\">Tiene una pinta estupenda, se ha inaugurado recientemente y ahora s\u00f3lo queda seguir trabajando duro, para asentarse, para afrontar lo que venga. Desde aqu\u00ed le deseamos una suerte incre\u00edble, que la merece. \u00a0\u00c9l mismo nos cuenta su historia en dos minutos llenos de ilusi\u00f3n y de agradecimiento. As\u00ed es c\u00f3mo es \u00e9l. <\/span><\/p>\n<p style=\"text-align: justify;\"><b>ENHORABUENA, EL\u00cdAS y MUCHA SUERTE. <\/b><\/p>","protected":false},"excerpt":{"rendered":"<p>El\u00edas acaba de estrenar su negocio: una barber\u00eda cuidada hasta el \u00faltimo detalle, \u00a0situada en&#8230;<\/p>","protected":false},"author":7,"featured_media":0,"comment_status":"closed","ping_status":"open","sticky":false,"template":"","format":"standard","meta":{"_monsterinsights_skip_tracking":false,"_monsterinsights_sitenote_active":false,"_monsterinsights_sitenote_note":"","_monsterinsights_sitenote_category":0,"_price":"","_stock":"","_tribe_ticket_header":"","_tribe_default_ticket_provider":"","_ticket_start_date":"","_ticket_end_date":"","_tribe_ticket_show_description":"","_tribe_ticket_show_not_going":false,"_tribe_ticket_use_global_stock":"","_tribe_ticket_global_stock_level":"","_global_stock_mode":"","_global_stock_cap":"","_tribe_rsvp_for_event":"","_tribe_ticket_going_count":"","_tribe_ticket_not_going_count":"","_tribe_tickets_list":"[]","_tribe_ticket_has_attendee_info_fields":false,"footnotes":""},"categories":[5],"tags":[114,24,110,71,23,113,25,116,72],"class_list":["post-1378","post","type-post","status-publish","format-standard","hentry","category-fundacion-veron-en-honduras","tag-barber-shop","tag-el-progreso","tag-empleo-juvenil","tag-emprendimiento","tag-fundacion-veron","tag-guizas-barber-shop","tag-honduras","tag-microcredito","tag-microcreditos-al-desarrollo"],"wpcf_dashboard":"<div class=\"woocommerce\"><div class=\"woocommerce-info\">Please log in first? <a class=\"wpneoShowLogin\" href=\"#\">Click here to login<\/a><\/div><div class=\"wpneo_login_form_div\" style=\"display: none;\"><form name=\"loginform\" id=\"loginform\" action=\"https:\/\/www.fundacionveron.org\/en\/gestion\/\" method=\"post\"><p class=\"login-username\">\n\t\t\t\t<label for=\"user_login\">Username or Email Address<\/label>\n\t\t\t\t<input type=\"text\" name=\"log\" id=\"user_login\" autocomplete=\"username\" class=\"input\" value=\"\" size=\"20\" \/>\n\t\t\t<\/p><p class=\"login-password\">\n\t\t\t\t<label for=\"user_pass\">Password<\/label>\n\t\t\t\t<input type=\"password\" name=\"pwd\" id=\"user_pass\" autocomplete=\"current-password\" spellcheck=\"false\" class=\"input\" value=\"\" size=\"20\" \/>\n\t\t\t<\/p><p class=\"login-remember\"><label><input name=\"rememberme\" type=\"checkbox\" id=\"rememberme\" value=\"forever\" \/> Remember Me<\/label><\/p><p class=\"login-submit\">\n\t\t\t\t<input type=\"submit\" name=\"wp-submit\" id=\"wp-submit\" class=\"button button-primary\" value=\"Log In\" \/>\n\t\t\t\t<input type=\"hidden\" name=\"redirect_to\" value=\"https:\/\/www.fundacionveron.org\/en\/wp-json\/wp\/v2\/posts\/1378\" \/>\n\t\t\t<\/p><\/form><\/div><\/div>","_links":{"self":[{"href":"https:\/\/www.fundacionveron.org\/en\/wp-json\/wp\/v2\/posts\/1378","targetHints":{"allow":["GET"]}}],"collection":[{"href":"https:\/\/www.fundacionveron.org\/en\/wp-json\/wp\/v2\/posts"}],"about":[{"href":"https:\/\/www.fundacionveron.org\/en\/wp-json\/wp\/v2\/types\/post"}],"author":[{"embeddable":true,"href":"https:\/\/www.fundacionveron.org\/en\/wp-json\/wp\/v2\/users\/7"}],"replies":[{"embeddable":true,"href":"https:\/\/www.fundacionveron.org\/en\/wp-json\/wp\/v2\/comments?post=1378"}],"version-history":[{"count":0,"href":"https:\/\/www.fundacionveron.org\/en\/wp-json\/wp\/v2\/posts\/1378\/revisions"}],"wp:attachment":[{"href":"https:\/\/www.fundacionveron.org\/en\/wp-json\/wp\/v2\/media?parent=1378"}],"wp:term":[{"taxonomy":"category","embeddable":true,"href":"https:\/\/www.fundacionveron.org\/en\/wp-json\/wp\/v2\/categories?post=1378"},{"taxonomy":"post_tag","embeddable":true,"href":"https:\/\/www.fundacionveron.org\/en\/wp-json\/wp\/v2\/tags?post=1378"}],"curies":[{"name":"wp","href":"https:\/\/api.w.org\/{rel}","templated":true}]}}