{"id":1357,"date":"2018-05-30T13:43:04","date_gmt":"2018-05-30T11:43:04","guid":{"rendered":"https:\/\/www.fundacionveron.org\/?p=1357"},"modified":"2023-08-28T13:22:56","modified_gmt":"2023-08-28T11:22:56","slug":"latecnicadelvidrio","status":"publish","type":"post","link":"https:\/\/www.fundacionveron.org\/en\/latecnicadelvidrio\/","title":{"rendered":"La T\u00e9cnica del Vidrio desde 2009 en Honduras"},"content":{"rendered":"<p>&nbsp;<\/p>\n<p><span style=\"font-weight: 400;\">La Fundaci\u00f3n de la Real F\u00e1brica de Cristales de la Granja, Segovia, \u00a0es uno de los organismos que activamente trabaja con la Escuela del Vidrio y Hosteler\u00eda de El Progreso, Honduras. Si uno quiere, no hay distancias.<\/span><br \/>\nEsta entidad lleva desde los inicios del proyecto apoyando y desarrollando lo que hoy es el \u00e1rea de Estudios T\u00e9cnicos del Vidrio, ya que al inicio, en 2009, comenzamos nuestros andares con una Escuela-Taller.<br \/>\n<img loading=\"lazy\" decoding=\"async\" class=\"alignnone size-full wp-image-2287\" src=\"https:\/\/www.fundacionveron.org\/wp-content\/uploads\/2018\/05\/logo.png\" alt=\"\" width=\"256\" height=\"105\" \/><img loading=\"lazy\" decoding=\"async\" class=\"size-medium wp-image-2288 alignright\" src=\"https:\/\/www.fundacionveron.org\/wp-content\/uploads\/2018\/05\/HeaderUebEDV-04-300x96.png\" alt=\"\" width=\"300\" height=\"96\" srcset=\"https:\/\/www.fundacionveron.org\/wp-content\/uploads\/2018\/05\/HeaderUebEDV-04-300x96.png 300w, https:\/\/www.fundacionveron.org\/wp-content\/uploads\/2018\/05\/HeaderUebEDV-04.png 555w\" sizes=\"auto, (max-width: 300px) 100vw, 300px\" \/><br \/>\n<span style=\"font-weight: 400;\">Hoy d\u00eda, la labor de esta fundaci\u00f3n se centra en el dise\u00f1o curricular y coordinaci\u00f3n acad\u00e9mica de la formaci\u00f3n en el \u00e1rea del vidrio, de hecho, avala con un certificado los estudios de los alumnos egresados. \u00a0Ahora, in situ, est\u00e1 Concha Ju\u00e1rez, su directora de proyectos, para supervisar el programa educativo de los Estudios T\u00e9cnicos del Vidrio y del taller LAHAT, el \u00e1rea de especializaci\u00f3n.<\/span><br \/>\n<span style=\"font-weight: 400;\">En la Escuela los alumnos reciben una formaci\u00f3n que implica un proceso continuo de capacitaci\u00f3n en diferentes t\u00e9cnicas vidrieras, de objetos utilitarios, decorativos y estructurales \u00edntegros en vidrio o aplicados, siempre cumpliendo los criterios de calidad y, por supuesto, las reglamentaciones vigentes sobre prevenci\u00f3n y medio ambiente. <\/span><br \/>\n<span style=\"font-weight: 400;\">Por otro lado, el taller LAHAT es el habilitado para que los alumnos que han finalizado los Estudios T\u00e9cnicos del Vidrio reciban durante dos a\u00f1os m\u00e1s orientaci\u00f3n como emprendedores, para que incluso puedan plantear su propio proyecto de empresa sostenible. Todos sus trabajos est\u00e1n realizados de modo artesanal y merece la pena que ve\u00e1is su <\/span><a href=\"http:\/\/www.escueladelvidrio.org\/wp-content\/uploads\/2015\/03\/CatalogoEDV-def-opt.pdf\"><span style=\"font-weight: 400;\">cat\u00e1logo<\/span><\/a><span style=\"font-weight: 400;\">, tienen una calidad incre\u00edble. <\/span><br \/>\nComo veis Fundaci\u00f3n Ver\u00f3n no es la \u00fanica entidad implicada en el proyecto Escuela del Vidrio. Somos 5 entidades: Fe y Alegr\u00eda, Fundaci\u00f3n NACAR, Fundaci\u00f3n de Servicio P\u00fablico Centro Nacional del Vidrio, Asociaci\u00f3n Amigos de la Escuela del Vidrio y Fundaci\u00f3n Ver\u00f3n.<\/p>","protected":false},"excerpt":{"rendered":"<p>&nbsp; La Fundaci\u00f3n de la Real F\u00e1brica de Cristales de la Granja, Segovia, \u00a0es uno&#8230;<\/p>","protected":false},"author":7,"featured_media":0,"comment_status":"closed","ping_status":"open","sticky":false,"template":"","format":"standard","meta":{"_monsterinsights_skip_tracking":false,"_monsterinsights_sitenote_active":false,"_monsterinsights_sitenote_note":"","_monsterinsights_sitenote_category":0,"_price":"","_stock":"","_tribe_ticket_header":"","_tribe_default_ticket_provider":"","_ticket_start_date":"","_ticket_end_date":"","_tribe_ticket_show_description":"","_tribe_ticket_show_not_going":false,"_tribe_ticket_use_global_stock":"","_tribe_ticket_global_stock_level":"","_global_stock_mode":"","_global_stock_cap":"","_tribe_rsvp_for_event":"","_tribe_ticket_going_count":"","_tribe_ticket_not_going_count":"","_tribe_tickets_list":"[]","_tribe_ticket_has_attendee_info_fields":false,"footnotes":""},"categories":[5],"tags":[104,99,103,25,105,102],"class_list":["post-1357","post","type-post","status-publish","format-standard","hentry","category-fundacion-veron-en-honduras","tag-escuela-del-vidrio-y-hosteleria","tag-formacion-tecnica","tag-fundacion-de-la-real-fabrica-de-cristales","tag-honduras","tag-lahat","tag-vidrio"],"wpcf_dashboard":"<div class=\"woocommerce\"><div class=\"woocommerce-info\">Please log in first? <a class=\"wpneoShowLogin\" href=\"#\">Click here to login<\/a><\/div><div class=\"wpneo_login_form_div\" style=\"display: none;\"><form name=\"loginform\" id=\"loginform\" action=\"https:\/\/www.fundacionveron.org\/en\/gestion\/\" method=\"post\"><p class=\"login-username\">\n\t\t\t\t<label for=\"user_login\">Username or Email Address<\/label>\n\t\t\t\t<input type=\"text\" name=\"log\" id=\"user_login\" autocomplete=\"username\" class=\"input\" value=\"\" size=\"20\" \/>\n\t\t\t<\/p><p class=\"login-password\">\n\t\t\t\t<label for=\"user_pass\">Password<\/label>\n\t\t\t\t<input type=\"password\" name=\"pwd\" id=\"user_pass\" autocomplete=\"current-password\" spellcheck=\"false\" class=\"input\" value=\"\" size=\"20\" \/>\n\t\t\t<\/p><p class=\"login-remember\"><label><input name=\"rememberme\" type=\"checkbox\" id=\"rememberme\" value=\"forever\" \/> Remember Me<\/label><\/p><p class=\"login-submit\">\n\t\t\t\t<input type=\"submit\" name=\"wp-submit\" id=\"wp-submit\" class=\"button button-primary\" value=\"Log In\" \/>\n\t\t\t\t<input type=\"hidden\" name=\"redirect_to\" value=\"https:\/\/www.fundacionveron.org\/en\/wp-json\/wp\/v2\/posts\/1357\" \/>\n\t\t\t<\/p><\/form><\/div><\/div>","_links":{"self":[{"href":"https:\/\/www.fundacionveron.org\/en\/wp-json\/wp\/v2\/posts\/1357","targetHints":{"allow":["GET"]}}],"collection":[{"href":"https:\/\/www.fundacionveron.org\/en\/wp-json\/wp\/v2\/posts"}],"about":[{"href":"https:\/\/www.fundacionveron.org\/en\/wp-json\/wp\/v2\/types\/post"}],"author":[{"embeddable":true,"href":"https:\/\/www.fundacionveron.org\/en\/wp-json\/wp\/v2\/users\/7"}],"replies":[{"embeddable":true,"href":"https:\/\/www.fundacionveron.org\/en\/wp-json\/wp\/v2\/comments?post=1357"}],"version-history":[{"count":0,"href":"https:\/\/www.fundacionveron.org\/en\/wp-json\/wp\/v2\/posts\/1357\/revisions"}],"wp:attachment":[{"href":"https:\/\/www.fundacionveron.org\/en\/wp-json\/wp\/v2\/media?parent=1357"}],"wp:term":[{"taxonomy":"category","embeddable":true,"href":"https:\/\/www.fundacionveron.org\/en\/wp-json\/wp\/v2\/categories?post=1357"},{"taxonomy":"post_tag","embeddable":true,"href":"https:\/\/www.fundacionveron.org\/en\/wp-json\/wp\/v2\/tags?post=1357"}],"curies":[{"name":"wp","href":"https:\/\/api.w.org\/{rel}","templated":true}]}}