{"id":1339,"date":"2016-02-22T11:15:37","date_gmt":"2016-02-22T09:15:37","guid":{"rendered":"http:\/\/www.escueladelvidrio.org\/?p=1339"},"modified":"2023-01-20T11:44:37","modified_gmt":"2023-01-20T09:44:37","slug":"chala-motivacional-del-chef-julius-a-los-jovenes-de-la-escuela-del-vidrio-honduras","status":"publish","type":"post","link":"https:\/\/www.fundacionveron.org\/en\/chala-motivacional-del-chef-julius-a-los-jovenes-de-la-escuela-del-vidrio-honduras\/","title":{"rendered":"Charla motivacional del Chef Julius a los j\u00f3venes de la Escuela del Vidrio #Honduras"},"content":{"rendered":"<p style=\"text-align: justify;\">Compartimos con vosotros otro cap\u00edtulo del Chef Julius en Honduras. Nuestro gran amigo quiso acercarse a los j\u00f3venes y transmitirles desde su experiencia personal la motivaci\u00f3n al trabajo para lograr sus objetivos.<\/p>\n<p style=\"text-align: justify;\">Julius habl\u00f3 a los j\u00f3venes de la Escuela del Vidrio con intenci\u00f3n de motivarlos y darles autoestima y fuerza para seguir estudiando y emprender.<\/p>\n<p style=\"text-align: justify;\">Poni\u00e9ndose como ejemplo, <a class=\"_58cn\" href=\"https:\/\/www.facebook.com\/hashtag\/julius?source=feed_text&amp;story_id=780459892086509\" data-ft=\"{&quot;tn&quot;:&quot;*N&quot;,&quot;type&quot;:104}\"><span class=\"_58cl\">\u202a#\u200e<\/span><span class=\"_58cm\">Julius\u202c<\/span><\/a> les dice: caeros mil veces, pero levantaros otras mil veces. Aqu\u00ed les dejamos este bonito v\u00eddeo.<br \/>\n@Juliusbienert1 <a class=\"_58cn\" href=\"https:\/\/www.facebook.com\/hashtag\/juliusenhonduras?source=feed_text&amp;story_id=780459892086509\" data-ft=\"{&quot;tn&quot;:&quot;*N&quot;,&quot;type&quot;:104}\"><span class=\"_58cl\">\u202a#\u200e<\/span><span class=\"_58cm\">JuliusenHonduras\u202c<\/span><\/a> <a class=\"_58cn\" href=\"https:\/\/www.facebook.com\/hashtag\/escueladelvidrio?source=feed_text&amp;story_id=780459892086509\" data-ft=\"{&quot;tn&quot;:&quot;*N&quot;,&quot;type&quot;:104}\"><span class=\"_58cl\">\u202a#\u200e<\/span><span class=\"_58cm\">EscueladelVidrio\u202c<\/span><\/a><\/p>\n<p><iframe loading=\"lazy\" title=\"Charla motivacional de Julius a los j\u00f3venes de la Escuela del Vidrio\" width=\"1060\" height=\"596\" src=\"https:\/\/www.youtube.com\/embed\/uu2WbhjSiWE?feature=oembed\" frameborder=\"0\" allow=\"accelerometer; autoplay; clipboard-write; encrypted-media; gyroscope; picture-in-picture\" allowfullscreen><\/iframe><\/p>","protected":false},"excerpt":{"rendered":"<p>Compartimos con vosotros otro cap\u00edtulo del Chef Julius en Honduras. Nuestro gran amigo quiso acercarse&#8230;<\/p>","protected":false},"author":8,"featured_media":1343,"comment_status":"open","ping_status":"open","sticky":false,"template":"","format":"standard","meta":{"_monsterinsights_skip_tracking":false,"_monsterinsights_sitenote_active":false,"_monsterinsights_sitenote_note":"","_monsterinsights_sitenote_category":0,"_price":"","_stock":"","_tribe_ticket_header":"","_tribe_default_ticket_provider":"","_ticket_start_date":"","_ticket_end_date":"","_tribe_ticket_show_description":"","_tribe_ticket_show_not_going":false,"_tribe_ticket_use_global_stock":"","_tribe_ticket_global_stock_level":"","_global_stock_mode":"","_global_stock_cap":"","_tribe_rsvp_for_event":"","_tribe_ticket_going_count":"","_tribe_ticket_not_going_count":"","_tribe_tickets_list":"[]","_tribe_ticket_has_attendee_info_fields":false,"footnotes":""},"categories":[421],"tags":[],"class_list":["post-1339","post","type-post","status-publish","format-standard","has-post-thumbnail","hentry","category-escuela-de-vidrio"],"wpcf_dashboard":"<div class=\"woocommerce\"><div class=\"woocommerce-info\">Please log in first? <a class=\"wpneoShowLogin\" href=\"#\">Click here to login<\/a><\/div><div class=\"wpneo_login_form_div\" style=\"display: none;\"><form name=\"loginform\" id=\"loginform\" action=\"https:\/\/www.fundacionveron.org\/en\/gestion\/\" method=\"post\"><p class=\"login-username\">\n\t\t\t\t<label for=\"user_login\">Username or Email Address<\/label>\n\t\t\t\t<input type=\"text\" name=\"log\" id=\"user_login\" autocomplete=\"username\" class=\"input\" value=\"\" size=\"20\" \/>\n\t\t\t<\/p><p class=\"login-password\">\n\t\t\t\t<label for=\"user_pass\">Password<\/label>\n\t\t\t\t<input type=\"password\" name=\"pwd\" id=\"user_pass\" autocomplete=\"current-password\" spellcheck=\"false\" class=\"input\" value=\"\" size=\"20\" \/>\n\t\t\t<\/p><p class=\"login-remember\"><label><input name=\"rememberme\" type=\"checkbox\" id=\"rememberme\" value=\"forever\" \/> Remember Me<\/label><\/p><p class=\"login-submit\">\n\t\t\t\t<input type=\"submit\" name=\"wp-submit\" id=\"wp-submit\" class=\"button button-primary\" value=\"Log In\" \/>\n\t\t\t\t<input type=\"hidden\" name=\"redirect_to\" value=\"https:\/\/www.fundacionveron.org\/en\/wp-json\/wp\/v2\/posts\/1339\" \/>\n\t\t\t<\/p><\/form><\/div><\/div>","_links":{"self":[{"href":"https:\/\/www.fundacionveron.org\/en\/wp-json\/wp\/v2\/posts\/1339","targetHints":{"allow":["GET"]}}],"collection":[{"href":"https:\/\/www.fundacionveron.org\/en\/wp-json\/wp\/v2\/posts"}],"about":[{"href":"https:\/\/www.fundacionveron.org\/en\/wp-json\/wp\/v2\/types\/post"}],"author":[{"embeddable":true,"href":"https:\/\/www.fundacionveron.org\/en\/wp-json\/wp\/v2\/users\/8"}],"replies":[{"embeddable":true,"href":"https:\/\/www.fundacionveron.org\/en\/wp-json\/wp\/v2\/comments?post=1339"}],"version-history":[{"count":0,"href":"https:\/\/www.fundacionveron.org\/en\/wp-json\/wp\/v2\/posts\/1339\/revisions"}],"wp:featuredmedia":[{"embeddable":true,"href":"https:\/\/www.fundacionveron.org\/en\/wp-json\/"}],"wp:attachment":[{"href":"https:\/\/www.fundacionveron.org\/en\/wp-json\/wp\/v2\/media?parent=1339"}],"wp:term":[{"taxonomy":"category","embeddable":true,"href":"https:\/\/www.fundacionveron.org\/en\/wp-json\/wp\/v2\/categories?post=1339"},{"taxonomy":"post_tag","embeddable":true,"href":"https:\/\/www.fundacionveron.org\/en\/wp-json\/wp\/v2\/tags?post=1339"}],"curies":[{"name":"wp","href":"https:\/\/api.w.org\/{rel}","templated":true}]}}