{"id":1306,"date":"2018-03-27T11:49:16","date_gmt":"2018-03-27T09:49:16","guid":{"rendered":"https:\/\/www.fundacionveron.org\/?p=1306"},"modified":"2023-08-28T13:25:57","modified_gmt":"2023-08-28T11:25:57","slug":"voluntariadomarzo2018","status":"publish","type":"post","link":"https:\/\/www.fundacionveron.org\/en\/voluntariadomarzo2018\/","title":{"rendered":"El sentir de un voluntariado en Honduras"},"content":{"rendered":"<p>&nbsp;<\/p>\n<p style=\"text-align: justify;\"><span style=\"font-weight: 400;\">Durante este mes de marzo, Julius Bienert, Pablo Fern\u00e1ndez-Maquiera y Paco Udina, han desarrollado diversos proyectos en Honduras. Nos han regalado su tiempo y su saber hacer, han cogido las maletas y se han trasladado a la Escuela del Vidrio en El Progreso para que sus alumnos, sentimentalmente nuestros alumnos, adquirieran nuevas competencias. <\/span><\/p>\n<p style=\"text-align: justify;\"><span style=\"font-weight: 400;\">Para quienes no los conozc\u00e1is: <\/span><\/p>\n<p style=\"text-align: justify;\"><b>Julius<\/b><span style=\"font-weight: 400;\"> es cocinero, formado en la escuela de Argui\u00f1ano, pero no s\u00f3lo eso, es presentador de televisi\u00f3n, escritor de varios libros, en definitiva, es tambi\u00e9n un comunicador nato. Supongo que para los chicos deb\u00eda ser una presencia un poco imponente al principio, sus casi dos metros de estatura, sus movimientos r\u00e1pidos, su alegr\u00eda natural\u2026 debi\u00f3 insuflar energ\u00eda a todos, adem\u00e1s de ense\u00f1arles c\u00f3mo hacer extraordinario un plato ordinario.<\/span><\/p>\n<p style=\"text-align: justify;\"><b>Pablo<\/b><span style=\"font-weight: 400;\"> es un profesional de la comunicaci\u00f3n audiovisual, conoce cada herramienta que vincula al marketing digital, sabe aprovechar los recursos disponibles en la red como nadie y genera ideas a un ritmo poco com\u00fan. Sus alumnos han aprendido que ya no hay fronteras para darse a conocer y que hay que tener cuidado con lo que se publica, porque la red no es ning\u00fan juego. <\/span><\/p>\n<p style=\"text-align: justify;\"><b>Paco<\/b><span style=\"font-weight: 400;\"> es el talento y la creatividad pura puesta al servicio del dise\u00f1o gr\u00e1fico y el branding, \u00e9sa parte del marketing tan importante que luego define la empresa, el producto, la marca&#8230; Se mueve un mundo que trata de hacer tangible lo intangible, en el que el mensaje va mucho m\u00e1s all\u00e1 de la simplicidad de una imagen. Ense\u00f1ar la complejidad de un proceso creativo es un desaf\u00edo con may\u00fasculas.<\/span><a href=\"https:\/\/www.fundacionveron.org\/wp-content\/uploads\/2018\/03\/Paco-en-Clase-recortada.jpg\"><br \/>\n<\/a><\/p>\n<p>&nbsp;<\/p>\n<p style=\"text-align: justify;\"><b>Con Paco<\/b><span style=\"font-weight: 400;\"> hemos tenido la oportunidad de hablar a la vuelta de su viaje y, sinceramente, las sensaciones que nos transmite van desde la ilusi\u00f3n de estar implicado directamente en la formaci\u00f3n de estos chicos, y la felicidad de ver sus reacciones, a la preocupaci\u00f3n por la situaci\u00f3n (coyuntural y personal) y la insatisfacci\u00f3n por no poder hacer m\u00e1s, tener m\u00e1s tiempo\u2026 \u00a0desprende humanidad. <\/span><\/p>\n<p style=\"text-align: justify;\"><span style=\"font-weight: 400;\">Primero nos ha contado cu\u00e1l era su proyecto. Consciente de que su tiempo era escaso y de que la pr\u00e1ctica ser\u00eda fundamental, sin olvidarse de impartir algunos fundamentos te\u00f3ricos, dise\u00f1\u00f3 su programa. Abord\u00f3 la teor\u00eda con videos, se apoy\u00f3 tambi\u00e9n en alg\u00fan manual de identidad corporativa, para que vieran c\u00f3mo se desarrolla un logotipo, y les hizo enfrentarse a la temida hoja en blanco: \u00a1\u00a1\u00a1a dibujar!!! Con su gu\u00eda, eso s\u00ed, que de primeras ya te sit\u00faa en otro nivel. Les hizo familiarizarse un poco con el programa de Adobe Illustrator, nada f\u00e1cil, todo un reto para las dos partes, os lo aseguro, pero pudo percibir en los chicos, su inter\u00e9s, sus ganas, su motivaci\u00f3n, su esfuerzo, los vi\u00f3 disfrutar y eso no tiene precio. El resultado fue que todos lograron llegar a una creaci\u00f3n personal dise\u00f1ando cada uno su tarjeta o la de una empresa inventada. Paco es as\u00ed, no lo puede evitar, as\u00ed que, aqu\u00e9llos trabajos que no se pudieron concluir por falta de tiempo, los termin\u00f3 \u00e9l mismo para que los alumnos contaran siempre con una referencia personal \u00a0y singular que les sirviera de gu\u00eda. <\/span><\/p>\n<p style=\"text-align: justify;\"><span style=\"font-weight: 400;\">Le hubiera gustado continuar con el dise\u00f1o de una carta de restaurante, pero s\u00f3lo hubo ocasi\u00f3n de explicarles c\u00f3mo se desarrollaba este tipo de trabajo, le di\u00f3 pena no hacerlo, pero es mejor la excelencia que la cantidad, as\u00ed que, no hab\u00eda elecci\u00f3n. <\/span><\/p>\n<p style=\"text-align: justify;\"><span style=\"font-weight: 400;\">Tambi\u00e9n nos habl\u00f3 de sus impresiones, positiv\u00edsimas, porque tanto en el equipo docente como de gesti\u00f3n, que se ocupan del d\u00eda a d\u00eda de La Escuela, \u00a0percibi\u00f3 esa generosa involucraci\u00f3n que hace la sit\u00faen en una de las de mayor calidad en la zona, adem\u00e1s de ser \u00fanica en su especie. Hablando de los chicos, admira su disposici\u00f3n, porque viven realidades muy duras, su agradecimiento por tener una oportunidad, que luego revierten en su comunidad, como David, cuyo emprendimiento y estudios universitarios, son un ejemplo. <\/span><\/p>\n<p style=\"text-align: justify;\"><span style=\"font-weight: 400;\">Paco nos lo dice todo al contestar a nuestra pregunta sobre c\u00f3mo le gustar\u00eda que se transmitiera la magia de un voluntariado: <\/span><\/p>\n<p style=\"text-align: justify;\"><b><i>\u201cEl voluntariado no se puede transmitir, hay que vivirlo\u00bb<\/i><\/b><a href=\"https:\/\/www.fundacionveron.org\/wp-content\/uploads\/2018\/03\/foto-grupo.jpg\"><br \/>\n<\/a><\/p>\n<p>&nbsp;<\/p>","protected":false},"excerpt":{"rendered":"<p>&nbsp; Durante este mes de marzo, Julius Bienert, Pablo Fern\u00e1ndez-Maquiera y Paco Udina, han desarrollado&#8230;<\/p>","protected":false},"author":7,"featured_media":0,"comment_status":"closed","ping_status":"open","sticky":false,"template":"","format":"standard","meta":{"_monsterinsights_skip_tracking":false,"_monsterinsights_sitenote_active":false,"_monsterinsights_sitenote_note":"","_monsterinsights_sitenote_category":0,"_price":"","_stock":"","_tribe_ticket_header":"","_tribe_default_ticket_provider":"","_ticket_start_date":"","_ticket_end_date":"","_tribe_ticket_show_description":"","_tribe_ticket_show_not_going":false,"_tribe_ticket_use_global_stock":"","_tribe_ticket_global_stock_level":"","_global_stock_mode":"","_global_stock_cap":"","_tribe_rsvp_for_event":"","_tribe_ticket_going_count":"","_tribe_ticket_not_going_count":"","_tribe_tickets_list":"[]","_tribe_ticket_has_attendee_info_fields":false,"footnotes":""},"categories":[5],"tags":[37,23,25,57,85],"class_list":["post-1306","post","type-post","status-publish","format-standard","hentry","category-fundacion-veron-en-honduras","tag-espana","tag-fundacion-veron","tag-honduras","tag-voluntariado","tag-voluntariado-internacional"],"wpcf_dashboard":"<div class=\"woocommerce\"><div class=\"woocommerce-info\">Please log in first? <a class=\"wpneoShowLogin\" href=\"#\">Click here to login<\/a><\/div><div class=\"wpneo_login_form_div\" style=\"display: none;\"><form name=\"loginform\" id=\"loginform\" action=\"https:\/\/www.fundacionveron.org\/en\/gestion\/\" method=\"post\"><p class=\"login-username\">\n\t\t\t\t<label for=\"user_login\">Username or Email Address<\/label>\n\t\t\t\t<input type=\"text\" name=\"log\" id=\"user_login\" autocomplete=\"username\" class=\"input\" value=\"\" size=\"20\" \/>\n\t\t\t<\/p><p class=\"login-password\">\n\t\t\t\t<label for=\"user_pass\">Password<\/label>\n\t\t\t\t<input type=\"password\" name=\"pwd\" id=\"user_pass\" autocomplete=\"current-password\" spellcheck=\"false\" class=\"input\" value=\"\" size=\"20\" \/>\n\t\t\t<\/p><p class=\"login-remember\"><label><input name=\"rememberme\" type=\"checkbox\" id=\"rememberme\" value=\"forever\" \/> Remember Me<\/label><\/p><p class=\"login-submit\">\n\t\t\t\t<input type=\"submit\" name=\"wp-submit\" id=\"wp-submit\" class=\"button button-primary\" value=\"Log In\" \/>\n\t\t\t\t<input type=\"hidden\" name=\"redirect_to\" value=\"https:\/\/www.fundacionveron.org\/en\/wp-json\/wp\/v2\/posts\/1306\" \/>\n\t\t\t<\/p><\/form><\/div><\/div>","_links":{"self":[{"href":"https:\/\/www.fundacionveron.org\/en\/wp-json\/wp\/v2\/posts\/1306","targetHints":{"allow":["GET"]}}],"collection":[{"href":"https:\/\/www.fundacionveron.org\/en\/wp-json\/wp\/v2\/posts"}],"about":[{"href":"https:\/\/www.fundacionveron.org\/en\/wp-json\/wp\/v2\/types\/post"}],"author":[{"embeddable":true,"href":"https:\/\/www.fundacionveron.org\/en\/wp-json\/wp\/v2\/users\/7"}],"replies":[{"embeddable":true,"href":"https:\/\/www.fundacionveron.org\/en\/wp-json\/wp\/v2\/comments?post=1306"}],"version-history":[{"count":0,"href":"https:\/\/www.fundacionveron.org\/en\/wp-json\/wp\/v2\/posts\/1306\/revisions"}],"wp:attachment":[{"href":"https:\/\/www.fundacionveron.org\/en\/wp-json\/wp\/v2\/media?parent=1306"}],"wp:term":[{"taxonomy":"category","embeddable":true,"href":"https:\/\/www.fundacionveron.org\/en\/wp-json\/wp\/v2\/categories?post=1306"},{"taxonomy":"post_tag","embeddable":true,"href":"https:\/\/www.fundacionveron.org\/en\/wp-json\/wp\/v2\/tags?post=1306"}],"curies":[{"name":"wp","href":"https:\/\/api.w.org\/{rel}","templated":true}]}}